{"id":967,"date":"2022-01-21T15:24:00","date_gmt":"2022-01-21T18:24:00","guid":{"rendered":"https:\/\/fiestanacionaldelchamame.com.ar\/?p=967"},"modified":"2022-01-23T00:29:13","modified_gmt":"2022-01-23T03:29:13","slug":"articulacion-de-acciones-y-proyectos-con-el-ministro-de-cultura-enrique-avogadro","status":"publish","type":"post","link":"https:\/\/fiestanacionaldelchamame.com.ar\/?p=967","title":{"rendered":"Articulaci\u00f3n de acciones y proyectos con el ministro de Cultura Enrique Avogadro"},"content":{"rendered":"\n<p>El ministro de Cultura de la ciudad de Buenos Aires, Enrique Avogadro, lleg\u00f3 hoy a la ciudad de Corrientes y esta noche asistir\u00e1 a la 31\u00aa Fiesta Nacional del Chamam\u00e9. Tiene previsto brindar una conferencia de prensa en el anfiteatro Mario del Tr\u00e1nsito Cocomarola.<\/p>\n\n\n\n<p>El funcionario porte\u00f1o mantuvo una reuni\u00f3n con el gobernador Gustavo Vald\u00e9s y el presidente del Instituto de Cultura, Arq. Gabriel Romero, con quienes dialog\u00f3 sobre los intercambios y experiencias que existen entre Corrientes y Buenos Aires, y se ratific\u00f3 el compromiso de continuar trabajando de manera articulada.<\/p>\n\n\n\n<p>Luego, en la sede del Instituto de Cultura tuvo lugar un encuentro con un grupo de artistas chamameceros con quienes convers\u00f3 sobre los diferentes proyectos en agenda como un ciclo de charlas, un festival de chamam\u00e9 y una segunda etapa del programa Bares Notables, que permitir\u00e1n que los artistas correntinos se presenten en distintos escenarios porte\u00f1os.\u201cVamos a seguir trabajando para afianzar el puente cultural que construimos entre la Ciudad de Buenos Aires y las distintas expresiones art\u00edsticas correntinas\u201d, expres\u00f3 el ministro Enrique Avogadro.<\/p>\n","protected":false},"excerpt":{"rendered":"<p>El ministro de Cultura de la ciudad de Buenos Aires, Enrique Avogadro, lleg\u00f3 hoy a la ciudad de Corrientes y esta noche asistir\u00e1 a la 31\u00aa Fiesta Nacional del Chamam\u00e9. Tiene previsto brindar una conferencia de prensa en el anfiteatro Mario del Tr\u00e1nsito Cocomarola. El funcionario porte\u00f1o mantuvo una reuni\u00f3n con el gobernador Gustavo Vald\u00e9s&#8230;<\/p>\n","protected":false},"author":1,"featured_media":968,"comment_status":"open","ping_status":"closed","sticky":false,"template":"","format":"standard","meta":{"footnotes":""},"categories":[1],"tags":[],"class_list":["post-967","post","type-post","status-publish","format-standard","has-post-thumbnail","hentry","category-noticias"],"_links":{"self":[{"href":"https:\/\/fiestanacionaldelchamame.com.ar\/index.php?rest_route=\/wp\/v2\/posts\/967","targetHints":{"allow":["GET"]}}],"collection":[{"href":"https:\/\/fiestanacionaldelchamame.com.ar\/index.php?rest_route=\/wp\/v2\/posts"}],"about":[{"href":"https:\/\/fiestanacionaldelchamame.com.ar\/index.php?rest_route=\/wp\/v2\/types\/post"}],"author":[{"embeddable":true,"href":"https:\/\/fiestanacionaldelchamame.com.ar\/index.php?rest_route=\/wp\/v2\/users\/1"}],"replies":[{"embeddable":true,"href":"https:\/\/fiestanacionaldelchamame.com.ar\/index.php?rest_route=%2Fwp%2Fv2%2Fcomments&post=967"}],"version-history":[{"count":1,"href":"https:\/\/fiestanacionaldelchamame.com.ar\/index.php?rest_route=\/wp\/v2\/posts\/967\/revisions"}],"predecessor-version":[{"id":969,"href":"https:\/\/fiestanacionaldelchamame.com.ar\/index.php?rest_route=\/wp\/v2\/posts\/967\/revisions\/969"}],"wp:featuredmedia":[{"embeddable":true,"href":"https:\/\/fiestanacionaldelchamame.com.ar\/index.php?rest_route=\/wp\/v2\/media\/968"}],"wp:attachment":[{"href":"https:\/\/fiestanacionaldelchamame.com.ar\/index.php?rest_route=%2Fwp%2Fv2%2Fmedia&parent=967"}],"wp:term":[{"taxonomy":"category","embeddable":true,"href":"https:\/\/fiestanacionaldelchamame.com.ar\/index.php?rest_route=%2Fwp%2Fv2%2Fcategories&post=967"},{"taxonomy":"post_tag","embeddable":true,"href":"https:\/\/fiestanacionaldelchamame.com.ar\/index.php?rest_route=%2Fwp%2Fv2%2Ftags&post=967"}],"curies":[{"name":"wp","href":"https:\/\/api.w.org\/{rel}","templated":true}]}}