{"id":963,"date":"2022-01-21T09:12:00","date_gmt":"2022-01-21T12:12:00","guid":{"rendered":"https:\/\/fiestanacionaldelchamame.com.ar\/?p=963"},"modified":"2022-01-23T00:19:29","modified_gmt":"2022-01-23T03:19:29","slug":"presentacion-del-53-festival-provincial-y-17-festival-nacional-del-autentico-chamame-tradicional","status":"publish","type":"post","link":"https:\/\/fiestanacionaldelchamame.com.ar\/?p=963","title":{"rendered":"Presentaci\u00f3n del 53\u00b0 Festival Provincial y 17\u00b0 Festival Nacional del Aut\u00e9ntico Chamam\u00e9 Tradicional"},"content":{"rendered":"\n<p>En el marco de la 31\u00aa Fiesta Nacional del Chamam\u00e9, se realiz\u00f3 ayer en la carpa de prensa del anfiteatro Mario del Tr\u00e1nsito Cocomarola la presentaci\u00f3n del 53\u00aa Festival Provincial y 17\u00ba Festival Nacional del Aut\u00e9ntico Chamam\u00e9 Tradicional, a desarrollarse del 4 al 6 de febrero en la localidad de Mburucuy\u00e1.<\/p>\n\n\n\n<p>El lanzamiento cont\u00f3 con la presencia del presidente del Instituto de Cultura de Corrientes, Arq. Gabriel Romero, el Director General de la Fiesta Nacional del Chamam\u00e9 Eduardo S\u00edvori, el Intendente de Mburucuy\u00e1, Pablo Guastavino, y los miembros de la comisi\u00f3n directiva del festival Hern\u00e1n Vallejos y Juan Ram\u00f3n &#8216;Topeka&#8221; Gonz\u00e1lez.<\/p>\n\n\n\n<p>El intendente de Mburucuy\u00e1, Pablo Guastavino, agradeci\u00f3 el apoyo del Instituto de Cultura y se\u00f1al\u00f3 que ya se est\u00e1n preparando \u201ccon todo\u201d para recibir al pueblo chamamecero. \u201cEste a\u00f1o, en el presente contexto de pandemia, estamos trabajando en coordinaci\u00f3n con el equipo de Epidemiolog\u00eda del ministerio de Salud P\u00fablica de la Provincia de manera tal de hacer todo lo que corresponde para poder disfrutar del chamam\u00e9 cuid\u00e1ndonos, como est\u00e1 pasando ahora en la Fiesta Nacional del Chamam\u00e9\u201d.<\/p>\n\n\n\n<p>Anticip\u00f3 que se solicitar\u00e1 el pase sanitario (esquema de vacunaci\u00f3n completo) y se controlar\u00e1 en el predio el uso correcto del barbijo.<\/p>\n\n\n\n<p>Tambi\u00e9n anunci\u00f3 que se va a ampliar el per\u00edmetro donde se desarrolla el festival \u201caprovechando que tenemos un camping muy grande y esto nos va a permitir que los espectadores puedan mantener la distancia\u201d, reflej\u00f3 el jefe comunal adem\u00e1s de destacar que se estar\u00e1n inaugurando una serie de obras -entre las que se encuentra una nueva tribuna-, que se llevaron adelante con el acompa\u00f1amiento del Gobierno provincial.<\/p>\n\n\n\n<p>De la comisi\u00f3n directiva del festival, Hernan Vallejos se\u00f1al\u00f3 que se est\u00e1n ultimando los detalles de la grilla y anticip\u00f3 que el viernes 4 se har\u00e1 un homenaje a los ex combatientes y subir\u00e1n al escenario artistas de la talla de Los Alonsitos, Ofelia Leiva, el grupo Irundy, Los Hermanos Britez, Sangre Paiubrera, Chamameceras, entre muchos otros.<\/p>\n\n\n\n<p>Confirm\u00f3 adem\u00e1s que el d\u00eda s\u00e1bado van a hacer un homenaje a F\u00e9lix Ch\u00e1vez y actuar\u00e1n Santiago \u201cBocha\u201d Sheridan, Juancito G\u00fcenaga, Tr\u00e9bol de Ases con Gustavo Miqueri, entre muchos m\u00e1s. En tanto que el domingo actuar\u00e1n Los Imaguar\u00e9, Los Nu\u00f1ez, Chingoli y Mario Bofill, Los Hijos de los Barrios, Los Matu\u00e1 Mercede\u00f1os, Los Chaque\u00f1\u00edsimos Cardozos, y muchos m\u00e1s.<\/p>\n","protected":false},"excerpt":{"rendered":"<p>En el marco de la 31\u00aa Fiesta Nacional del Chamam\u00e9, se realiz\u00f3 ayer en la carpa de prensa del anfiteatro Mario del Tr\u00e1nsito Cocomarola la presentaci\u00f3n del 53\u00aa Festival Provincial y 17\u00ba Festival Nacional del Aut\u00e9ntico Chamam\u00e9 Tradicional, a desarrollarse del 4 al 6 de febrero en la localidad de Mburucuy\u00e1. El lanzamiento cont\u00f3 con&#8230;<\/p>\n","protected":false},"author":1,"featured_media":965,"comment_status":"open","ping_status":"closed","sticky":false,"template":"","format":"standard","meta":{"footnotes":""},"categories":[1],"tags":[],"class_list":["post-963","post","type-post","status-publish","format-standard","has-post-thumbnail","hentry","category-noticias"],"_links":{"self":[{"href":"https:\/\/fiestanacionaldelchamame.com.ar\/index.php?rest_route=\/wp\/v2\/posts\/963","targetHints":{"allow":["GET"]}}],"collection":[{"href":"https:\/\/fiestanacionaldelchamame.com.ar\/index.php?rest_route=\/wp\/v2\/posts"}],"about":[{"href":"https:\/\/fiestanacionaldelchamame.com.ar\/index.php?rest_route=\/wp\/v2\/types\/post"}],"author":[{"embeddable":true,"href":"https:\/\/fiestanacionaldelchamame.com.ar\/index.php?rest_route=\/wp\/v2\/users\/1"}],"replies":[{"embeddable":true,"href":"https:\/\/fiestanacionaldelchamame.com.ar\/index.php?rest_route=%2Fwp%2Fv2%2Fcomments&post=963"}],"version-history":[{"count":1,"href":"https:\/\/fiestanacionaldelchamame.com.ar\/index.php?rest_route=\/wp\/v2\/posts\/963\/revisions"}],"predecessor-version":[{"id":966,"href":"https:\/\/fiestanacionaldelchamame.com.ar\/index.php?rest_route=\/wp\/v2\/posts\/963\/revisions\/966"}],"wp:featuredmedia":[{"embeddable":true,"href":"https:\/\/fiestanacionaldelchamame.com.ar\/index.php?rest_route=\/wp\/v2\/media\/965"}],"wp:attachment":[{"href":"https:\/\/fiestanacionaldelchamame.com.ar\/index.php?rest_route=%2Fwp%2Fv2%2Fmedia&parent=963"}],"wp:term":[{"taxonomy":"category","embeddable":true,"href":"https:\/\/fiestanacionaldelchamame.com.ar\/index.php?rest_route=%2Fwp%2Fv2%2Fcategories&post=963"},{"taxonomy":"post_tag","embeddable":true,"href":"https:\/\/fiestanacionaldelchamame.com.ar\/index.php?rest_route=%2Fwp%2Fv2%2Ftags&post=963"}],"curies":[{"name":"wp","href":"https:\/\/api.w.org\/{rel}","templated":true}]}}