{"id":959,"date":"2022-01-22T11:35:00","date_gmt":"2022-01-22T14:35:00","guid":{"rendered":"https:\/\/fiestanacionaldelchamame.com.ar\/?p=959"},"modified":"2022-01-23T00:10:03","modified_gmt":"2022-01-23T03:10:03","slug":"festival-chamamecero-en-ramada-paso","status":"publish","type":"post","link":"https:\/\/fiestanacionaldelchamame.com.ar\/?p=959","title":{"rendered":"Festival chamamecero en Ramada Paso"},"content":{"rendered":"\n<p>En el Complejo Tur\u00edstico Recreativo Laguna Curuz\u00fa Jaime se realiz\u00f3 el Fog\u00f3n La Enchamigada en el marco de la 31\u00aa Fiesta Nacional del Chamam\u00e9.<\/p>\n\n\n\n<p>El Intendente Municipal, Dr. Salvador Arturo Puyol dio la bienvenida a todos los asistentes para compartir el evento chamamecero, agradeciendo adem\u00e1s la participaci\u00f3n de los m\u00fasicos y grupos de baile.<\/p>\n\n\n\n<p>En primer lugar se present\u00f3 Nacho Acevedo, el joven talento itate\u00f1o que noches atr\u00e1s estuvo en el escenario mayor del anfiteatro Cocomarola en la Fiesta Nacional de Chamam\u00e9.<\/p>\n\n\n\n<p>Luego fue el turno del Ballet Renacer de Itat\u00ed, seguido de la presentaci\u00f3n de la Embajada Playadito y de la gran N\u00e9lida Argentina Zen\u00f3n, quien deleit\u00f3 a los presentes con sus interpretaciones musicales.<\/p>\n\n\n\n<p>Tambi\u00e9n fueron parte de la velada el Ballet Municipal de Itat\u00ed y por primera vez, bailaron los integrantes del Ballet Municipal de Ramada Paso, bajo la direcci\u00f3n del profesor David Gim\u00e9nez.<\/p>\n\n\n\n<p>Reconociendo el trabajo de defensa de nuestra cultura, costumbres y tradiciones el Intendente hizo entrega de una Resoluci\u00f3n Municipal &#8220;De Inter\u00e9s Municipal&#8221; destacando la labor que realiza el Centro Tradicionalista La Enrramada. Como cierre de la jornada estuvieron en el escenario los integrantes de Alma Chamam\u00e9 de la ciudad de Corrientes.<\/p>\n\n\n\n<p>El Fog\u00f3n La Enchamigada fue posible gracias al Gobierno de Corrientes, el Instituto de Cultura de Corrientes y el Municipio de Ramada Paso, y la colaboraci\u00f3n de la Municipalidad de Itat\u00ed y su Intendente Francisco Romero.<\/p>\n","protected":false},"excerpt":{"rendered":"<p>En el Complejo Tur\u00edstico Recreativo Laguna Curuz\u00fa Jaime se realiz\u00f3 el Fog\u00f3n La Enchamigada en el marco de la 31\u00aa Fiesta Nacional del Chamam\u00e9. El Intendente Municipal, Dr. Salvador Arturo Puyol dio la bienvenida a todos los asistentes para compartir el evento chamamecero, agradeciendo adem\u00e1s la participaci\u00f3n de los m\u00fasicos y grupos de baile. En&#8230;<\/p>\n","protected":false},"author":1,"featured_media":960,"comment_status":"open","ping_status":"closed","sticky":false,"template":"","format":"standard","meta":{"footnotes":""},"categories":[1],"tags":[],"class_list":["post-959","post","type-post","status-publish","format-standard","has-post-thumbnail","hentry","category-noticias"],"_links":{"self":[{"href":"https:\/\/fiestanacionaldelchamame.com.ar\/index.php?rest_route=\/wp\/v2\/posts\/959","targetHints":{"allow":["GET"]}}],"collection":[{"href":"https:\/\/fiestanacionaldelchamame.com.ar\/index.php?rest_route=\/wp\/v2\/posts"}],"about":[{"href":"https:\/\/fiestanacionaldelchamame.com.ar\/index.php?rest_route=\/wp\/v2\/types\/post"}],"author":[{"embeddable":true,"href":"https:\/\/fiestanacionaldelchamame.com.ar\/index.php?rest_route=\/wp\/v2\/users\/1"}],"replies":[{"embeddable":true,"href":"https:\/\/fiestanacionaldelchamame.com.ar\/index.php?rest_route=%2Fwp%2Fv2%2Fcomments&post=959"}],"version-history":[{"count":1,"href":"https:\/\/fiestanacionaldelchamame.com.ar\/index.php?rest_route=\/wp\/v2\/posts\/959\/revisions"}],"predecessor-version":[{"id":961,"href":"https:\/\/fiestanacionaldelchamame.com.ar\/index.php?rest_route=\/wp\/v2\/posts\/959\/revisions\/961"}],"wp:featuredmedia":[{"embeddable":true,"href":"https:\/\/fiestanacionaldelchamame.com.ar\/index.php?rest_route=\/wp\/v2\/media\/960"}],"wp:attachment":[{"href":"https:\/\/fiestanacionaldelchamame.com.ar\/index.php?rest_route=%2Fwp%2Fv2%2Fmedia&parent=959"}],"wp:term":[{"taxonomy":"category","embeddable":true,"href":"https:\/\/fiestanacionaldelchamame.com.ar\/index.php?rest_route=%2Fwp%2Fv2%2Fcategories&post=959"},{"taxonomy":"post_tag","embeddable":true,"href":"https:\/\/fiestanacionaldelchamame.com.ar\/index.php?rest_route=%2Fwp%2Fv2%2Ftags&post=959"}],"curies":[{"name":"wp","href":"https:\/\/api.w.org\/{rel}","templated":true}]}}