{"id":956,"date":"2022-01-23T00:02:35","date_gmt":"2022-01-23T03:02:35","guid":{"rendered":"https:\/\/fiestanacionaldelchamame.com.ar\/?p=956"},"modified":"2022-01-23T00:04:54","modified_gmt":"2022-01-23T03:04:54","slug":"presentaron-el-trailer-de-chamamecero-nuestra-manera-de-ser","status":"publish","type":"post","link":"https:\/\/fiestanacionaldelchamame.com.ar\/?p=956","title":{"rendered":"Presentaron el tr\u00e1iler de \u201cChamamecero: nuestra manera de ser\u201d"},"content":{"rendered":"\n<p>En el marco de la 31\u00aa Fiesta Nacional del Chamam\u00e9 se present\u00f3 el tr\u00e1iler de la serie documental \u201cChamamecero: nuestra manera de ser\u201d, en el auditorio Juli\u00e1n Zini del Banco de Corrientes.<\/p>\n\n\n\n<p>Se trata de una serie documental que nos cuenta c\u00f3mo se ha ido configurando, a lo largo de la historia, la identidad cultural del sujeto portador del chamam\u00e9, reconocido por la UNESCO, como Patrimonio Cultural Inmaterial de la Humanidad.<\/p>\n\n\n\n<p>En 10 episodios Julio C\u00e1ceres, Luis Moulin, Cayo Fern\u00e1ndez y Facundo Vallejos Yunes realizan un recorrido hist\u00f3rico presentando una mirada que nos permitir\u00e1 entender por qu\u00e9 el Ser de esta regi\u00f3n, tiene este particular modo de ver el mundo y la vida llamado \u00d1anderek\u00f3.<\/p>\n\n\n\n<p>Con el testimonio de sus portadores m\u00e1s directos: m\u00fasicos, bailarines, poetas y aficionados, y el sustento te\u00f3rico de especialistas y acad\u00e9micos que estudian y plantean diferentes hip\u00f3tesis acerca del fen\u00f3meno, dejan a merced del p\u00fablico un&nbsp; bagaje de conocimientos que ayudar\u00e1 sin dudas a entender al chamam\u00e9 como la expresi\u00f3n de una comunidad que recupera la memoria ancestral y originaria y el devenir de la historia para dar vida al chamamecero.<\/p>\n\n\n\n<p>El presidente del Instituto de Cultura, Arq. Gabriel Romero, invit\u00f3 a disfrutar del tr\u00e1iler oficial de la nueva serie documental &#8220;Chamamecero: Nuestra Manera de Ser&#8221; en 4K \u201cdesde la comodidad de tu casa. \u00a1Espero que les guste!\u201d, expres\u00f3.<\/p>\n\n\n\n<p>Lo podes ver, a trav\u00e9s del siguiente link:<\/p>\n\n\n\n<figure class=\"wp-block-embed is-type-video is-provider-youtube wp-block-embed-youtube wp-embed-aspect-16-9 wp-has-aspect-ratio\"><div class=\"wp-block-embed__wrapper\">\n<iframe title=\"Chamamecero: Nuestra Manera de Ser -  Primera temporada (Trailer oficial)\" width=\"640\" height=\"360\" src=\"https:\/\/www.youtube.com\/embed\/6tMrZfEmeJ0?feature=oembed\" frameborder=\"0\" allow=\"accelerometer; autoplay; clipboard-write; encrypted-media; gyroscope; picture-in-picture; web-share\" referrerpolicy=\"strict-origin-when-cross-origin\" allowfullscreen><\/iframe>\n<\/div><\/figure>\n","protected":false},"excerpt":{"rendered":"<p>En el marco de la 31\u00aa Fiesta Nacional del Chamam\u00e9 se present\u00f3 el tr\u00e1iler de la serie documental \u201cChamamecero: nuestra manera de ser\u201d, en el auditorio Juli\u00e1n Zini del Banco de Corrientes. Se trata de una serie documental que nos cuenta c\u00f3mo se ha ido configurando, a lo largo de la historia, la identidad cultural&#8230;<\/p>\n","protected":false},"author":1,"featured_media":957,"comment_status":"open","ping_status":"closed","sticky":false,"template":"","format":"standard","meta":{"footnotes":""},"categories":[1],"tags":[],"class_list":["post-956","post","type-post","status-publish","format-standard","has-post-thumbnail","hentry","category-noticias"],"_links":{"self":[{"href":"https:\/\/fiestanacionaldelchamame.com.ar\/index.php?rest_route=\/wp\/v2\/posts\/956","targetHints":{"allow":["GET"]}}],"collection":[{"href":"https:\/\/fiestanacionaldelchamame.com.ar\/index.php?rest_route=\/wp\/v2\/posts"}],"about":[{"href":"https:\/\/fiestanacionaldelchamame.com.ar\/index.php?rest_route=\/wp\/v2\/types\/post"}],"author":[{"embeddable":true,"href":"https:\/\/fiestanacionaldelchamame.com.ar\/index.php?rest_route=\/wp\/v2\/users\/1"}],"replies":[{"embeddable":true,"href":"https:\/\/fiestanacionaldelchamame.com.ar\/index.php?rest_route=%2Fwp%2Fv2%2Fcomments&post=956"}],"version-history":[{"count":1,"href":"https:\/\/fiestanacionaldelchamame.com.ar\/index.php?rest_route=\/wp\/v2\/posts\/956\/revisions"}],"predecessor-version":[{"id":958,"href":"https:\/\/fiestanacionaldelchamame.com.ar\/index.php?rest_route=\/wp\/v2\/posts\/956\/revisions\/958"}],"wp:featuredmedia":[{"embeddable":true,"href":"https:\/\/fiestanacionaldelchamame.com.ar\/index.php?rest_route=\/wp\/v2\/media\/957"}],"wp:attachment":[{"href":"https:\/\/fiestanacionaldelchamame.com.ar\/index.php?rest_route=%2Fwp%2Fv2%2Fmedia&parent=956"}],"wp:term":[{"taxonomy":"category","embeddable":true,"href":"https:\/\/fiestanacionaldelchamame.com.ar\/index.php?rest_route=%2Fwp%2Fv2%2Fcategories&post=956"},{"taxonomy":"post_tag","embeddable":true,"href":"https:\/\/fiestanacionaldelchamame.com.ar\/index.php?rest_route=%2Fwp%2Fv2%2Ftags&post=956"}],"curies":[{"name":"wp","href":"https:\/\/api.w.org\/{rel}","templated":true}]}}