{"id":953,"date":"2022-01-20T07:53:00","date_gmt":"2022-01-20T10:53:00","guid":{"rendered":"https:\/\/fiestanacionaldelchamame.com.ar\/?p=953"},"modified":"2022-01-20T23:57:29","modified_gmt":"2022-01-21T02:57:29","slug":"merecido-homenaje-y-entrega-de-distincion-al-poeta-cacho-gonzalez-vedoya","status":"publish","type":"post","link":"https:\/\/fiestanacionaldelchamame.com.ar\/?p=953","title":{"rendered":"Merecido homenaje y entrega de distinci\u00f3n al poeta Cacho Gonz\u00e1lez Vedoya"},"content":{"rendered":"\n<p>En el marco de la 31\u00aa Fiesta Nacional del Chamam\u00e9, se realiz\u00f3 hoy a la ma\u00f1ana un emotivo homenaje al gran poeta Cacho Gonz\u00e1lez Vedoya. El acto se desarroll\u00f3 en el auditorio \u201cJuli\u00e1n Zini\u201d del Banco de Corrientes, y cont\u00f3 con la presencia de autoridades provinciales, municipales y un importante n\u00famero de poetas y m\u00fasicos. El autor nacido en Itat\u00ed recibi\u00f3 la distinci\u00f3n de honor Libertador Gral. San Mart\u00edn por su valioso aporte a la cultura correntina.<\/p>\n\n\n\n<p>El vicegobernador de la provincia de Corrientes, doctor N\u00e9stor Braillard Poccard presidi\u00f3 el homenaje al poeta y autor de letras Juan Genaro \u201cCacho\u201d Gonz\u00e1lez Vedoya por su generoso aporte a nuestra cultura, en el marco de la 31\u00b0 Fiesta Nacional del Chamam\u00e9, 17\u00aa Fiesta del Chamam\u00e9 del MERCOSUR y 1\u00b0 Celebraci\u00f3n Mundial.<\/p>\n\n\n\n<p>El acto se concret\u00f3 en el sal\u00f3n auditorio \u201cJuli\u00e1n Zini\u201d del Banco de Corriente y estuvo acompa\u00f1ado por el presidente del Instituto de Cultura, Arq. Gabriel Romero, el director general de la Fiesta Nacional del Chamam\u00e9,&nbsp; Eduardo S\u00edvori, el presidente de la Fundaci\u00f3n \u201cMemoria del chamam\u00e9\u201d Juan Pedro Zubieta, legisladores provinciales, concejales, directores de Cultura de San Luis del Palmar y Gobernador Virasoro, y personalidades de la cultura.<\/p>\n\n\n\n<p>En un emotivo homenaje, \u201cCacho\u201d Gonz\u00e1lez Vedoya recibi\u00f3 de manos del Vicegobernador, el m\u00e1ximo galard\u00f3n del Senado provincial \u201cDistinci\u00f3n de Honor Libertador General San Mart\u00edn\u201d y una estatuilla realizada por el artista Mauro Santamar\u00eda.<\/p>\n\n\n\n<p>En su alocuci\u00f3n, el doctor Braillard Poccard se\u00f1al\u00f3 que \u201cel chamam\u00e9 est\u00e1 ligado a los mejores recuerdos de mi ni\u00f1ez, cuando mi madre, cuya una de sus pasiones es la guitarra, nos juntaba a todos nosotros y tocaba chamam\u00e9\u201d, comparti\u00f3. En este sentido resalt\u00f3 \u201ceste privilegio que nos toca a esta generaci\u00f3n y tambi\u00e9n el compromiso, tiene que ver con el reconocimiento que est\u00e1 teniendo el chamam\u00e9 a nivel mundial, fundamentalmente con la declaraci\u00f3n como Patrimonio Cultural Inmaterial de la Humanidad\u201d.<\/p>\n\n\n\n<p>Asimismo destac\u00f3 que se conozca el chamam\u00e9 \u201ces m\u00e9rito de los artistas, de los poetas, de los m\u00fasicos que son los que a trav\u00e9s de los a\u00f1os fueron aportando su creatividad, su talento\u201d, resalt\u00f3.<\/p>\n\n\n\n<p>Como corolario, el presidente del Senado expres\u00f3 \u201cno solamente hoy hacemos la entrega de la mayor distinci\u00f3n \u201cLibertador General San Mart\u00edn\u201d a Cacho Gonz\u00e1lez Vedoya, sino que adem\u00e1s tengo el compromiso y la decisi\u00f3n de continuar con esta tarea para las generaciones que vienen\u201d, remarc\u00f3 anticipando que el taller \u201cMartha Quiles\u201d continuar\u00e1 en el presente a\u00f1o.<\/p>\n\n\n\n<p>\u201cEse volumen de conocimiento, de talento que tanto Pocho Roch como Gonz\u00e1lez Vedoya nos han legado, tiene que seguir volc\u00e1ndose a los nuevos talentos\u201d, afirm\u00f3 a la vez que dijo \u201ces un honor para m\u00ed poder hacer entrega de esta distinci\u00f3n a Gonz\u00e1lez Vedoya. Muchas gracias por todo lo que hace\u201d.<\/p>\n\n\n\n<p>El presidente del Instituto de Cultura, Gabriel Romero, expres\u00f3 que \u201ces un gusto poder acompa\u00f1ar esta iniciativa de la vicegobernaci\u00f3n, articulando acciones que ayudan a mantener vivo el aporte de Cacho Gonz\u00e1lez Vedoya y Marta Quiles. Apoyamos este tipo de propuestas que contribuyen a que la Fiesta Nacional del Chamam\u00e9 no sea s\u00f3lo lo que ocurre en un escenario\u201d, sostuvo.<\/p>\n\n\n\n<p>El evento cont\u00f3 con la intervenci\u00f3n del acordeonista Pablo Bentos y la guitarra y voz de Sim\u00f3n Oberti. La sorpresa art\u00edstica fue de parte del guitarrista, autor y compositor Arnaldo \u201cAldy\u201d Balestra quien interpret\u00f3 temas de la autor\u00eda de \u201cCacho\u201d.<\/p>\n\n\n\n<p>El autor de \u201cPor Santa Rosa me voy al r\u00edo\u201d, \u201cEl patio\u201d, \u201cNaty Campanero\u201d, \u201cS\u00edntesis el barrilero\u201d, \u201cCamino de Santa Ana\u201d con la voz quebrada, se mostr\u00f3 agradecido y emocionado por el reconocimiento.<\/p>\n\n\n\n<p><strong>Taller \u201cMartha Quiles\u201d<\/strong><\/p>\n\n\n\n<p>En el marco del homenaje al poeta itate\u00f1o, se present\u00f3 el material discogr\u00e1fico como s\u00edntesis de lo que fue el trabajo en el Taller de Poes\u00eda y Composici\u00f3n musical \u201cMartha Quiles\u201d. El mismo fue dictado durante el 2021 por \u201cCacho\u201d Gonz\u00e1lez Vedoya junto a Marta Vidoni.<\/p>\n\n\n\n<p>Asistieron 82 poetas, escritores, docentes y aficionados a Chamam\u00e9, de Mercedes, Ca\u00e1 Cat\u00ed, San Luis del Palmar, Goya, Corrientes y de Brasil. El equipo de producci\u00f3n de este taller estuvo a cargo de Gonz\u00e1lez Vedoya, Lara Gonz\u00e1lez Vedoya, Sim\u00f3n Oberti y Marta Vidoni.<\/p>\n","protected":false},"excerpt":{"rendered":"<p>En el marco de la 31\u00aa Fiesta Nacional del Chamam\u00e9, se realiz\u00f3 hoy a la ma\u00f1ana un emotivo homenaje al gran poeta Cacho Gonz\u00e1lez Vedoya. El acto se desarroll\u00f3 en el auditorio \u201cJuli\u00e1n Zini\u201d del Banco de Corrientes, y cont\u00f3 con la presencia de autoridades provinciales, municipales y un importante n\u00famero de poetas y m\u00fasicos&#8230;.<\/p>\n","protected":false},"author":1,"featured_media":954,"comment_status":"open","ping_status":"closed","sticky":false,"template":"","format":"standard","meta":{"footnotes":""},"categories":[1],"tags":[],"class_list":["post-953","post","type-post","status-publish","format-standard","has-post-thumbnail","hentry","category-noticias"],"_links":{"self":[{"href":"https:\/\/fiestanacionaldelchamame.com.ar\/index.php?rest_route=\/wp\/v2\/posts\/953","targetHints":{"allow":["GET"]}}],"collection":[{"href":"https:\/\/fiestanacionaldelchamame.com.ar\/index.php?rest_route=\/wp\/v2\/posts"}],"about":[{"href":"https:\/\/fiestanacionaldelchamame.com.ar\/index.php?rest_route=\/wp\/v2\/types\/post"}],"author":[{"embeddable":true,"href":"https:\/\/fiestanacionaldelchamame.com.ar\/index.php?rest_route=\/wp\/v2\/users\/1"}],"replies":[{"embeddable":true,"href":"https:\/\/fiestanacionaldelchamame.com.ar\/index.php?rest_route=%2Fwp%2Fv2%2Fcomments&post=953"}],"version-history":[{"count":1,"href":"https:\/\/fiestanacionaldelchamame.com.ar\/index.php?rest_route=\/wp\/v2\/posts\/953\/revisions"}],"predecessor-version":[{"id":955,"href":"https:\/\/fiestanacionaldelchamame.com.ar\/index.php?rest_route=\/wp\/v2\/posts\/953\/revisions\/955"}],"wp:featuredmedia":[{"embeddable":true,"href":"https:\/\/fiestanacionaldelchamame.com.ar\/index.php?rest_route=\/wp\/v2\/media\/954"}],"wp:attachment":[{"href":"https:\/\/fiestanacionaldelchamame.com.ar\/index.php?rest_route=%2Fwp%2Fv2%2Fmedia&parent=953"}],"wp:term":[{"taxonomy":"category","embeddable":true,"href":"https:\/\/fiestanacionaldelchamame.com.ar\/index.php?rest_route=%2Fwp%2Fv2%2Fcategories&post=953"},{"taxonomy":"post_tag","embeddable":true,"href":"https:\/\/fiestanacionaldelchamame.com.ar\/index.php?rest_route=%2Fwp%2Fv2%2Ftags&post=953"}],"curies":[{"name":"wp","href":"https:\/\/api.w.org\/{rel}","templated":true}]}}