{"id":950,"date":"2022-01-20T11:51:00","date_gmt":"2022-01-20T14:51:00","guid":{"rendered":"https:\/\/fiestanacionaldelchamame.com.ar\/?p=950"},"modified":"2022-01-20T23:52:16","modified_gmt":"2022-01-21T02:52:16","slug":"testimonios-de-la-centenaria-peregrinacion-en-el-libro-san-luisito-peregrino","status":"publish","type":"post","link":"https:\/\/fiestanacionaldelchamame.com.ar\/?p=950","title":{"rendered":"Testimonios de la centenaria peregrinaci\u00f3n en el libro \u201cSan Luisito Peregrino\u201d"},"content":{"rendered":"\n<p>Organizado por el Gobierno de la Provincia, a trav\u00e9s del Instituto de Cultura de Corrientes, se realiz\u00f3 hoy a la ma\u00f1ana en el hall del Teatro Vera la presentaci\u00f3n del libro \u201cSan Luisito Peregrino\u201d de Joaqu\u00edn Chingolo Ver\u00f3n. Un valioso material para recordar, aprender y visibilizar nuestra centenaria peregrinaci\u00f3n, hoy Patrimonio Cultural Inmaterial de la Provincia de Corrientes.<\/p>\n\n\n\n<p>Esta actividad se llev\u00f3 adelante en el marco de la 31\u00aa Fiesta Nacional del Chamam\u00e9, y cont\u00f3 con la participaci\u00f3n del autor del libro Chingolo Ver\u00f3n, el padre Epifanio Barrios, el cocinero de la peregrinaci\u00f3n Toti Zacar\u00edas y Carmen Ver\u00f3n dando testimonio de su milagro, escoltados por las im\u00e1genes de San Luisito y de la Virgen de Itat\u00ed.<\/p>\n\n\n\n<p>La presentaci\u00f3n se llev\u00f3 adelante con la conducci\u00f3n de Jos\u00e9 Luis Mambr\u00edn, tuvo momentos musicales con el padre Luis Molina acompa\u00f1ado de Ivan Playuk y el recitado del poema &#8220;Peregrinar&#8221; del padre Oscar Barrios por Manuel Ver\u00f3n, y Moncho Chaz acompa\u00f1ado por William Sena.<\/p>\n\n\n\n<p>Un encuentro cultural donde no falt\u00f3 el baile y la m\u00fasica, adem\u00e1s de una exposici\u00f3n y testimonios de los caminantes y, por supuesto, el av\u00edo del peregrino con exhibici\u00f3n y degustaci\u00f3n de comidas t\u00edpicas.<\/p>\n\n\n\n<p>El broche de oro lleg\u00f3 con la sorpresiva visita del m\u00fasico Lito Vitale, que escuch\u00f3 atentamente a Moncho Chaz y William Sena, prob\u00f3 las delicias de Toti Zacar\u00edas, y anticip\u00f3 la presentaci\u00f3n junto con su compa\u00f1ero musical Juan Carlos Baglietto esta noche en el anfiteatro Cocomarola.<\/p>\n","protected":false},"excerpt":{"rendered":"<p>Organizado por el Gobierno de la Provincia, a trav\u00e9s del Instituto de Cultura de Corrientes, se realiz\u00f3 hoy a la ma\u00f1ana en el hall del Teatro Vera la presentaci\u00f3n del libro \u201cSan Luisito Peregrino\u201d de Joaqu\u00edn Chingolo Ver\u00f3n. Un valioso material para recordar, aprender y visibilizar nuestra centenaria peregrinaci\u00f3n, hoy Patrimonio Cultural Inmaterial de la&#8230;<\/p>\n","protected":false},"author":1,"featured_media":951,"comment_status":"open","ping_status":"closed","sticky":false,"template":"","format":"standard","meta":{"footnotes":""},"categories":[1],"tags":[],"class_list":["post-950","post","type-post","status-publish","format-standard","has-post-thumbnail","hentry","category-noticias"],"_links":{"self":[{"href":"https:\/\/fiestanacionaldelchamame.com.ar\/index.php?rest_route=\/wp\/v2\/posts\/950","targetHints":{"allow":["GET"]}}],"collection":[{"href":"https:\/\/fiestanacionaldelchamame.com.ar\/index.php?rest_route=\/wp\/v2\/posts"}],"about":[{"href":"https:\/\/fiestanacionaldelchamame.com.ar\/index.php?rest_route=\/wp\/v2\/types\/post"}],"author":[{"embeddable":true,"href":"https:\/\/fiestanacionaldelchamame.com.ar\/index.php?rest_route=\/wp\/v2\/users\/1"}],"replies":[{"embeddable":true,"href":"https:\/\/fiestanacionaldelchamame.com.ar\/index.php?rest_route=%2Fwp%2Fv2%2Fcomments&post=950"}],"version-history":[{"count":1,"href":"https:\/\/fiestanacionaldelchamame.com.ar\/index.php?rest_route=\/wp\/v2\/posts\/950\/revisions"}],"predecessor-version":[{"id":952,"href":"https:\/\/fiestanacionaldelchamame.com.ar\/index.php?rest_route=\/wp\/v2\/posts\/950\/revisions\/952"}],"wp:featuredmedia":[{"embeddable":true,"href":"https:\/\/fiestanacionaldelchamame.com.ar\/index.php?rest_route=\/wp\/v2\/media\/951"}],"wp:attachment":[{"href":"https:\/\/fiestanacionaldelchamame.com.ar\/index.php?rest_route=%2Fwp%2Fv2%2Fmedia&parent=950"}],"wp:term":[{"taxonomy":"category","embeddable":true,"href":"https:\/\/fiestanacionaldelchamame.com.ar\/index.php?rest_route=%2Fwp%2Fv2%2Fcategories&post=950"},{"taxonomy":"post_tag","embeddable":true,"href":"https:\/\/fiestanacionaldelchamame.com.ar\/index.php?rest_route=%2Fwp%2Fv2%2Ftags&post=950"}],"curies":[{"name":"wp","href":"https:\/\/api.w.org\/{rel}","templated":true}]}}