{"id":935,"date":"2022-01-17T11:12:00","date_gmt":"2022-01-17T14:12:00","guid":{"rendered":"https:\/\/fiestanacionaldelchamame.com.ar\/?p=935"},"modified":"2022-01-19T23:16:54","modified_gmt":"2022-01-20T02:16:54","slug":"la-vicegobernacion-de-corrientes-rendira-homenaje-a-cacho-gonzalez-vedoya","status":"publish","type":"post","link":"https:\/\/fiestanacionaldelchamame.com.ar\/?p=935","title":{"rendered":"La Vicegobernaci\u00f3n de Corrientes rendir\u00e1 homenaje a Cacho Gonz\u00e1lez Vedoya"},"content":{"rendered":"\n<p>El pr\u00f3ximo jueves 20 de enero a las 11, en el marco de las actividades por la 31\u00aa Fiesta Nacional del Chamam\u00e9, 17\u00aa Fiesta del Chamam\u00e9 del MERCOSUR y 1\u00aa Celebraci\u00f3n Mundial, desde la Vicegobernaci\u00f3n de la Provincia de Corrientes destacar\u00e1n la obra del poeta y autor de letras en el sal\u00f3n auditorio Juli\u00e1n Zini del Banco de Corrientes.<\/p>\n\n\n\n<p>Con el acompa\u00f1amiento del vicegobernador Pedro Braillard Poccard, se rendir\u00e1 un homenaje al poeta y autor de letras Cacho Gonz\u00e1lez Vedoya en el sal\u00f3n auditorio Juli\u00e1n Zini del Banco de Corrientes el pr\u00f3ximo jueves 20 de enero a las 11.<\/p>\n\n\n\n<p>Vale recordar que el a\u00f1o pasado Gonz\u00e1lez Vedoya encabez\u00f3 un taller de poes\u00eda chamamecera denominado \u201cMartha Quiles\u201d en honor a la escritora sanluise\u00f1a. El taller se dict\u00f3 de manera virtual por los cuidados ante la pandemia y formaron parte de las actividades impulsadas por el \u00e1rea de cultura de la Vicegobernaci\u00f3n. El mismo signific\u00f3 un espacio de encuentro entre los escritores y compositores con quienes aman el chamam\u00e9 y le dan trascendencia a trav\u00e9s de las letras.<\/p>\n\n\n\n<p>\u201cComo trabajo final se le propuso a los talleristas, tanto autores como compositores, realizar con una misma melod\u00eda diferentes letras, conformar canciones variadas con su visi\u00f3n ya sea de sentimientos, paisajes, la familia\u201d, coment\u00f3 Marta Vidoni. A su vez se les indic\u00f3 usar la melod\u00eda del tema Merceditas para que cada uno le d\u00e9 la m\u00e9trica adecuada y se grab\u00f3 con la intervenci\u00f3n del acordeonista Pablo Bentos y la guitarra y voz de Sim\u00f3n Oberti. Los trabajos ser\u00e1n presentados en el sal\u00f3n auditorio \u201cJuli\u00e1n Zini\u201d el d\u00eda del homenaje.<\/p>\n\n\n\n<p>El equipo de producci\u00f3n de este taller, que tendr\u00e1 su corolario con el reconocimiento del pr\u00f3ximo 20 de enero, estuvo a cargo de Gonz\u00e1lez Vedoya, Lara Gonz\u00e1lez Vedoya, Sim\u00f3n Oberti y Marta Vidoni.<\/p>\n\n\n\n<p><\/p>\n","protected":false},"excerpt":{"rendered":"<p>El pr\u00f3ximo jueves 20 de enero a las 11, en el marco de las actividades por la 31\u00aa Fiesta Nacional del Chamam\u00e9, 17\u00aa Fiesta del Chamam\u00e9 del MERCOSUR y 1\u00aa Celebraci\u00f3n Mundial, desde la Vicegobernaci\u00f3n de la Provincia de Corrientes destacar\u00e1n la obra del poeta y autor de letras en el sal\u00f3n auditorio Juli\u00e1n Zini&#8230;<\/p>\n","protected":false},"author":1,"featured_media":936,"comment_status":"open","ping_status":"closed","sticky":false,"template":"","format":"standard","meta":{"footnotes":""},"categories":[1],"tags":[],"class_list":["post-935","post","type-post","status-publish","format-standard","has-post-thumbnail","hentry","category-noticias"],"_links":{"self":[{"href":"https:\/\/fiestanacionaldelchamame.com.ar\/index.php?rest_route=\/wp\/v2\/posts\/935","targetHints":{"allow":["GET"]}}],"collection":[{"href":"https:\/\/fiestanacionaldelchamame.com.ar\/index.php?rest_route=\/wp\/v2\/posts"}],"about":[{"href":"https:\/\/fiestanacionaldelchamame.com.ar\/index.php?rest_route=\/wp\/v2\/types\/post"}],"author":[{"embeddable":true,"href":"https:\/\/fiestanacionaldelchamame.com.ar\/index.php?rest_route=\/wp\/v2\/users\/1"}],"replies":[{"embeddable":true,"href":"https:\/\/fiestanacionaldelchamame.com.ar\/index.php?rest_route=%2Fwp%2Fv2%2Fcomments&post=935"}],"version-history":[{"count":1,"href":"https:\/\/fiestanacionaldelchamame.com.ar\/index.php?rest_route=\/wp\/v2\/posts\/935\/revisions"}],"predecessor-version":[{"id":937,"href":"https:\/\/fiestanacionaldelchamame.com.ar\/index.php?rest_route=\/wp\/v2\/posts\/935\/revisions\/937"}],"wp:featuredmedia":[{"embeddable":true,"href":"https:\/\/fiestanacionaldelchamame.com.ar\/index.php?rest_route=\/wp\/v2\/media\/936"}],"wp:attachment":[{"href":"https:\/\/fiestanacionaldelchamame.com.ar\/index.php?rest_route=%2Fwp%2Fv2%2Fmedia&parent=935"}],"wp:term":[{"taxonomy":"category","embeddable":true,"href":"https:\/\/fiestanacionaldelchamame.com.ar\/index.php?rest_route=%2Fwp%2Fv2%2Fcategories&post=935"},{"taxonomy":"post_tag","embeddable":true,"href":"https:\/\/fiestanacionaldelchamame.com.ar\/index.php?rest_route=%2Fwp%2Fv2%2Ftags&post=935"}],"curies":[{"name":"wp","href":"https:\/\/api.w.org\/{rel}","templated":true}]}}