{"id":932,"date":"2022-01-17T11:11:00","date_gmt":"2022-01-17T14:11:00","guid":{"rendered":"https:\/\/fiestanacionaldelchamame.com.ar\/?p=932"},"modified":"2022-01-19T23:12:17","modified_gmt":"2022-01-20T02:12:17","slug":"presentacion-del-libro-partiturasen-casa-nandereko","status":"publish","type":"post","link":"https:\/\/fiestanacionaldelchamame.com.ar\/?p=932","title":{"rendered":"Presentaci\u00f3n del libro \u201cPartituras&#8221;en Casa \u00d1anderek\u00f3"},"content":{"rendered":"\n<p>El Instituto de Cultura de Corrientes invita al p\u00fablico a recorrer las dos muestras habilitadas en la Casa \u00d1anderek\u00f3, centro de interpretaci\u00f3n de chamam\u00e9 y carnaval (25 de Mayo 1141). Una dedicada a la vida y obra de Salvador Miqueri y otra en honor de Isaco Abitbol. Adem\u00e1s a las 18 todos los d\u00edas se ofrecen clases para aprender a bailar chamam\u00e9, y a las 19,30, se presentar\u00e1n libros.<\/p>\n\n\n\n<p>Este lunes 17 de enero, a las 19,30, se presentar\u00e1 \u201cPartituras\u201d de Nicol\u00e1s Antonio Niz.<\/p>\n\n\n\n<p>Las partituras de chamam\u00e9 son muy requeridas en estos tiempos en que el g\u00e9nero&nbsp; est\u00e1 siendo conocido en otros ambientes y geograf\u00edas, especialmente a partir de la&nbsp; labor de nuestros artistas que han hecho conocido el chamam\u00e9 en el mundo y&nbsp; naturalmente a partir de la declaraci\u00f3n de patrimonio de la UNESCO.<\/p>\n\n\n\n<p>El Dr. Miguel Sussini, guitarrista egresado del Conservatorio &#8220;Manuel de Falla&#8221;,&nbsp; acerc\u00f3 a la &#8220;Fundaci\u00f3n Memoria del Chamam\u00e9&#8221;, 10 arreglos para guitarra solista de&nbsp; uno de los m\u00e1ximos exponentes de ese instrumento, Nicol\u00e1s Antonio Niz, con el&nbsp; que la &#8220;Fundaci\u00f3n&#8221; ha compilado un \u00e1lbum de partituras que cuenta adem\u00e1s con&nbsp; im\u00e1genes, rese\u00f1a del artista y de las obras elegidas, lo que constituye un valioso&nbsp; material de estudio pero tambi\u00e9n un preciado objeto de colecci\u00f3n, dada la figura de &#8220;La Guitarra Mayor del Chamam\u00e9&#8221;.<\/p>\n","protected":false},"excerpt":{"rendered":"<p>El Instituto de Cultura de Corrientes invita al p\u00fablico a recorrer las dos muestras habilitadas en la Casa \u00d1anderek\u00f3, centro de interpretaci\u00f3n de chamam\u00e9 y carnaval (25 de Mayo 1141). Una dedicada a la vida y obra de Salvador Miqueri y otra en honor de Isaco Abitbol. Adem\u00e1s a las 18 todos los d\u00edas se&#8230;<\/p>\n","protected":false},"author":1,"featured_media":933,"comment_status":"open","ping_status":"closed","sticky":false,"template":"","format":"standard","meta":{"footnotes":""},"categories":[1],"tags":[],"class_list":["post-932","post","type-post","status-publish","format-standard","has-post-thumbnail","hentry","category-noticias"],"_links":{"self":[{"href":"https:\/\/fiestanacionaldelchamame.com.ar\/index.php?rest_route=\/wp\/v2\/posts\/932","targetHints":{"allow":["GET"]}}],"collection":[{"href":"https:\/\/fiestanacionaldelchamame.com.ar\/index.php?rest_route=\/wp\/v2\/posts"}],"about":[{"href":"https:\/\/fiestanacionaldelchamame.com.ar\/index.php?rest_route=\/wp\/v2\/types\/post"}],"author":[{"embeddable":true,"href":"https:\/\/fiestanacionaldelchamame.com.ar\/index.php?rest_route=\/wp\/v2\/users\/1"}],"replies":[{"embeddable":true,"href":"https:\/\/fiestanacionaldelchamame.com.ar\/index.php?rest_route=%2Fwp%2Fv2%2Fcomments&post=932"}],"version-history":[{"count":1,"href":"https:\/\/fiestanacionaldelchamame.com.ar\/index.php?rest_route=\/wp\/v2\/posts\/932\/revisions"}],"predecessor-version":[{"id":934,"href":"https:\/\/fiestanacionaldelchamame.com.ar\/index.php?rest_route=\/wp\/v2\/posts\/932\/revisions\/934"}],"wp:featuredmedia":[{"embeddable":true,"href":"https:\/\/fiestanacionaldelchamame.com.ar\/index.php?rest_route=\/wp\/v2\/media\/933"}],"wp:attachment":[{"href":"https:\/\/fiestanacionaldelchamame.com.ar\/index.php?rest_route=%2Fwp%2Fv2%2Fmedia&parent=932"}],"wp:term":[{"taxonomy":"category","embeddable":true,"href":"https:\/\/fiestanacionaldelchamame.com.ar\/index.php?rest_route=%2Fwp%2Fv2%2Fcategories&post=932"},{"taxonomy":"post_tag","embeddable":true,"href":"https:\/\/fiestanacionaldelchamame.com.ar\/index.php?rest_route=%2Fwp%2Fv2%2Ftags&post=932"}],"curies":[{"name":"wp","href":"https:\/\/api.w.org\/{rel}","templated":true}]}}