{"id":929,"date":"2022-01-17T10:30:00","date_gmt":"2022-01-17T13:30:00","guid":{"rendered":"https:\/\/fiestanacionaldelchamame.com.ar\/?p=929"},"modified":"2022-01-19T23:06:51","modified_gmt":"2022-01-20T02:06:51","slug":"cine-chamamecero-en-el-auditorio-julian-zini","status":"publish","type":"post","link":"https:\/\/fiestanacionaldelchamame.com.ar\/?p=929","title":{"rendered":"Cine chamamecero en el auditorio Juli\u00e1n Zini"},"content":{"rendered":"\n<p>Organizado por el Gobierno de la Provincia, a trav\u00e9s del Instituto de Cultura de Corrientes, vuelve el ciclo de Cine Chamamecero en su 11 edici\u00f3n y siempre acompa\u00f1ando el desarrollo de la Fiesta Nacional del Chamam\u00e9. El mismo es hist\u00f3ricamente realizado por el Dpto. de Cine dependiente de la Direcci\u00f3n de Artes Esc\u00e9nicas, M\u00fasica y Artes Audiovisuales del Instituto de Cultura.<\/p>\n\n\n\n<p>Se trata de cuatro propuestas que ser\u00e1n presentadas en el auditorio Juli\u00e1n Zini en el nuevo edificio del Banco de Corrientes, que funciona en el Centro Administrativo Corrientes.<\/p>\n\n\n\n<p>Desde las 18, ser\u00e1n proyectadas cuatro pel\u00edculas centradas en m\u00fasicos de nuestro g\u00e9nero. Iniciar\u00e1 este lunes 17 de enero con &#8220;La voz del viento&#8221; que posa su atenci\u00f3n en el maestro Ra\u00fal Barboza. Luego, el 19 de enero contin\u00faa con &#8220;Ram\u00f3n Ayala&#8221;; el 20 de enero ser\u00e1 el turno de &#8220;Edgar Estigarribia, Poeta del Guar\u00e1n&#8221; y finalmente el 21 de enero, se presentar\u00e1 &#8220;Hoy toca, Isaco&#8221;. Siempre con acceso gratuito y aforo.<\/p>\n","protected":false},"excerpt":{"rendered":"<p>Organizado por el Gobierno de la Provincia, a trav\u00e9s del Instituto de Cultura de Corrientes, vuelve el ciclo de Cine Chamamecero en su 11 edici\u00f3n y siempre acompa\u00f1ando el desarrollo de la Fiesta Nacional del Chamam\u00e9. El mismo es hist\u00f3ricamente realizado por el Dpto. de Cine dependiente de la Direcci\u00f3n de Artes Esc\u00e9nicas, M\u00fasica y&#8230;<\/p>\n","protected":false},"author":1,"featured_media":930,"comment_status":"open","ping_status":"closed","sticky":false,"template":"","format":"standard","meta":{"footnotes":""},"categories":[1],"tags":[],"class_list":["post-929","post","type-post","status-publish","format-standard","has-post-thumbnail","hentry","category-noticias"],"_links":{"self":[{"href":"https:\/\/fiestanacionaldelchamame.com.ar\/index.php?rest_route=\/wp\/v2\/posts\/929","targetHints":{"allow":["GET"]}}],"collection":[{"href":"https:\/\/fiestanacionaldelchamame.com.ar\/index.php?rest_route=\/wp\/v2\/posts"}],"about":[{"href":"https:\/\/fiestanacionaldelchamame.com.ar\/index.php?rest_route=\/wp\/v2\/types\/post"}],"author":[{"embeddable":true,"href":"https:\/\/fiestanacionaldelchamame.com.ar\/index.php?rest_route=\/wp\/v2\/users\/1"}],"replies":[{"embeddable":true,"href":"https:\/\/fiestanacionaldelchamame.com.ar\/index.php?rest_route=%2Fwp%2Fv2%2Fcomments&post=929"}],"version-history":[{"count":1,"href":"https:\/\/fiestanacionaldelchamame.com.ar\/index.php?rest_route=\/wp\/v2\/posts\/929\/revisions"}],"predecessor-version":[{"id":931,"href":"https:\/\/fiestanacionaldelchamame.com.ar\/index.php?rest_route=\/wp\/v2\/posts\/929\/revisions\/931"}],"wp:featuredmedia":[{"embeddable":true,"href":"https:\/\/fiestanacionaldelchamame.com.ar\/index.php?rest_route=\/wp\/v2\/media\/930"}],"wp:attachment":[{"href":"https:\/\/fiestanacionaldelchamame.com.ar\/index.php?rest_route=%2Fwp%2Fv2%2Fmedia&parent=929"}],"wp:term":[{"taxonomy":"category","embeddable":true,"href":"https:\/\/fiestanacionaldelchamame.com.ar\/index.php?rest_route=%2Fwp%2Fv2%2Fcategories&post=929"},{"taxonomy":"post_tag","embeddable":true,"href":"https:\/\/fiestanacionaldelchamame.com.ar\/index.php?rest_route=%2Fwp%2Fv2%2Ftags&post=929"}],"curies":[{"name":"wp","href":"https:\/\/api.w.org\/{rel}","templated":true}]}}