{"id":925,"date":"2022-01-19T09:47:00","date_gmt":"2022-01-19T12:47:00","guid":{"rendered":"https:\/\/fiestanacionaldelchamame.com.ar\/?p=925"},"modified":"2022-01-19T22:30:15","modified_gmt":"2022-01-20T01:30:15","slug":"demir-hannah-fui-catapultada-como-la-primera-mujer-trans-en-grabar-chamame","status":"publish","type":"post","link":"https:\/\/fiestanacionaldelchamame.com.ar\/?p=925","title":{"rendered":"Demir Hannah: \u201cFui catapultada como la primera mujer trans en grabar Chamam\u00e9\u201d"},"content":{"rendered":"\n<p>Demir Hannah presenta por primera vez en Corrientes el espect\u00e1culo \u201cAyer y Hoy\u201d&nbsp;&nbsp; en el marco de la 31\u00aa Fiesta Nacional del Chamam\u00e9. Como primera int\u00e9rprete trans&nbsp; de la m\u00fasica tradicional, estar\u00e1 en el Museo de Ciencias Naturales Amado Bonpland, este mi\u00e9rcoles 19&nbsp; a&nbsp; las 19:30&nbsp; horas.<\/p>\n\n\n\n<p>La artista relata su rol para visibilizar a&nbsp; artistas del colectivo travesti-trans, sus comienzos y su presente en el chamam\u00e9,&nbsp; las expectativas de su participaci\u00f3n en la primera celebraci\u00f3n mundial, gustos musicales y&nbsp; su material en proceso de grabaci\u00f3n.<\/p>\n\n\n\n<p>-Contanos los or\u00edgenes y caminos del chamam\u00e9 en tu vida<\/p>\n\n\n\n<p>-El chamam\u00e9 siempre estuvo presente en mi vida, fue mi abuela la encargada en mi ni\u00f1ez de hacerme escuchar chamam\u00e9. Tengo el recuerdo de ella cantando \u201cLucerito Alba\u201d enteramente en guaran\u00ed. Yo no entend\u00eda, pero la ve\u00eda a ella tan alegre que me contagiaba su alegr\u00eda. As\u00ed aparece el chamam\u00e9 en mi vida.<\/p>\n\n\n\n<p>Pasaron los a\u00f1os, mi ni\u00f1ez, mi adolescencia y el chamam\u00e9 siempre estuvo presente. Pero, por aquellas \u00e9pocas, donde era muy joven, m\u00e1s o menos 20 a\u00f1os, no me imaginaba cant\u00e1ndolo. M\u00e1s all\u00e1 de que mi deseo en ese entonces era dedicarme a la m\u00fasica, a cantar, ya escrib\u00eda mis primeros poemas que m\u00e1s adelante se trasladaron a canciones. Y el chamam\u00e9 siempre estuvo presente, un g\u00e9nero musical que tambi\u00e9n me abriera las puertas a muchas cosas.<\/p>\n\n\n\n<p>En esa ni\u00f1ez, con mi abuela, cantando chamam\u00e9, tengo recuerdos de ella sintonizando en AM un programa de chamam\u00e9 en la radio. Y ya, desde ese primer instante comprend\u00ed que el chamam\u00e9 era tuyo, m\u00edo, nuestro. La gente cantaba en sus casas el chamam\u00e9, mi abuela cocinaba y cantaba, y eso me reflejo desde ella, que el chamam\u00e9 tambi\u00e9n era m\u00edo. As\u00ed comienza mi relaci\u00f3n y empiezo a transitar mi camino con el chamam\u00e9. Corrientes es chamam\u00e9, el pa\u00eds, y hoy d\u00eda el mundo, es chamam\u00e9.<\/p>\n\n\n\n<p>Pasada la d\u00e9cada de los 90, donde en Corrientes me abrazan en el mundo de los medios de comunicaci\u00f3n como locutora, ya como Claudia Falc\u00f3n y consagrada tambi\u00e9n en los carnavales, el chamam\u00e9 sigui\u00f3 presente pero yo segu\u00eda con este sentimiento de que, si bien el chamam\u00e9 era nuestro, de todos, para m\u00ed era algo inalcanzable. Solo pod\u00eda cantarlo en mi casa y escuchando la radio.<\/p>\n\n\n\n<p>Como productora y activista de los derechos al acceso a escenario para el colectivo travesti-trans. Cansada de la invisibilidad para mi carrera musical y la carrera musical de muchos excelentes artistas parte del colectivo, a lo largo y ancho del pa\u00eds, se produzco Unides por la M\u00fasica.<\/p>\n\n\n\n<p>Unides por la M\u00fasica es una unificaci\u00f3n a nivel nacional y federal, Unificaci\u00f3n Artistes Transg\u00e9nero Rep\u00fablica Argentina, un proyecto autofinanciado que visibiliza a artistas del colectivo travesti trans de todo nuestro pa\u00eds, y cada artista presenta una canci\u00f3n representando a su lugar de origen. El proyecto se inicia en el 2020, plena cuarentena.<\/p>\n\n\n\n<p>Llega un momento en el que yo, invisibilizada tambi\u00e9n porque siendo productora de Unides por la M\u00fasica mi carrera tuvo varios altibajos, decido representar a Corrientes. Ah\u00ed me pongo en contacto con N\u00e9stor Acu\u00f1a, quien fue clave en todo esto que ha sido mi transitar en el chamam\u00e9. Le digo \u201cMire N\u00e9stor, yo quiero cantar chamam\u00e9 y tengo que representar a mi Corrientes, y quiero cantar esta canci\u00f3n \u201cYo que te quiero tanto\u201d de Mario Bofill\u201d y fue autom\u00e1tico que \u00e9l, maestro por excelencia, me dice \u201cBueno Demir, hag\u00e1moslo, cont\u00e1 conmigo\u201d. As\u00ed logramos una versi\u00f3n bastante particular con guitarras de Jos\u00e9 Chacoma y Bebo Chacoma, el acorde\u00f3n de N\u00e9stor y bajo de HD Ib\u00e1\u00f1ez.<\/p>\n\n\n\n<p>Me vuelvo a Corrientes, despu\u00e9s de mucho tiempo. Fue un estallido en los medios, llam\u00f3 la atenci\u00f3n, gener\u00f3 inter\u00e9s y, a partir de ese momento sent\u00ed que pod\u00eda cantar chamam\u00e9, y fue incre\u00edble.<\/p>\n\n\n\n<p>Autom\u00e1ticamente fui catapultada como la primera mujer trans en grabar chamam\u00e9. Ese t\u00edtulo de primera me ha perseguido en toda mi vida aqu\u00ed en Corrientes. Fui primera mujer trans en los medios de comunicaci\u00f3n en los 90, fui primera mujer trans como dise\u00f1adora y vestuarista en el a\u00f1o 96, 97 y 98. Y ahora, soy primera mujer trans en el mundo del chamam\u00e9, y la verdad, este \u00faltimo t\u00edtulo es con el que m\u00e1s compromiso me siento actualmente, representar ante el pa\u00eds y ante el mundo tal vez, representar y ser representante como mujer trans de un g\u00e9nero folkl\u00f3rico, en este caso el chamam\u00e9, es un compromiso enorme. Me siento muy feliz de que se me haya brindado esta posibilidad, que muchas veces para nosotras, no es simple el acceso a un g\u00e9nero folkl\u00f3rico, y esto sucede con todos los g\u00e9neros musicales a lo largo y ancho del pa\u00eds. Y que buen ejemplo, que Corrientes me diga que s\u00ed y pueda estar en este recorrido tan deseado hace mucho tiempo para m\u00ed.<\/p>\n\n\n\n<p>&#8211; <strong>\u00bfC\u00f3mo se siente al ser la primera representante trans del g\u00e9nero?<\/strong><\/p>\n\n\n\n<p>-El significado de ser la primera int\u00e9rprete trans de nuestro g\u00e9nero musical, es un desaf\u00edo constante que me genera mucha emoci\u00f3n, y estoy orgullosa de poder hacerlo. Ya haber participado del escenario mayor de la Fiesta, ya creo que es un paso enorme a esas nuevas miradas que socialmente debemos construir. La inclusi\u00f3n es important\u00edsima, la verdad me sent\u00ed muy feliz de estar en el escenario invitada por Susy De Pompert a su espect\u00e1culo \u201cLa Matria del Chamam\u00e9\u201d, un acontecimiento hist\u00f3rico, y creo que va a generar un quiebre inclusivo que mucho se necesitaba en nuestro folklore del Litoral. Y ac\u00e1 s\u00ed, podemos decir hoy en d\u00eda, que Corrientes es realmente inclusiva habiendo entregado esta posibilidad del acceso de escenario y de lo que se viene con mis pr\u00f3ximas fechas.<\/p>\n\n\n\n<p>Cabe destacar que el apoyo del Instituto de Cultura de la Provincia de Corrientes y de otros sectores culturales que se han ido sumando a mi aparici\u00f3n dentro del chamam\u00e9, ha generado que realmente la inclusi\u00f3n sea inclusi\u00f3n, la igualdad sea igualdad, y buscando una mirada m\u00e1s plural en la que una identidad de g\u00e9nero no sea un impedimento para acceder al arte de la m\u00fasica. En este caso, estamos hablando de un g\u00e9nero folcl\u00f3rico que ha sido reconocido mundialmente como patrimonio, entonces yo creo que desde mi aparici\u00f3n con \u201cYo que te quiero tanto\u201d, mi aparici\u00f3n en el escenario mayor del festival del chamam\u00e9, estamos marcando un antes y un despu\u00e9s. Un despu\u00e9s que debe ser cuidado, el que a\u00f1oro much\u00edsimo y estoy viviendo con un goce pleno, y me siento plena.<\/p>\n\n\n\n<p>&#8211;<strong>\u00bfCu\u00e1les son las expectativas que tenes frente a las distintas presentaciones que haces en Corrientes\u00a0 en el marco de la\u00a0 Fiesta?<\/strong><\/p>\n\n\n\n<p>-Yo creo que el espect\u00e1culo del mi\u00e9rcoles va a ser crucial a lo que va a suceder en mi regreso a Buenos Aires. Buenos Aires est\u00e1 muy expectante de lo que est\u00e1 sucediendo, desde el sector cultural y desde los colectivos LGBTQ+, principalmente le colectivo travesti-trans, y ya est\u00e1n proclamando un gran logro mi participaci\u00f3n dentro del chamam\u00e9, y esta apertura del chamam\u00e9, como representante mujer trans para todo el pa\u00eds y el mundo. Mi mayor deseo es poder seguir este camino de compromiso y seguir a haci\u00e9ndolo bien. Y, por supuesto, aceptando todas las caricias que me est\u00e1n brindando, tambi\u00e9n desde la gente, porque el p\u00fablico es el que tiene la \u00faltima palabra, y me estoy encontrado que la recepci\u00f3n es muy buena y siempre estoy buscando entregar lo mejor, porque como artista soy comprometida en todo lo que hago. Desde ya mi agradecimiento por todo lo que se est\u00e1 brindando para conmigo, para con el chamam\u00e9, para lo que va a ser este disco.<\/p>\n\n\n\n<p>-Antic\u00edpanos c\u00f3mo va a ser tu&nbsp; espect\u00e1culo este mi\u00e9rcoles en el&nbsp; Museo Bonpland, en la Costanera<\/p>\n\n\n\n<p>&#8211; Voy a presentar mi disco \u201cAyer y Hoy\u201d, mi primer disco de chamam\u00e9. Es fabuloso poder hacer este recital, donde van a haber artistas invitados. Y es un disco que habla de eso, hay canciones que est\u00e1n muy asociadas a canciones del g\u00e9nero que tienen mucho que ver conmigo. Canciones tradicionales, del cancionero popular chamamecero y otras m\u00e1s contempor\u00e1neas.<\/p>\n\n\n\n<p>Va a ser un show para toda la familia, en que yo creo que nuevamente vamos a sentirnos integrados dentro del chamam\u00e9. Haber llegado y poder estar aqu\u00ed en Corrientes y desde aqu\u00ed desde Corrientes, con todo el apoyo que un artista necesita, ya es un gran logro y una muestra muy positiva ante las miradas del pa\u00eds.<\/p>\n\n\n\n<p>Me acompa\u00f1ar\u00e1n: Octavio Rosas (Acorde\u00f3n), C\u00e9sar Escalante Romero (Bajo),&nbsp;Mat\u00edas Melgarejo (Percusi\u00f3n) y Gustavo Soto (Guitarra). Los invitados son Felipe Moreira, Flor Sendra y Macarena L\u00f3pez Leyes.<\/p>\n\n\n\n<p>&#8211;<strong>\u00bfQu\u00e9 queres transmitir con tu primer material? \u00bfEncontramos tus canciones en las plataformas?<\/strong><\/p>\n\n\n\n<p>-Teniendo en cuenta que ya estamos con mi disco \u201cAyer y Hoy\u201d, que va a invitar a los oyentes del chamam\u00e9 a poder disfrutar de un \u00e1lbum que est\u00e1 en proceso, donde tenemos chamam\u00e9 tradicional y m\u00e1s contempor\u00e1neo, un disco que va a entregar al chamamecero la posibilidad de tener otra mirada, desde la interpretaci\u00f3n, desde c\u00f3mo va a estar formulada cada canci\u00f3n del disco. Es un disco muy personal, habla de m\u00ed en un ayer en el de un sue\u00f1o, muy vago, de poder interpretar chamam\u00e9. De un hoy, donde estoy interpret\u00e1ndolo, estoy creciendo y&nbsp; estoy en un movimiento de aprendizaje constante dentro del g\u00e9nero.<\/p>\n\n\n\n<p>Ya cuento con 3 canciones en plataformas, muy variadas: \u201cYo que te quiero tanto\u201d de Mario Bofill, \u201cVillanueva\u201d Ernesto Montiel y \u201cA la abuela Emilia\u201d de Teresa Parodi.<\/p>\n\n\n\n<p>&#8211;<strong>\u00bfA qui\u00e9nes admiras dentro del g\u00e9nero?<\/strong><\/p>\n\n\n\n<p>-Yo, en lo que sea int\u00e9rpretes y compositoras o compositores, me inclino por las int\u00e9rpretes femeninas. Por ejemplo, admiro mucho a la tan recordada Mar\u00eda Elena, Ramona Galarza, obviamente y, Teresa Parodi, que es a quien m\u00e1s admiro por ser de las primeras mujeres chamameceras cantoras y, en el caso de Teresa compositora de primer nivel, soy una fiel seguidora. El Padre Zini es uno de los compositores que m\u00e1s letras bell\u00edsimas nos ha entregado, tambi\u00e9n lo admiro much\u00edsimo, tambi\u00e9n admiro mucho a Montiel. Otro que tambi\u00e9n sigo bastante es al Zorzal Galarza, un artista de nuestro chamam\u00e9 que nos ha entregado composiciones fabulosas y ha sido un ejemplo; a lo cual tambi\u00e9n me siento muy honrada de que Liliana Galarza, su hija, est\u00e9 en la conducci\u00f3n de este evento.<\/p>\n\n\n\n<p>Redes sociales:<\/p>\n\n\n\n<p>YouTube: <a href=\"https:\/\/youtube.com\/channel\/UCKEZ5L0PNpcEqMKOKfJ0tEA\">https:\/\/youtube.com\/channel\/UCKEZ5L0PNpcEqMKOKfJ0tEA<\/a><\/p>\n\n\n\n<p><\/p>\n\n\n\n<p>Demir Hannah Chamam\u00e9<\/p>\n\n\n\n<p><strong>Instagram:<\/strong> demirhannahok<\/p>\n\n\n\n<p><strong>Facebook:<\/strong> Demir Hannah<\/p>\n","protected":false},"excerpt":{"rendered":"<p>Demir Hannah presenta por primera vez en Corrientes el espect\u00e1culo \u201cAyer y Hoy\u201d&nbsp;&nbsp; en el marco de la 31\u00aa Fiesta Nacional del Chamam\u00e9. Como primera int\u00e9rprete trans&nbsp; de la m\u00fasica tradicional, estar\u00e1 en el Museo de Ciencias Naturales Amado Bonpland, este mi\u00e9rcoles 19&nbsp; a&nbsp; las 19:30&nbsp; horas. La artista relata su rol para visibilizar a&nbsp;&#8230;<\/p>\n","protected":false},"author":1,"featured_media":927,"comment_status":"open","ping_status":"closed","sticky":false,"template":"","format":"standard","meta":{"footnotes":""},"categories":[1],"tags":[],"class_list":["post-925","post","type-post","status-publish","format-standard","has-post-thumbnail","hentry","category-noticias"],"_links":{"self":[{"href":"https:\/\/fiestanacionaldelchamame.com.ar\/index.php?rest_route=\/wp\/v2\/posts\/925","targetHints":{"allow":["GET"]}}],"collection":[{"href":"https:\/\/fiestanacionaldelchamame.com.ar\/index.php?rest_route=\/wp\/v2\/posts"}],"about":[{"href":"https:\/\/fiestanacionaldelchamame.com.ar\/index.php?rest_route=\/wp\/v2\/types\/post"}],"author":[{"embeddable":true,"href":"https:\/\/fiestanacionaldelchamame.com.ar\/index.php?rest_route=\/wp\/v2\/users\/1"}],"replies":[{"embeddable":true,"href":"https:\/\/fiestanacionaldelchamame.com.ar\/index.php?rest_route=%2Fwp%2Fv2%2Fcomments&post=925"}],"version-history":[{"count":1,"href":"https:\/\/fiestanacionaldelchamame.com.ar\/index.php?rest_route=\/wp\/v2\/posts\/925\/revisions"}],"predecessor-version":[{"id":926,"href":"https:\/\/fiestanacionaldelchamame.com.ar\/index.php?rest_route=\/wp\/v2\/posts\/925\/revisions\/926"}],"wp:featuredmedia":[{"embeddable":true,"href":"https:\/\/fiestanacionaldelchamame.com.ar\/index.php?rest_route=\/wp\/v2\/media\/927"}],"wp:attachment":[{"href":"https:\/\/fiestanacionaldelchamame.com.ar\/index.php?rest_route=%2Fwp%2Fv2%2Fmedia&parent=925"}],"wp:term":[{"taxonomy":"category","embeddable":true,"href":"https:\/\/fiestanacionaldelchamame.com.ar\/index.php?rest_route=%2Fwp%2Fv2%2Fcategories&post=925"},{"taxonomy":"post_tag","embeddable":true,"href":"https:\/\/fiestanacionaldelchamame.com.ar\/index.php?rest_route=%2Fwp%2Fv2%2Ftags&post=925"}],"curies":[{"name":"wp","href":"https:\/\/api.w.org\/{rel}","templated":true}]}}