{"id":918,"date":"2022-01-18T10:16:00","date_gmt":"2022-01-18T13:16:00","guid":{"rendered":"https:\/\/fiestanacionaldelchamame.com.ar\/?p=918"},"modified":"2022-01-18T23:21:35","modified_gmt":"2022-01-19T02:21:35","slug":"inicio-del-ciclo-cine-chamamecero","status":"publish","type":"post","link":"https:\/\/fiestanacionaldelchamame.com.ar\/?p=918","title":{"rendered":"Inicio del ciclo Cine Chamamecero"},"content":{"rendered":"\n<h2 class=\"wp-block-heading\"><strong>con el estreno de \u201cLa voz del viento\u201d<\/strong><\/h2>\n\n\n\n<p>Se realiz\u00f3 ayer lunes 17 de enero, la apertura del Ciclo de Cine Chamamecero, a cargo del Departamento de Cine, perteneciente al Instituto de Cultura de Corrientes, contando con la presencia del m\u00fasico Ra\u00fal Barboza, en quien se basa el material audiovisual.<\/p>\n\n\n\n<p>&#8220;La voz del Viento&#8221;, es una pel\u00edcula realizada por el director Daniel Gaglian\u00f3, y cont\u00f3 con la participaci\u00f3n de reconocidos chamameceros como el Chango Spasiuk; Juanjo&nbsp; Dominguez, Antonio Tarrag\u00f3 Ros,&nbsp; Luiz Carlos Borges y Ramiro Gallo, entre otros.Con la presencia de un p\u00fablico devoto de esta oferta cultural, se pudo apreciar el material, cumpliendo con el aforo y las medidas previstas de seguridad. La siguiente propuesta ser\u00e1 el mi\u00e9rcoles 19, a las 18h, con &#8220;Ram\u00f3n Ayala&#8221; de Marcos L\u00f3pez, tambi\u00e9n en el auditorio Juli\u00e1n Zini, con aforo, medidas de cuidado y totalmente gratis.<\/p>\n","protected":false},"excerpt":{"rendered":"<p>con el estreno de \u201cLa voz del viento\u201d Se realiz\u00f3 ayer lunes 17 de enero, la apertura del Ciclo de Cine Chamamecero, a cargo del Departamento de Cine, perteneciente al Instituto de Cultura de Corrientes, contando con la presencia del m\u00fasico Ra\u00fal Barboza, en quien se basa el material audiovisual. &#8220;La voz del Viento&#8221;, es&#8230;<\/p>\n","protected":false},"author":1,"featured_media":919,"comment_status":"open","ping_status":"closed","sticky":false,"template":"","format":"standard","meta":{"footnotes":""},"categories":[1],"tags":[],"class_list":["post-918","post","type-post","status-publish","format-standard","has-post-thumbnail","hentry","category-noticias"],"_links":{"self":[{"href":"https:\/\/fiestanacionaldelchamame.com.ar\/index.php?rest_route=\/wp\/v2\/posts\/918","targetHints":{"allow":["GET"]}}],"collection":[{"href":"https:\/\/fiestanacionaldelchamame.com.ar\/index.php?rest_route=\/wp\/v2\/posts"}],"about":[{"href":"https:\/\/fiestanacionaldelchamame.com.ar\/index.php?rest_route=\/wp\/v2\/types\/post"}],"author":[{"embeddable":true,"href":"https:\/\/fiestanacionaldelchamame.com.ar\/index.php?rest_route=\/wp\/v2\/users\/1"}],"replies":[{"embeddable":true,"href":"https:\/\/fiestanacionaldelchamame.com.ar\/index.php?rest_route=%2Fwp%2Fv2%2Fcomments&post=918"}],"version-history":[{"count":1,"href":"https:\/\/fiestanacionaldelchamame.com.ar\/index.php?rest_route=\/wp\/v2\/posts\/918\/revisions"}],"predecessor-version":[{"id":920,"href":"https:\/\/fiestanacionaldelchamame.com.ar\/index.php?rest_route=\/wp\/v2\/posts\/918\/revisions\/920"}],"wp:featuredmedia":[{"embeddable":true,"href":"https:\/\/fiestanacionaldelchamame.com.ar\/index.php?rest_route=\/wp\/v2\/media\/919"}],"wp:attachment":[{"href":"https:\/\/fiestanacionaldelchamame.com.ar\/index.php?rest_route=%2Fwp%2Fv2%2Fmedia&parent=918"}],"wp:term":[{"taxonomy":"category","embeddable":true,"href":"https:\/\/fiestanacionaldelchamame.com.ar\/index.php?rest_route=%2Fwp%2Fv2%2Fcategories&post=918"},{"taxonomy":"post_tag","embeddable":true,"href":"https:\/\/fiestanacionaldelchamame.com.ar\/index.php?rest_route=%2Fwp%2Fv2%2Ftags&post=918"}],"curies":[{"name":"wp","href":"https:\/\/api.w.org\/{rel}","templated":true}]}}