{"id":912,"date":"2022-01-15T19:20:44","date_gmt":"2022-01-15T22:20:44","guid":{"rendered":"https:\/\/fiestanacionaldelchamame.com.ar\/?p=912"},"modified":"2022-01-15T19:28:02","modified_gmt":"2022-01-15T22:28:02","slug":"emocion-bendiciones-y-baile","status":"publish","type":"post","link":"https:\/\/fiestanacionaldelchamame.com.ar\/?p=912","title":{"rendered":"Emoci\u00f3n, bendiciones y baile"},"content":{"rendered":"\n<h1 class=\"wp-block-heading\" id=\"title\">Ni el calor ni la pandemia pudieron con el chamam\u00e9, Patrimonio de la Humanidad<\/h1>\n\n\n\n<h2 class=\"wp-block-heading\">Empez\u00f3, en Corrientes, la Fiesta Nacional, un a\u00f1o despu\u00e9s del reconocimiento que le dio la Unesco.<\/h2>\n\n\n\n<figure class=\"wp-block-embed is-type-video is-provider-youtube wp-block-embed-youtube wp-embed-aspect-16-9 wp-has-aspect-ratio\"><div class=\"wp-block-embed__wrapper\">\n<iframe title=\"Transmisi\u00f3n en vivo de Fiesta Nacional del Chamame 2022\" width=\"640\" height=\"360\" src=\"https:\/\/www.youtube.com\/embed\/t8wL01_TFbs?feature=oembed\" frameborder=\"0\" allow=\"accelerometer; autoplay; clipboard-write; encrypted-media; gyroscope; picture-in-picture; web-share\" referrerpolicy=\"strict-origin-when-cross-origin\" allowfullscreen><\/iframe>\n<\/div><\/figure>\n\n\n\n<h2 class=\"wp-block-heading\"><strong>Bendici\u00f3n inaugural de la Fiesta del chamam\u00e9, en Corrientes<\/strong><\/h2>\n\n\n\n<p>Si a m\u00ed me hubieran dicho que esa a la que le dicen&nbsp;<strong>&#8220;nuestra morena de Itat\u00ed<\/strong>&#8220;,&nbsp;<strong>&#8220;nuestra morena chamamecera&#8221;<\/strong>, que esa a la que hablan con una sensualidad de baile tropical es la&nbsp;<a href=\"https:\/\/www.clarin.com\/tema\/virgen-maria.html\" target=\"_blank\" rel=\"noreferrer noopener\">Virgen Mar\u00eda<\/a>, no lo hubiera cre\u00eddo. Pero as\u00ed pasa, as\u00ed va a pasar apenas empiece la&nbsp;<strong>Fiesta Nacional del Chamam\u00e9<\/strong>, en Corrientes. Pero falta un rato, primero hay que llegar.<\/p>\n\n\n\n<p>Desde aeroparque, en Buenos Aires, digo que no estar\u00e9 en Corrientes hasta que vea&nbsp;la primera palabra en&nbsp;<strong>guaran\u00ed<\/strong>. Pero la veo r\u00e1pido: desde&nbsp;la combi que nos fue a buscar al aeropuerto, en un cartel. Dice &#8220;<strong>hetere\u00ed<\/strong>&#8220;. Google lo aclara r\u00e1pido: &#8220;demasiado rico, delicioso&#8221;. Lo tomo como un buen augurio.<\/p>\n\n\n\n<p>Y no viene mal&nbsp;<strong>un buen augurio<\/strong>: se puede sospechar que este viernes de calor extremo no es el mejor d\u00eda para inaugurar la Fiesta Nacional de Chamam\u00e9. Menos si hay -como hubo- casi 140.000 casos positivos de&nbsp;<a href=\"https:\/\/www.clarin.com\/tema\/coronavirus.html\" target=\"_blank\" rel=\"noreferrer noopener\">coronavirus<\/a>. Pero ac\u00e1 estamos, todo listo y ansiedad en la capital provincial y en el anfiteatro Mario del Tr\u00e1nsito Cocomarola.<img decoding=\"async\" src=\"https:\/\/www.clarin.com\/img\/2022\/01\/15\/alegria-el-publico-con-y___nB9LQiOmw_720x0__1.jpg\" alt=\"Alegr\u00eda. El p\u00fablico con y sin protocolos en la Fiesta Nacional del Chamam\u00e9, en Corrientes. Foto  Zulma Ruiz Cuevas\/Instituto de Cultura de Corrientes\"><\/p>\n\n\n\n<p>Alegr\u00eda. El p\u00fablico con y sin protocolos en la Fiesta Nacional del Chamam\u00e9, en Corrientes. Foto Zulma Ruiz Cuevas\/Instituto de Cultura de Corrientes<\/p>\n\n\n\n<p>Todo listo son los m\u00fasicos y los bailarines, pero tambi\u00e9n los expendedores de alcohol y los agentes que&nbsp;<strong>regalan botellitas de repelente&nbsp;<\/strong>y (m\u00e1s) alcohol. La ansiedad es por el festejo que se viene conteniendo: en diciembre de 2020 el chamam\u00e9&nbsp;<a href=\"https:\/\/www.clarin.com\/cultura\/chamame-patrimonio-humanidad_0_zPsiIO3QR.html#:~:text=El%20chamam%C3%A9%20es%20Corrientes%20y,y%20la%20Cultura%20(UNESCO).\" target=\"_blank\" rel=\"noreferrer noopener\">fue declarado Patrimonio de la Humanidad<\/a>&nbsp;por la&nbsp;<a href=\"https:\/\/www.clarin.com\/tema\/unesco.html\" target=\"_blank\" rel=\"noreferrer noopener\">Unesco<\/a>. Pero hab\u00eda&nbsp;<a href=\"https:\/\/www.clarin.com\/tema\/pandemia.html\" target=\"_blank\" rel=\"noreferrer noopener\">pandemia<\/a>.<\/p>\n\n\n\n<p>Y aunque ac\u00e1<a target=\"_blank\" href=\"https:\/\/www.clarin.com\/cultura\/-ganar-mundial-festejo-corrientes-chamame-patrimonio-humanidad_0_B2RS0lRcB.html\" rel=\"noreferrer noopener\">&nbsp;se celebr\u00f3 igual<\/a>&nbsp;-&#8220;salimos desde los cuatro puntos de la ciudad, bailamos en la costanera, tengo videos&#8221;, cuenta el chofer cuando vamos hacia el anfiteatro- en enero de 2021&nbsp;<strong>no hubo Fiesta del Chamam\u00e9<\/strong>&nbsp;y el grito grande de campeones se qued\u00f3 en las gargantas.<\/p>\n\n\n\n<p>Un desquite con bajas: por el&nbsp;<strong>coronavirus&nbsp;<\/strong>algunos artistas tuvieron que cancelar y no puedo venir el ministro de Cultura,<a href=\"https:\/\/www.clarin.com\/tema\/tristan-bauer.html\" target=\"_blank\" rel=\"noreferrer noopener\">&nbsp;Trist\u00e1n Bauer<\/a>, por contacto estrecho (est\u00e1 bien). Un desquite con barbijos y con&nbsp;<strong>aforo<\/strong>: la capacidad del anfiteatro se redujo a la mitad, 6.000 en lugar de 12.000. Pero este viernes los visitantes ser\u00e1n unos 3.500. Se nota.<img decoding=\"async\" src=\"https:\/\/www.clarin.com\/img\/2022\/01\/15\/juventud-y-trajes-tipicos-en___tLofoQMfd_720x0__1.jpg\" alt=\"Juventud y trajes t\u00edpicos. En la inauguraci\u00f3n de la  Fiesta Nacional del Chamam\u00e9. Foto Zulma Ruiz Cuevas\/Instituto de Cultura de Corrientes\"><\/p>\n\n\n\n<p>Juventud y trajes t\u00edpicos. En la inauguraci\u00f3n de la Fiesta Nacional del Chamam\u00e9. Foto Zulma Ruiz Cuevas\/Instituto de Cultura de Corrientes<\/p>\n\n\n\n<p>Se nota y mucho la garra para darle para adelante aunque, a la hora de arrancar, esos asientos donde la gente sol\u00eda api\u00f1arse est\u00e1n m\u00e1s bien vac\u00edos. Igual la voz de la locutora Myriam Fleitas se alza y llama: &#8220;31\u00aa la Fiesta Nacional del Chamam\u00e9, 17\u00aa del Mercosur&#8221;, anuncia, casi en un grito. Y&#8230;&nbsp;<strong>&#8220;\u00a1Primera de la Humanidad&#8221;<\/strong>. Aplausos, sonrisas. Un poco de emoci\u00f3n, claro.<\/p>\n\n\n\n<p>Ac\u00e1 la gente dice que&nbsp;<strong>aunque el term\u00f3metro no baja de 30<\/strong>, hay una brisa. As\u00ed que todo bien con la<strong>&nbsp;ropa de gaucho&nbsp;<\/strong>que visten algunos. Fleitas hace el primer llamado de la noche a esta descontracturada &#8220;virgencita chamamecera&#8221; y prepara su entrada, la de la Virgen.<\/p>\n\n\n\n<p>Que no viene sola. La trae, a caballo casi hasta el escenario,<strong>&nbsp;Alfredo Ellero<\/strong>, un hombre de 77 a\u00f1os que pas\u00f3 25 llevando la imagen por los caminos del pa\u00eds. &#8220;\u00a1VIrgen peregrina!&#8221;, gritan desde el escenario: Entonces, rodeado de c\u00e1maras y saludos, como una estrella de rock, Ellero baja del caballo serio, con la Virgen en brazos, y ac\u00e1 queda la figura,<strong>&nbsp;a un costado del parlante<\/strong>, lista para los diez d\u00edas de chamam\u00e9 corrido.<img decoding=\"async\" src=\"https:\/\/www.clarin.com\/img\/2022\/01\/15\/a-caballo-alfredo-ellero-llega___5ysiWNqg-_720x0__1.jpg\" alt=\"A caballo. Alfredo Ellero llega con la Virgen de Itat\u00ed a la Fiesta Nacional del Chamam\u00e9, en Corrientes. Foto Zulma Ruiz Cuevas\/Instituto de Cultura de Corrientes\"><\/p>\n\n\n\n<p>A caballo. Alfredo Ellero llega con la Virgen de Itat\u00ed a la Fiesta Nacional del Chamam\u00e9, en Corrientes. Foto Zulma Ruiz Cuevas\/Instituto de Cultura de Corrientes<\/p>\n\n\n\n<p>Con la Virgen subieron tambi\u00e9n soldados, con una bandera celeste y blanca que tiene estampada la silueta de las&nbsp;<a href=\"https:\/\/www.clarin.com\/tema\/islas-malvinas.html\" target=\"_blank\" rel=\"noreferrer noopener\">Islas Malvinas<\/a>. &#8220;Se cumplen 40 a\u00f1os de su gesta&#8221;, recordar\u00e1 el locutor, Gustavo Altamirano. No va a faltar -en un rato, de la voz de uno de los m\u00fasicos- un &#8220;viva la Patria, carajo&#8221;.<img decoding=\"async\" src=\"https:\/\/www.clarin.com\/img\/2022\/01\/15\/homenaje-a-julian-zini-en___FtJcAxerK_720x0__1.jpg\" alt=\"Homenaje a Juli\u00e1n Zini. En el escenario se cant\u00f3 para el &quot;cura chamamecero&quot;. Foto Zulma Ruiz Cuevas\/Instituto de Cultura de Corrientes\"><\/p>\n\n\n\n<p>Homenaje a Juli\u00e1n Zini. En el escenario se cant\u00f3 para el &#8220;cura chamamecero&#8221;. Foto Zulma Ruiz Cuevas\/Instituto de Cultura de Corrientes<\/p>\n\n\n\n<p>&#8220;Se siente en el ambiente la bendici\u00f3n&#8221;, predica Fleitas. &#8220;Aqu\u00ed suplicamos&nbsp;<strong>por salud, por trabajo<\/strong>. \u00a1Gracias, Virgen chamamecera!&#8221;.<\/p>\n\n\n\n<h2 class=\"wp-block-heading\">El pai Zini, en los corazones<\/h2>\n\n\n\n<p>As\u00ed que arriba est\u00e1n la Virgen, los soldados, los gauchos, las paisanas y lo que viene, claro, es la bendici\u00f3n del cura. Que este a\u00f1o tiene lo suyo: durante a\u00f1os la hizo Juli\u00e1n Zini, el Pai Juli\u00e1n, tambi\u00e9n compositor y cantante. Pero<a href=\"https:\/\/www.clarin.com\/espectaculos\/corrientes-declarara-ciudadano-ilustre-sacerdote-cantautor-julian-zini_0_ATDVOoQno.html\" target=\"_blank\" rel=\"noreferrer noopener\">&nbsp;Zini muri\u00f3 en 2020<\/a>. La posta la tomaron&nbsp;<strong>dos curas j\u00f3venes<\/strong>, Ariel Gim\u00e9nez y Antonio Rosi,<\/p>\n\n\n\n<p>&#8220;\u00a1Juli\u00e1n Zini, te tenemos presente en nuestros corazones&#8221;, dir\u00e1n y como un escalofr\u00edo recorrer\u00e1 el lugar. Los curas har\u00e1n su bendici\u00f3n en un castellano regado de guaran\u00ed y hablar\u00e1n de un&nbsp;<strong>&#8220;Dios artista&#8221;<\/strong>&nbsp;y, con una bella m\u00fasica detr\u00e1s y bailarines que se van soltando, de &#8220;esto que somos,&nbsp;<strong>chamam\u00e9<\/strong>&#8220;.<\/p>\n\n\n\n<h2 class=\"wp-block-heading\">Orgullo, con LL<\/h2>\n\n\n\n<p>Es que la<strong>&nbsp;Fiesta del Chamam\u00e9<\/strong>, como se ve, es m\u00fasica y m\u00e1s que m\u00fasica. Es un lugar de encuentro -las familias con la heladerita llena de bebidas fr\u00edas; las se\u00f1oras endomingadas, el joven de boina abrazado a una chica- y tambi\u00e9n de afirmaci\u00f3n. Muchas veces se escuchar\u00e1 por el parlante eso de &#8220;orgullo&#8221;, con esa doble l pronunciada como con agua,&nbsp;<strong>&#8220;orgulio&#8221;<\/strong>.<\/p>\n\n\n\n<p>Mientras tanto, ya se animaron a subir las primeras parejas al escenario de baile, que est\u00e1 junto al principal y para el que&nbsp;<strong>no hay requisitos<\/strong>: quien quiere, baila. Los hay con trajes t\u00edpicos, con la Virgen estampada en la espalda, los hay en jeans. Los hay con y sin barbijos. Chiquitos, viejos.<img decoding=\"async\" src=\"https:\/\/www.clarin.com\/img\/2022\/01\/15\/bailen-parejas-en-el-escenario___CdFhGrPb7_720x0__1.jpg\" alt=\"Bailen. Parejas en el escenario de la Fiesta Nacional del Chamam\u00e9. Foto Zulma Ruiz Cuevas\/Instituto de Cultura de Corrientes\"><\/p>\n\n\n\n<p>Bailen. Parejas en el escenario de la Fiesta Nacional del Chamam\u00e9. Foto Zulma Ruiz Cuevas\/Instituto de Cultura de Corrientes<\/p>\n\n\n\n<p>Cuando termina el acto y arranca el concierto sube -a tono con el clima religioso- el Grupo de Buena Fe, que vuelve a invocar al Cielo, ahora cantando. Pero con el amor propio de Corrientes, que es una clave del chamam\u00e9: &#8220;Padre nuestro,&nbsp;<strong>no permitas que al poderoso adulemos<\/strong>&#8220;, cantan.<\/p>\n\n\n\n<p>Desde el escenario los locutores insisten: &#8220;En estos 20 meses se callaron las pe\u00f1as, los festivales, pero<strong>&nbsp;la pandemia no pudo callar al chamam\u00e9<\/strong>&#8220;. El p\u00fablico escucha tranquilo; tal vez por el calor, tal vez por los contagios, por la&nbsp;<strong>paliza&nbsp;<\/strong>que ha sido este tiempo, en la primera noche m\u00e1s que de locura el clima es de&nbsp;<strong>cari\u00f1o<\/strong>. La noche, la m\u00fasica, la luna intensa, el estar vivos.<\/p>\n\n\n\n<p>Y la locutora que invocaba a Dios hace un par\u00e9ntesis para mirar a la ciencia: &#8220;Por favor,&nbsp;<strong>vac\u00fanense<\/strong>, esto es tambi\u00e9n por nuestros hermanos, por nuestro pr\u00f3jimo&#8221;.<\/p>\n\n\n\n<p>En una carpa&nbsp;<strong>Gabriel Romero<\/strong>, el presidente del Instituto de Cultura de Corrientes, sigue la Fiesta tranquilo. Fue uno de los impulsores de la declaraci\u00f3n de la Unesco y ahora habla de otros planes, de valorizar las artesan\u00edas del Iber\u00e1, del patrimonio jesu\u00edtico de su provincia,&nbsp;<strong>del guaran\u00ed&nbsp;<\/strong>que &#8220;cuando \u00e9ramos chicos no nos dejaban hablar&#8221;.<\/p>\n\n\n\n<p>Afuera hay puestos de hamburguesas y otros que recuperan viejas comidas regionales. El cartel dice&nbsp;<strong>&#8220;chip\u00e1 guaz\u00fa&#8221;<\/strong>&nbsp;y tambi\u00e9n &#8220;Mbaipy&#8221; y &#8220;Mbej\u00fa&#8221;, adem\u00e1s de mandioca frita y otras delicias. Lo atienden se\u00f1oras que cocinan en sus casas: es un programa del INTA y el gobierno correntino que empez\u00f3 hace cuatro a\u00f1os.<\/p>\n\n\n\n<p>Se trata de buscar recursos pero tambi\u00e9n de ver que lo heredado, lo que ense\u00f1\u00f3 la abuela, no es de segunda.&nbsp;<strong>&#8220;Que no vaya un turista y le den una hamburguesa&#8221;<\/strong>, dice Estefan\u00eda Cutro, una t\u00e9cnica del programa. y ofrece &#8220;mbej\u00fa&#8221;, un antecedente del chip\u00e1: almid\u00f3n, queso y leche. &#8220;<a href=\"https:\/\/www.clarin.com\/tema\/narda-lepes.html\" target=\"_blank\" rel=\"noreferrer noopener\">Narda&nbsp;<\/a>vino al Iber\u00e1 y lo incorpor\u00f3&#8221;, gui\u00f1a. Pero tira el dato: &#8220;Iber\u00e1 es la zona m\u00e1s pobre de&nbsp;<strong>una provincia muy pobre<\/strong>&#8220;.<\/p>\n\n\n\n<p>Afuera sigue la m\u00fasica. Ya toc\u00f3 Coquimarola -el hijo del Mario del Tr\u00e1nsito que da nombre al anfiteatro-, ya toc\u00f3 Silvina Escalante. Ya son\u00f3 alg\u00fan tema de Ram\u00f3n Ayala. Ya cantamos&nbsp;<strong>al r\u00edo, al amor, al trabajo<\/strong>, a los que se van del interior para estudiar. Vamos entrando, con el cuidado del caso, al&nbsp;<strong>chamam\u00e9<\/strong>.<\/p>\n\n\n\n<p>Qu\u00e9 bueno que lo hayan reconocido en Par\u00eds pero la verdad es que por ac\u00e1 ya se sab\u00eda eso que grita la locutora: &#8220;El chamam\u00e9 est\u00e1 m\u00e1s vivo que nunca y es profeta en su tierra&#8221;. As\u00ed que, como dice ella, &#8220;Chamam\u00e9, salud, ya sos universal&#8221;.<\/p>\n\n\n\n<p><strong><em>Corrientes. Enviada especial<\/em><\/strong><\/p>\n\n\n\n<p><em>PK<\/em>Newsletters Clar\u00edn&nbsp;Libros para compartir<\/p>\n\n\n\n<ul class=\"wp-block-list\"><li><a href=\"https:\/\/www.clarin.com\/\">Clar\u00edn.com<\/a><\/li><li><a href=\"https:\/\/www.clarin.com\/cultura\/\"><strong>Cultura<\/strong><\/a><\/li><\/ul>\n\n\n\n<p>Actualizado al 15\/01\/2022 18:35<\/p>\n\n\n\n<p>Si a m\u00ed me hubieran dicho que esa a la que le dicen&nbsp;<strong>&#8220;nuestra morena de Itat\u00ed<\/strong>&#8220;,&nbsp;<strong>&#8220;nuestra morena chamamecera&#8221;<\/strong>, que esa a la que hablan con una sensualidad de baile tropical es la&nbsp;<a href=\"https:\/\/www.clarin.com\/tema\/virgen-maria.html\" target=\"_blank\" rel=\"noreferrer noopener\">Virgen Mar\u00eda<\/a>, no lo hubiera cre\u00eddo. Pero as\u00ed pasa, as\u00ed va a pasar apenas empiece la&nbsp;<strong>Fiesta Nacional del Chamam\u00e9<\/strong>, en Corrientes. Pero falta un rato, primero hay que llegar.<\/p>\n\n\n\n<p>Desde aeroparque, en Buenos Aires, digo que no estar\u00e9 en Corrientes hasta que vea&nbsp;la primera palabra en&nbsp;<strong>guaran\u00ed<\/strong>. Pero la veo r\u00e1pido: desde&nbsp;la combi que nos fue a buscar al aeropuerto, en un cartel. Dice &#8220;<strong>hetere\u00ed<\/strong>&#8220;. Google lo aclara r\u00e1pido: &#8220;demasiado rico, delicioso&#8221;. Lo tomo como un buen augurio.<\/p>\n\n\n\n<p>Y no viene mal&nbsp;<strong>un buen augurio<\/strong>: se puede sospechar que este viernes de calor extremo no es el mejor d\u00eda para inaugurar la Fiesta Nacional de Chamam\u00e9. Menos si hay -como hubo- casi 140.000 casos positivos de&nbsp;<a href=\"https:\/\/www.clarin.com\/tema\/coronavirus.html\" target=\"_blank\" rel=\"noreferrer noopener\">coronavirus<\/a>. Pero ac\u00e1 estamos, todo listo y ansiedad en la capital provincial y en el anfiteatro Mario del Tr\u00e1nsito Cocomarola.<img decoding=\"async\" src=\"https:\/\/www.clarin.com\/img\/2022\/01\/15\/alegria-el-publico-con-y___nB9LQiOmw_720x0__1.jpg\" alt=\"Alegr\u00eda. El p\u00fablico con y sin protocolos en la Fiesta Nacional del Chamam\u00e9, en Corrientes. Foto  Zulma Ruiz Cuevas\/Instituto de Cultura de Corrientes\"><\/p>\n\n\n\n<p>Alegr\u00eda. El p\u00fablico con y sin protocolos en la Fiesta Nacional del Chamam\u00e9, en Corrientes. Foto Zulma Ruiz Cuevas\/Instituto de Cultura de Corrientes<\/p>\n\n\n\n<p>Todo listo son los m\u00fasicos y los bailarines, pero tambi\u00e9n los expendedores de alcohol y los agentes que&nbsp;<strong>regalan botellitas de repelente&nbsp;<\/strong>y (m\u00e1s) alcohol. La ansiedad es por el festejo que se viene conteniendo: en diciembre de 2020 el chamam\u00e9&nbsp;<a href=\"https:\/\/www.clarin.com\/cultura\/chamame-patrimonio-humanidad_0_zPsiIO3QR.html#:~:text=El%20chamam%C3%A9%20es%20Corrientes%20y,y%20la%20Cultura%20(UNESCO).\" target=\"_blank\" rel=\"noreferrer noopener\">fue declarado Patrimonio de la Humanidad<\/a>&nbsp;por la&nbsp;<a href=\"https:\/\/www.clarin.com\/tema\/unesco.html\" target=\"_blank\" rel=\"noreferrer noopener\">Unesco<\/a>. Pero hab\u00eda&nbsp;<a href=\"https:\/\/www.clarin.com\/tema\/pandemia.html\" target=\"_blank\" rel=\"noreferrer noopener\">pandemia<\/a>.<\/p>\n\n\n\n<p>Y aunque ac\u00e1<a target=\"_blank\" href=\"https:\/\/www.clarin.com\/cultura\/-ganar-mundial-festejo-corrientes-chamame-patrimonio-humanidad_0_B2RS0lRcB.html\" rel=\"noreferrer noopener\">&nbsp;se celebr\u00f3 igual<\/a>&nbsp;-&#8220;salimos desde los cuatro puntos de la ciudad, bailamos en la costanera, tengo videos&#8221;, cuenta el chofer cuando vamos hacia el anfiteatro- en enero de 2021&nbsp;<strong>no hubo Fiesta del Chamam\u00e9<\/strong>&nbsp;y el grito grande de campeones se qued\u00f3 en las gargantas.<\/p>\n\n\n\n<p>Un desquite con bajas: por el&nbsp;<strong>coronavirus&nbsp;<\/strong>algunos artistas tuvieron que cancelar y no puedo venir el ministro de Cultura,<a href=\"https:\/\/www.clarin.com\/tema\/tristan-bauer.html\" target=\"_blank\" rel=\"noreferrer noopener\">&nbsp;Trist\u00e1n Bauer<\/a>, por contacto estrecho (est\u00e1 bien). Un desquite con barbijos y con&nbsp;<strong>aforo<\/strong>: la capacidad del anfiteatro se redujo a la mitad, 6.000 en lugar de 12.000. Pero este viernes los visitantes ser\u00e1n unos 3.500. Se nota.<img decoding=\"async\" src=\"https:\/\/www.clarin.com\/img\/2022\/01\/15\/juventud-y-trajes-tipicos-en___tLofoQMfd_720x0__1.jpg\" alt=\"Juventud y trajes t\u00edpicos. En la inauguraci\u00f3n de la  Fiesta Nacional del Chamam\u00e9. Foto Zulma Ruiz Cuevas\/Instituto de Cultura de Corrientes\"><\/p>\n\n\n\n<p>Juventud y trajes t\u00edpicos. En la inauguraci\u00f3n de la Fiesta Nacional del Chamam\u00e9. Foto Zulma Ruiz Cuevas\/Instituto de Cultura de Corrientes<\/p>\n\n\n\n<p>Se nota y mucho la garra para darle para adelante aunque, a la hora de arrancar, esos asientos donde la gente sol\u00eda api\u00f1arse est\u00e1n m\u00e1s bien vac\u00edos. Igual la voz de la locutora Myriam Fleitas se alza y llama: &#8220;31\u00aa la Fiesta Nacional del Chamam\u00e9, 17\u00aa del Mercosur&#8221;, anuncia, casi en un grito. Y&#8230;&nbsp;<strong>&#8220;\u00a1Primera de la Humanidad&#8221;<\/strong>. Aplausos, sonrisas. Un poco de emoci\u00f3n, claro.<\/p>\n\n\n\n<p>Ac\u00e1 la gente dice que&nbsp;<strong>aunque el term\u00f3metro no baja de 30<\/strong>, hay una brisa. As\u00ed que todo bien con la<strong>&nbsp;ropa de gaucho&nbsp;<\/strong>que visten algunos. Fleitas hace el primer llamado de la noche a esta descontracturada &#8220;virgencita chamamecera&#8221; y prepara su entrada, la de la Virgen.<\/p>\n\n\n\n<p>Que no viene sola. La trae, a caballo casi hasta el escenario,<strong>&nbsp;Alfredo Ellero<\/strong>, un hombre de 77 a\u00f1os que pas\u00f3 25 llevando la imagen por los caminos del pa\u00eds. &#8220;\u00a1VIrgen peregrina!&#8221;, gritan desde el escenario: Entonces, rodeado de c\u00e1maras y saludos, como una estrella de rock, Ellero baja del caballo serio, con la Virgen en brazos, y ac\u00e1 queda la figura,<strong>&nbsp;a un costado del parlante<\/strong>, lista para los diez d\u00edas de chamam\u00e9 corrido.<img decoding=\"async\" src=\"https:\/\/www.clarin.com\/img\/2022\/01\/15\/a-caballo-alfredo-ellero-llega___5ysiWNqg-_720x0__1.jpg\" alt=\"A caballo. Alfredo Ellero llega con la Virgen de Itat\u00ed a la Fiesta Nacional del Chamam\u00e9, en Corrientes. Foto Zulma Ruiz Cuevas\/Instituto de Cultura de Corrientes\"><\/p>\n\n\n\n<p>A caballo. Alfredo Ellero llega con la Virgen de Itat\u00ed a la Fiesta Nacional del Chamam\u00e9, en Corrientes. Foto Zulma Ruiz Cuevas\/Instituto de Cultura de Corrientes<\/p>\n\n\n\n<p>Con la Virgen subieron tambi\u00e9n soldados, con una bandera celeste y blanca que tiene estampada la silueta de las&nbsp;<a href=\"https:\/\/www.clarin.com\/tema\/islas-malvinas.html\" target=\"_blank\" rel=\"noreferrer noopener\">Islas Malvinas<\/a>. &#8220;Se cumplen 40 a\u00f1os de su gesta&#8221;, recordar\u00e1 el locutor, Gustavo Altamirano. No va a faltar -en un rato, de la voz de uno de los m\u00fasicos- un &#8220;viva la Patria, carajo&#8221;.<img decoding=\"async\" src=\"https:\/\/www.clarin.com\/img\/2022\/01\/15\/homenaje-a-julian-zini-en___FtJcAxerK_720x0__1.jpg\" alt=\"Homenaje a Juli\u00e1n Zini. En el escenario se cant\u00f3 para el &quot;cura chamamecero&quot;. Foto Zulma Ruiz Cuevas\/Instituto de Cultura de Corrientes\"><\/p>\n\n\n\n<p>Homenaje a Juli\u00e1n Zini. En el escenario se cant\u00f3 para el &#8220;cura chamamecero&#8221;. Foto Zulma Ruiz Cuevas\/Instituto de Cultura de Corrientes<\/p>\n\n\n\n<p>&#8220;Se siente en el ambiente la bendici\u00f3n&#8221;, predica Fleitas. &#8220;Aqu\u00ed suplicamos&nbsp;<strong>por salud, por trabajo<\/strong>. \u00a1Gracias, Virgen chamamecera!&#8221;.<\/p>\n\n\n\n<h2 class=\"wp-block-heading\">El pai Zini, en los corazones<\/h2>\n\n\n\n<p>As\u00ed que arriba est\u00e1n la Virgen, los soldados, los gauchos, las paisanas y lo que viene, claro, es la bendici\u00f3n del cura. Que este a\u00f1o tiene lo suyo: durante a\u00f1os la hizo Juli\u00e1n Zini, el Pai Juli\u00e1n, tambi\u00e9n compositor y cantante. Pero<a href=\"https:\/\/www.clarin.com\/espectaculos\/corrientes-declarara-ciudadano-ilustre-sacerdote-cantautor-julian-zini_0_ATDVOoQno.html\" target=\"_blank\" rel=\"noreferrer noopener\">&nbsp;Zini muri\u00f3 en 2020<\/a>. La posta la tomaron&nbsp;<strong>dos curas j\u00f3venes<\/strong>, Ariel Gim\u00e9nez y Antonio Rosi,<\/p>\n\n\n\n<p>&#8220;\u00a1Juli\u00e1n Zini, te tenemos presente en nuestros corazones&#8221;, dir\u00e1n y como un escalofr\u00edo recorrer\u00e1 el lugar. Los curas har\u00e1n su bendici\u00f3n en un castellano regado de guaran\u00ed y hablar\u00e1n de un&nbsp;<strong>&#8220;Dios artista&#8221;<\/strong>&nbsp;y, con una bella m\u00fasica detr\u00e1s y bailarines que se van soltando, de &#8220;esto que somos,&nbsp;<strong>chamam\u00e9<\/strong>&#8220;.<\/p>\n\n\n\n<h2 class=\"wp-block-heading\">Orgullo, con LL<\/h2>\n\n\n\n<p>Es que la<strong>&nbsp;Fiesta del Chamam\u00e9<\/strong>, como se ve, es m\u00fasica y m\u00e1s que m\u00fasica. Es un lugar de encuentro -las familias con la heladerita llena de bebidas fr\u00edas; las se\u00f1oras endomingadas, el joven de boina abrazado a una chica- y tambi\u00e9n de afirmaci\u00f3n. Muchas veces se escuchar\u00e1 por el parlante eso de &#8220;orgullo&#8221;, con esa doble l pronunciada como con agua,&nbsp;<strong>&#8220;orgulio&#8221;<\/strong>.<\/p>\n\n\n\n<p>Mientras tanto, ya se animaron a subir las primeras parejas al escenario de baile, que est\u00e1 junto al principal y para el que&nbsp;<strong>no hay requisitos<\/strong>: quien quiere, baila. Los hay con trajes t\u00edpicos, con la Virgen estampada en la espalda, los hay en jeans. Los hay con y sin barbijos. Chiquitos, viejos.<img decoding=\"async\" src=\"https:\/\/www.clarin.com\/img\/2022\/01\/15\/bailen-parejas-en-el-escenario___CdFhGrPb7_720x0__1.jpg\" alt=\"Bailen. Parejas en el escenario de la Fiesta Nacional del Chamam\u00e9. Foto Zulma Ruiz Cuevas\/Instituto de Cultura de Corrientes\"><\/p>\n\n\n\n<p>Bailen. Parejas en el escenario de la Fiesta Nacional del Chamam\u00e9. Foto Zulma Ruiz Cuevas\/Instituto de Cultura de Corrientes<\/p>\n\n\n\n<p>Cuando termina el acto y arranca el concierto sube -a tono con el clima religioso- el Grupo de Buena Fe, que vuelve a invocar al Cielo, ahora cantando. Pero con el amor propio de Corrientes, que es una clave del chamam\u00e9: &#8220;Padre nuestro,&nbsp;<strong>no permitas que al poderoso adulemos<\/strong>&#8220;, cantan.<\/p>\n\n\n\n<p>Desde el escenario los locutores insisten: &#8220;En estos 20 meses se callaron las pe\u00f1as, los festivales, pero<strong>&nbsp;la pandemia no pudo callar al chamam\u00e9<\/strong>&#8220;. El p\u00fablico escucha tranquilo; tal vez por el calor, tal vez por los contagios, por la&nbsp;<strong>paliza&nbsp;<\/strong>que ha sido este tiempo, en la primera noche m\u00e1s que de locura el clima es de&nbsp;<strong>cari\u00f1o<\/strong>. La noche, la m\u00fasica, la luna intensa, el estar vivos.<\/p>\n\n\n\n<p>Y la locutora que invocaba a Dios hace un par\u00e9ntesis para mirar a la ciencia: &#8220;Por favor,&nbsp;<strong>vac\u00fanense<\/strong>, esto es tambi\u00e9n por nuestros hermanos, por nuestro pr\u00f3jimo&#8221;.<\/p>\n\n\n\n<p>En una carpa&nbsp;<strong>Gabriel Romero<\/strong>, el presidente del Instituto de Cultura de Corrientes, sigue la Fiesta tranquilo. Fue uno de los impulsores de la declaraci\u00f3n de la Unesco y ahora habla de otros planes, de valorizar las artesan\u00edas del Iber\u00e1, del patrimonio jesu\u00edtico de su provincia,&nbsp;<strong>del guaran\u00ed&nbsp;<\/strong>que &#8220;cuando \u00e9ramos chicos no nos dejaban hablar&#8221;.<\/p>\n\n\n\n<p>Afuera hay puestos de hamburguesas y otros que recuperan viejas comidas regionales. El cartel dice&nbsp;<strong>&#8220;chip\u00e1 guaz\u00fa&#8221;<\/strong>&nbsp;y tambi\u00e9n &#8220;Mbaipy&#8221; y &#8220;Mbej\u00fa&#8221;, adem\u00e1s de mandioca frita y otras delicias. Lo atienden se\u00f1oras que cocinan en sus casas: es un programa del INTA y el gobierno correntino que empez\u00f3 hace cuatro a\u00f1os.<\/p>\n\n\n\n<p>Se trata de buscar recursos pero tambi\u00e9n de ver que lo heredado, lo que ense\u00f1\u00f3 la abuela, no es de segunda.&nbsp;<strong>&#8220;Que no vaya un turista y le den una hamburguesa&#8221;<\/strong>, dice Estefan\u00eda Cutro, una t\u00e9cnica del programa. y ofrece &#8220;mbej\u00fa&#8221;, un antecedente del chip\u00e1: almid\u00f3n, queso y leche. &#8220;<a href=\"https:\/\/www.clarin.com\/tema\/narda-lepes.html\" target=\"_blank\" rel=\"noreferrer noopener\">Narda&nbsp;<\/a>vino al Iber\u00e1 y lo incorpor\u00f3&#8221;, gui\u00f1a. Pero tira el dato: &#8220;Iber\u00e1 es la zona m\u00e1s pobre de&nbsp;<strong>una provincia muy pobre<\/strong>&#8220;.<\/p>\n\n\n\n<p>Afuera sigue la m\u00fasica. Ya toc\u00f3 Coquimarola -el hijo del Mario del Tr\u00e1nsito que da nombre al anfiteatro-, ya toc\u00f3 Silvina Escalante. Ya son\u00f3 alg\u00fan tema de Ram\u00f3n Ayala. Ya cantamos&nbsp;<strong>al r\u00edo, al amor, al trabajo<\/strong>, a los que se van del interior para estudiar. Vamos entrando, con el cuidado del caso, al&nbsp;<strong>chamam\u00e9<\/strong>.<\/p>\n\n\n\n<p>Qu\u00e9 bueno que lo hayan reconocido en Par\u00eds pero la verdad es que por ac\u00e1 ya se sab\u00eda eso que grita la locutora: &#8220;El chamam\u00e9 est\u00e1 m\u00e1s vivo que nunca y es profeta en su tierra&#8221;. As\u00ed que, como dice ella, &#8220;Chamam\u00e9, salud, ya sos universal&#8221;.<\/p>\n\n\n\n<p><strong><em>Corrientes. Enviada especial<\/em><\/strong><\/p>\n\n\n\n<p>FUENTE: CLARIN: https:\/\/www.clarin.com\/cultura\/calor-pandemia-pudieron-chamame-patrimonio-humanidad_0_TN3gNnpgp.html<\/p>\n\n\n\n<p><\/p>\n\n\n\n<hr class=\"wp-block-separator\"\/>\n","protected":false},"excerpt":{"rendered":"<p>Ni el calor ni la pandemia pudieron con el chamam\u00e9, Patrimonio de la Humanidad Empez\u00f3, en Corrientes, la Fiesta Nacional, un a\u00f1o despu\u00e9s del reconocimiento que le dio la Unesco. Bendici\u00f3n inaugural de la Fiesta del chamam\u00e9, en Corrientes Si a m\u00ed me hubieran dicho que esa a la que le dicen&nbsp;&#8220;nuestra morena de Itat\u00ed&#8220;,&nbsp;&#8220;nuestra&#8230;<\/p>\n","protected":false},"author":1,"featured_media":914,"comment_status":"open","ping_status":"closed","sticky":false,"template":"","format":"standard","meta":{"footnotes":""},"categories":[1],"tags":[],"class_list":["post-912","post","type-post","status-publish","format-standard","has-post-thumbnail","hentry","category-noticias"],"_links":{"self":[{"href":"https:\/\/fiestanacionaldelchamame.com.ar\/index.php?rest_route=\/wp\/v2\/posts\/912","targetHints":{"allow":["GET"]}}],"collection":[{"href":"https:\/\/fiestanacionaldelchamame.com.ar\/index.php?rest_route=\/wp\/v2\/posts"}],"about":[{"href":"https:\/\/fiestanacionaldelchamame.com.ar\/index.php?rest_route=\/wp\/v2\/types\/post"}],"author":[{"embeddable":true,"href":"https:\/\/fiestanacionaldelchamame.com.ar\/index.php?rest_route=\/wp\/v2\/users\/1"}],"replies":[{"embeddable":true,"href":"https:\/\/fiestanacionaldelchamame.com.ar\/index.php?rest_route=%2Fwp%2Fv2%2Fcomments&post=912"}],"version-history":[{"count":1,"href":"https:\/\/fiestanacionaldelchamame.com.ar\/index.php?rest_route=\/wp\/v2\/posts\/912\/revisions"}],"predecessor-version":[{"id":913,"href":"https:\/\/fiestanacionaldelchamame.com.ar\/index.php?rest_route=\/wp\/v2\/posts\/912\/revisions\/913"}],"wp:featuredmedia":[{"embeddable":true,"href":"https:\/\/fiestanacionaldelchamame.com.ar\/index.php?rest_route=\/wp\/v2\/media\/914"}],"wp:attachment":[{"href":"https:\/\/fiestanacionaldelchamame.com.ar\/index.php?rest_route=%2Fwp%2Fv2%2Fmedia&parent=912"}],"wp:term":[{"taxonomy":"category","embeddable":true,"href":"https:\/\/fiestanacionaldelchamame.com.ar\/index.php?rest_route=%2Fwp%2Fv2%2Fcategories&post=912"},{"taxonomy":"post_tag","embeddable":true,"href":"https:\/\/fiestanacionaldelchamame.com.ar\/index.php?rest_route=%2Fwp%2Fv2%2Ftags&post=912"}],"curies":[{"name":"wp","href":"https:\/\/api.w.org\/{rel}","templated":true}]}}