{"id":880,"date":"2022-01-09T08:53:00","date_gmt":"2022-01-09T11:53:00","guid":{"rendered":"https:\/\/fiestanacionaldelchamame.com.ar\/?p=880"},"modified":"2022-01-11T08:58:44","modified_gmt":"2022-01-11T11:58:44","slug":"desfile-de-moda-en-el-teatro-vera","status":"publish","type":"post","link":"https:\/\/fiestanacionaldelchamame.com.ar\/?p=880","title":{"rendered":"DESFILE DE MODA EN EL TEATRO VERA"},"content":{"rendered":"\n<p>Luciana Custidiano presenta \u201cEsp\u00edritu Tarag\u00fc\u00ed\u201d la expresi\u00f3n de la alta costura del chamam\u00e9<\/p>\n\n\n\n<p>El universo del dise\u00f1o y la alta costura forman parte de la expresi\u00f3n cultural que abraza la 31\u00b0 Fiesta Nacional del Chamam\u00e9 y 17\u00b0 del Mercosur que presenta este mi\u00e9rcoles a las 21 el desfile \u201cEsp\u00edritu Tarag\u00fc\u00ed\u201d. La misma es presentada por la reconocida marca de dise\u00f1o Laura Custidiano y tendr\u00e1 como escenario las escalinatas del teatro oficial Juan de Vera y ser\u00e1 la antesala de la apertura oficial de la m\u00e1xima celebraci\u00f3n chamamecera en el anfiteatro Cocomarola.<br>Marca distinguida con el sello \u201cBuen Dise\u00f1o Argentino\u201d 2018-2019 y 2021. El desfile incluir\u00e1 la participaci\u00f3n de 20 modelos que exhibir\u00e1n la Indumentaria y Accesorios confeccionados con compromiso Ecol\u00f3gico e Identidad Regional.<br>Los dise\u00f1adores fundadores de la marca Mar\u00eda Laura Custidiano y Gustavo G\u00f3mez Navarro proponen este evento en el que mostrar\u00e1n una colecci\u00f3n de indumentaria y accesorios elaborados con concepto sustentable y neoartesanal, inspirada en la naturaleza, en nuestra cultura, e identidad regional.<br>Se podr\u00e1n apreciar dise\u00f1os confeccionados con textiles y mano de obra local. \u201cLas prendas son te\u00f1idas con t\u00e9cnicas artesanales de tintes naturales (yerba mate, t\u00e9, c\u00e1scara de cebollas, entre otros) y estampados bot\u00e1nicos\u201d, expres\u00f3 la dise\u00f1adora.<br>Acompa\u00f1ar\u00e1n a esta colecci\u00f3n accesorios realizados con descartes de maderas, textiles y plantas de nuestra regi\u00f3n.<br>Este evento est\u00e1 realizado en el marco de la Fiesta Nacional del Chamam\u00e9 (FNCH), bajo el lema Chamam\u00e9 &#8220;Abrazo que enchamiga naciones&#8221;, organizando por el Instituto de Cultura de la provincia de Corrientes.<br>Durante el evento actuar\u00e1n el tr\u00edo Delvalle, Fern\u00e1ndez, Galarza, quienes acompa\u00f1ar\u00e1n las pasadas de las modelos de la agencia M&#8217; Chic junto a puesta escenogr\u00e1fica del Ballet Oficial de la FNCH dirigido por Luis Marinoni. El desfile contar\u00e1 con la conducci\u00f3n de Ivana Blanco Vallejos.<\/p>\n","protected":false},"excerpt":{"rendered":"<p>Luciana Custidiano presenta \u201cEsp\u00edritu Tarag\u00fc\u00ed\u201d la expresi\u00f3n de la alta costura del chamam\u00e9 El universo del dise\u00f1o y la alta costura forman parte de la expresi\u00f3n cultural que abraza la 31\u00b0 Fiesta Nacional del Chamam\u00e9 y 17\u00b0 del Mercosur que presenta este mi\u00e9rcoles a las 21 el desfile \u201cEsp\u00edritu Tarag\u00fc\u00ed\u201d. La misma es presentada por&#8230;<\/p>\n","protected":false},"author":1,"featured_media":881,"comment_status":"open","ping_status":"closed","sticky":false,"template":"","format":"standard","meta":{"footnotes":""},"categories":[1],"tags":[],"class_list":["post-880","post","type-post","status-publish","format-standard","has-post-thumbnail","hentry","category-noticias"],"_links":{"self":[{"href":"https:\/\/fiestanacionaldelchamame.com.ar\/index.php?rest_route=\/wp\/v2\/posts\/880","targetHints":{"allow":["GET"]}}],"collection":[{"href":"https:\/\/fiestanacionaldelchamame.com.ar\/index.php?rest_route=\/wp\/v2\/posts"}],"about":[{"href":"https:\/\/fiestanacionaldelchamame.com.ar\/index.php?rest_route=\/wp\/v2\/types\/post"}],"author":[{"embeddable":true,"href":"https:\/\/fiestanacionaldelchamame.com.ar\/index.php?rest_route=\/wp\/v2\/users\/1"}],"replies":[{"embeddable":true,"href":"https:\/\/fiestanacionaldelchamame.com.ar\/index.php?rest_route=%2Fwp%2Fv2%2Fcomments&post=880"}],"version-history":[{"count":1,"href":"https:\/\/fiestanacionaldelchamame.com.ar\/index.php?rest_route=\/wp\/v2\/posts\/880\/revisions"}],"predecessor-version":[{"id":883,"href":"https:\/\/fiestanacionaldelchamame.com.ar\/index.php?rest_route=\/wp\/v2\/posts\/880\/revisions\/883"}],"wp:featuredmedia":[{"embeddable":true,"href":"https:\/\/fiestanacionaldelchamame.com.ar\/index.php?rest_route=\/wp\/v2\/media\/881"}],"wp:attachment":[{"href":"https:\/\/fiestanacionaldelchamame.com.ar\/index.php?rest_route=%2Fwp%2Fv2%2Fmedia&parent=880"}],"wp:term":[{"taxonomy":"category","embeddable":true,"href":"https:\/\/fiestanacionaldelchamame.com.ar\/index.php?rest_route=%2Fwp%2Fv2%2Fcategories&post=880"},{"taxonomy":"post_tag","embeddable":true,"href":"https:\/\/fiestanacionaldelchamame.com.ar\/index.php?rest_route=%2Fwp%2Fv2%2Ftags&post=880"}],"curies":[{"name":"wp","href":"https:\/\/api.w.org\/{rel}","templated":true}]}}