{"id":859,"date":"2021-12-02T10:50:00","date_gmt":"2021-12-02T13:50:00","guid":{"rendered":"https:\/\/fiestanacionaldelchamame.com.ar\/?p=859"},"modified":"2022-01-10T10:52:06","modified_gmt":"2022-01-10T13:52:06","slug":"se-viene-el-bailantazo-de-la-31a-fiesta-nacional-del-chamame","status":"publish","type":"post","link":"https:\/\/fiestanacionaldelchamame.com.ar\/?p=859","title":{"rendered":"Se viene el bailantazo de la 31\u00aa Fiesta Nacional del Chamam\u00e9"},"content":{"rendered":"\n<p>El Gobierno de la Provincia, a trav\u00e9s del Instituto de Cultura de Corrientes, trabaja en la organizaci\u00f3n de la 31\u00aa Fiesta Nacional del Chamam\u00e9, 17\u00aa Fiesta del Chamam\u00e9 del MERCOSUR y primera celebraci\u00f3n mundial. Suma escenarios para que nadie se quede afuera, y con ese prop\u00f3sito se realizar\u00e1 el primer bailantazo en la ciudad de Corrientes.<\/p>\n\n\n\n<p>Esta bailanta chamamecera tradicional tendr\u00e1 lugar en plaza Rivera (avenida Centenario y Medrano), el s\u00e1bado 15 y domingo 16 de enero, y del 20 al 23 del mismo mes, en el horario de 15 a 20. En cada jornada actuar\u00e1n cuatro conjuntos, habr\u00e1 una gran pista para bailar y el acceso ser\u00e1 totalmente gratuito.<\/p>\n\n\n\n<p>\u201cEstamos contentos de llevar adelante este primer gran bailantazo, para el cual convocamos junto con el Instituto de Cultura a un total de 24 conjuntos chamameceros. La idea es que la gente que no puede movilizarse a las localidades del interior, disfrute de una gran bailanta en la Capital\u201d, explic\u00f3 el m\u00fasico Tono Ben\u00edtez, quien propuso la actividad y est\u00e1 a cargo de su coordinaci\u00f3n.<\/p>\n\n\n\n<p>Coment\u00f3 adem\u00e1s que cada conjunto chamamecer\u00e1 desplegar\u00e1 su m\u00fasica e invitar\u00e1 a bailar durante alrededor de una hora. Habr\u00e1 artistas de Bella Vista, San Tom\u00e9, Itat\u00ed, San Roque, Capital, entre otros.<\/p>\n\n\n\n<p>\u201cEste bailantazo es una actividad central que forma parte de la Fiesta Nacional del Chamam\u00e9, y cobra relevancia porque tiene como protagonista a la comunidad portadora (la gente), que es la verdadera due\u00f1a del chamam\u00e9\u201d, destac\u00f3 el director de la Fiesta, Eduardo S\u00edvori. &nbsp;<\/p>\n\n\n\n<p><strong>PROGRAMACI\u00d3N<\/strong><\/p>\n\n\n\n<p><strong>15 DE ENERO<\/strong><\/p>\n\n\n\n<p>Kebin Gonz\u00e1lez y su conjunto<\/p>\n\n\n\n<p>Los Promeseros de la Virgen de la Mercedes<\/p>\n\n\n\n<p>Los Karay del Chamam\u00e9<\/p>\n\n\n\n<p>Amistad Chamamecera<\/p>\n\n\n\n<p><strong>16 DE ENERO<\/strong><strong><\/strong><\/p>\n\n\n\n<p>Manuelito Gonz\u00e1lez y su Conjunto (Itat\u00ed)<\/p>\n\n\n\n<p>Grupo Yeroky<\/p>\n\n\n\n<p>Jos\u00e9 \u00c1lvarez Grupo<\/p>\n\n\n\n<p>Los Criollos del Chamam\u00e9<\/p>\n\n\n\n<p><strong>20 DE ENERO<\/strong><strong><\/strong><\/p>\n\n\n\n<p>Los terribles del chamam\u00e9<\/p>\n\n\n\n<p>Rub\u00e9n Acosta y su grupo Vivencias<\/p>\n\n\n\n<p>Los Caballeritos de la Noche<\/p>\n\n\n\n<p>Orlando R\u00edos y su grupo Herencia Correntina<\/p>\n\n\n\n<p><strong>21 DE ENERO<\/strong><\/p>\n\n\n\n<p>Braian Acevedo y su grupo<\/p>\n\n\n\n<p>Retorno Pora Juan Cabrera<\/p>\n\n\n\n<p>Los Caballeritos de la Noche<\/p>\n\n\n\n<p>Gustavito y sus Pr\u00edncipes<\/p>\n\n\n\n<p><strong>22 DE ENERO<\/strong><\/p>\n\n\n\n<p>Mario Soto el Campesino<\/p>\n\n\n\n<p>Abel Fern\u00e1ndez y su conjunto<\/p>\n\n\n\n<p>Grupo Taragu\u00ed Barba Ram\u00edrez<\/p>\n\n\n\n<p>El Gringo Acu\u00f1a<\/p>\n\n\n\n<p><strong>23 DE ENERO<\/strong><\/p>\n\n\n\n<p>Los Intocables del Chamam\u00e9<\/p>\n\n\n\n<p>Los Mellizos Rodr\u00edguez<\/p>\n\n\n\n<p>Jos\u00e9 Tallar\u00edn Espuela del Litoral<\/p>\n\n\n\n<p>La Pura y el Zurdo Gonz\u00e1lez<\/p>\n","protected":false},"excerpt":{"rendered":"<p>El Gobierno de la Provincia, a trav\u00e9s del Instituto de Cultura de Corrientes, trabaja en la organizaci\u00f3n de la 31\u00aa Fiesta Nacional del Chamam\u00e9, 17\u00aa Fiesta del Chamam\u00e9 del MERCOSUR y primera celebraci\u00f3n mundial. Suma escenarios para que nadie se quede afuera, y con ese prop\u00f3sito se realizar\u00e1 el primer bailantazo en la ciudad de&#8230;<\/p>\n","protected":false},"author":1,"featured_media":860,"comment_status":"open","ping_status":"closed","sticky":false,"template":"","format":"standard","meta":{"footnotes":""},"categories":[1],"tags":[],"class_list":["post-859","post","type-post","status-publish","format-standard","has-post-thumbnail","hentry","category-noticias"],"_links":{"self":[{"href":"https:\/\/fiestanacionaldelchamame.com.ar\/index.php?rest_route=\/wp\/v2\/posts\/859","targetHints":{"allow":["GET"]}}],"collection":[{"href":"https:\/\/fiestanacionaldelchamame.com.ar\/index.php?rest_route=\/wp\/v2\/posts"}],"about":[{"href":"https:\/\/fiestanacionaldelchamame.com.ar\/index.php?rest_route=\/wp\/v2\/types\/post"}],"author":[{"embeddable":true,"href":"https:\/\/fiestanacionaldelchamame.com.ar\/index.php?rest_route=\/wp\/v2\/users\/1"}],"replies":[{"embeddable":true,"href":"https:\/\/fiestanacionaldelchamame.com.ar\/index.php?rest_route=%2Fwp%2Fv2%2Fcomments&post=859"}],"version-history":[{"count":1,"href":"https:\/\/fiestanacionaldelchamame.com.ar\/index.php?rest_route=\/wp\/v2\/posts\/859\/revisions"}],"predecessor-version":[{"id":861,"href":"https:\/\/fiestanacionaldelchamame.com.ar\/index.php?rest_route=\/wp\/v2\/posts\/859\/revisions\/861"}],"wp:featuredmedia":[{"embeddable":true,"href":"https:\/\/fiestanacionaldelchamame.com.ar\/index.php?rest_route=\/wp\/v2\/media\/860"}],"wp:attachment":[{"href":"https:\/\/fiestanacionaldelchamame.com.ar\/index.php?rest_route=%2Fwp%2Fv2%2Fmedia&parent=859"}],"wp:term":[{"taxonomy":"category","embeddable":true,"href":"https:\/\/fiestanacionaldelchamame.com.ar\/index.php?rest_route=%2Fwp%2Fv2%2Fcategories&post=859"},{"taxonomy":"post_tag","embeddable":true,"href":"https:\/\/fiestanacionaldelchamame.com.ar\/index.php?rest_route=%2Fwp%2Fv2%2Ftags&post=859"}],"curies":[{"name":"wp","href":"https:\/\/api.w.org\/{rel}","templated":true}]}}