{"id":856,"date":"2021-12-01T10:48:00","date_gmt":"2021-12-01T13:48:00","guid":{"rendered":"https:\/\/fiestanacionaldelchamame.com.ar\/?p=856"},"modified":"2022-01-10T10:49:49","modified_gmt":"2022-01-10T13:49:49","slug":"adelanto-de-la-grilla-de-la-31a-fiesta-nacional-del-chamame","status":"publish","type":"post","link":"https:\/\/fiestanacionaldelchamame.com.ar\/?p=856","title":{"rendered":"Adelanto de la grilla de la 31\u00aa Fiesta Nacional del Chamam\u00e9"},"content":{"rendered":"\n<p>El Gobierno de la Provincia, a trav\u00e9s del Instituto de Cultura de Corrientes, confirma un adelanto de la grilla de la 31\u00aa Fiesta Nacional del Chamam\u00e9, 17\u00aa Fiesta del Chamam\u00e9 del MERCOSUR y 1\u00aa invitaci\u00f3n mundial a celebrar el chamam\u00e9, a desarrollarse del 14 al 23 de enero del 2022.<\/p>\n\n\n\n<p>\u201cHoy podemos confirmar a&nbsp; estos artistas por noche. Es un adelanto de una grilla que traer\u00e1 m\u00e1s anuncios para lo cual estamos trabajando\u201d, confirm\u00f3 el presidente del Instituto de Cultura, Arq. Gabriel Romero.<\/p>\n\n\n\n<p><strong>Viernes 14\/01\/2022-APERTURA<\/strong><\/p>\n\n\n\n<p>Rudi Flores<\/p>\n\n\n\n<p>Coquimarola y su Conjunto<\/p>\n\n\n\n<p>Amanday\u00e9<\/p>\n\n\n\n<p>Grupo Neike Chamigo (Homenaje al padre Juli\u00e1n Zini)<\/p>\n\n\n\n<p>Juancito G\u00fcenaga<\/p>\n\n\n\n<p>Gicela M\u00e9ndez Ribeiro<\/p>\n\n\n\n<p>Vicky S\u00e1nchez<\/p>\n\n\n\n<p>Mauro Bonamino<\/p>\n\n\n\n<p>Confluencias (ensamble de mujeres)<\/p>\n\n\n\n<p>Miguel Arce y la Yunta del Chamam\u00e9<\/p>\n\n\n\n<p>Banda Sinf\u00f3nica Regimiento Patricios<\/p>\n\n\n\n<p><strong>S\u00e1bado 15\/01\/2022<\/strong><\/p>\n\n\n\n<p>Ofelia Leiva<\/p>\n\n\n\n<p>Banda Sinf\u00f3nica de la Prefectura Naval Argentina<\/p>\n\n\n\n<p>Cacho Esp\u00edndola<\/p>\n\n\n\n<p>Marcia M\u00fcller (Entre R\u00edos)<\/p>\n\n\n\n<p>Cesar Frette Tr\u00edo (San Roque)<\/p>\n\n\n\n<p>Nico Cardozo<\/p>\n\n\n\n<p>Susy de Pompert<\/p>\n\n\n\n<p>Las Guitarras De Curuz\u00fa<\/p>\n\n\n\n<p>Sim\u00f3n Morales y su Conjunto<\/p>\n\n\n\n<p>Hugo Leiva y la Nueva Estirpe<\/p>\n\n\n\n<p><strong>Domingo 16\/01\/2022<\/strong><\/p>\n\n\n\n<p>Santiago \u201cBocha\u201d Sheridan<\/p>\n\n\n\n<p>Camerata Zuid De Tilburg, Pa\u00edses Bajos (Dir. Frank Adams) C\/N Nino Zannoni y Milagros Caliva<\/p>\n\n\n\n<p>Paquito Aranda<\/p>\n\n\n\n<p>Hugo Flores<\/p>\n\n\n\n<p>Tajy<\/p>\n\n\n\n<p>Florencia De Pompert (San Miguel)<\/p>\n\n\n\n<p>Ger\u00f3nimo Zamb\u00f3n (Monte Caseros)<\/p>\n\n\n\n<p>Tupa Noy<\/p>\n\n\n\n<p>Gente de Ley<\/p>\n\n\n\n<p>Vicente Franco y sus Criollos<\/p>\n\n\n\n<p><strong>Lunes 17\/01\/2022<\/strong><\/p>\n\n\n\n<p>Franco Luciani<\/p>\n\n\n\n<p>Mavi D\u00edaz y la Folkies<\/p>\n\n\n\n<p>Mar\u00eda Elena Sosa<\/p>\n\n\n\n<p>Grupo Itat\u00ed<\/p>\n\n\n\n<p>Tarag\u00fci Co\u00e9 con Ana Paula Romero (Homenaje a Juan Sacc\u00fa)<\/p>\n\n\n\n<p>Tono Ben\u00edtez<\/p>\n\n\n\n<p>Juan Pablo Barber\u00e1n<\/p>\n\n\n\n<p>Esteban Esp\u00edndola \u201cel pichoncito del acorde\u00f3n\u201d<\/p>\n\n\n\n<p>Panchito Galarza<\/p>\n\n\n\n<p><strong>Martes 18\/01\/2022<\/strong><\/p>\n\n\n\n<p>Teresa Parodi<\/p>\n\n\n\n<p>Lito Vitale: Baglietto, Jairo, Hilda Lizarazu, La Bruja<\/p>\n\n\n\n<p>Bel\u00e9n Majul<\/p>\n\n\n\n<p>Diego Guti\u00e9rrez<\/p>\n\n\n\n<p>Irundy<\/p>\n\n\n\n<p>Blas Mart\u00ednez Riera Grupo<\/p>\n\n\n\n<p>Las damas del Litoral<\/p>\n\n\n\n<p>Pablo Chamorro<\/p>\n\n\n\n<p>Germ\u00e1n To\u00f1anez<\/p>\n\n\n\n<p>Jos\u00e9 \u00c1lvarez<\/p>\n\n\n\n<p><strong>Mi\u00e9rcoles 19\/01\/2022<\/strong><\/p>\n\n\n\n<p>Ra\u00fal Barboza<\/p>\n\n\n\n<p>Los Hijos de los Barrios<\/p>\n\n\n\n<p>Tup\u00e1<\/p>\n\n\n\n<p>Opus Cuatro<\/p>\n\n\n\n<p>Nahuel Pennisi<\/p>\n\n\n\n<p>Las Novas (Movimiento Nueva Corriente)<\/p>\n\n\n\n<p>Tributo de la Fundaci\u00f3n Memoria del Chamam\u00e9: a los 50 A\u00f1os de &#8220;Canci\u00f3n Nueva Correntina&#8221;<\/p>\n\n\n\n<p>Chamameceros de ley.<\/p>\n\n\n\n<p>N\u00e9lida Argentina Zen\u00f3n<\/p>\n\n\n\n<p>Tallar\u00edn y sus espuelas del Litoral<\/p>\n\n\n\n<p><strong>Jueves 20\/01\/2022<\/strong><\/p>\n\n\n\n<p>Hermanas Vera<\/p>\n\n\n\n<p>Chango Spasiuk c\/ Elena Rogers<\/p>\n\n\n\n<p>Mar\u00eda Ofelia<\/p>\n\n\n\n<p>Mateo Villalba<\/p>\n\n\n\n<p>Bruno Mendoza<\/p>\n\n\n\n<p>Los Chaque\u00f1\u00edsimos Cardozo<\/p>\n\n\n\n<p>Jorge Suligoy<\/p>\n\n\n\n<p>Emilianito L\u00f3pez<\/p>\n\n\n\n<p>Manuel Cruz y su Cuarteto Estampa Correntina<\/p>\n\n\n\n<p>Nino Ram\u00edrez y los Sanmiguele\u00f1os<\/p>\n\n\n\n<p><strong>Viernes 21\/01\/2022<\/strong><\/p>\n\n\n\n<p>Antonio Tarrag\u00f3 Ros<\/p>\n\n\n\n<p>Eustaquio Mi\u00f1o y su conjunto<\/p>\n\n\n\n<p>Los Alonsitos<\/p>\n\n\n\n<p>Los N\u00fa\u00f1ez<\/p>\n\n\n\n<p>Gabino y F\u00e9lix Ch\u00e1vez<\/p>\n\n\n\n<p>Las Guaynas Por\u00e1<\/p>\n\n\n\n<p>Juliana Zalazar<\/p>\n\n\n\n<p>Conjunto Nuevo Horizonte<\/p>\n\n\n\n<p>Patricia G\u00f3mez<\/p>\n\n\n\n<p>Guaran\u00edtica<\/p>\n\n\n\n<p><strong>S\u00e1bado 22\/01\/2022<\/strong><\/p>\n\n\n\n<p>Los de Imaguar\u00e9<\/p>\n\n\n\n<p>Gabriel Cocomarola<\/p>\n\n\n\n<p>Sof\u00eda Morales<\/p>\n\n\n\n<p>Mat\u00edas Galarza<\/p>\n\n\n\n<p>Mirian Asuad con Mart\u00edn Cheme<\/p>\n\n\n\n<p>Mat\u00edas Barb\u00e1s y su Conjunto<\/p>\n\n\n\n<p>Juan Manuel Silveyra y Luis Cardozo<\/p>\n\n\n\n<p>Guido Encinas<\/p>\n\n\n\n<p>Lucas Monz\u00f3n<\/p>\n\n\n\n<p>Graciela Linares y Roberto Romero<\/p>\n\n\n\n<p><strong>Domingo 23\/01\/2022-CIERRE<\/strong><\/p>\n\n\n\n<p>Sim\u00f3n De Jes\u00fas Palacios<\/p>\n\n\n\n<p>Soledad<\/p>\n\n\n\n<p>Ernestito Montiel y su Cuarteto Santa Ana<\/p>\n\n\n\n<p>Ver\u00f3nica Noguera<\/p>\n\n\n\n<p>Gustavo Miqueri y Tr\u00e9bol De Ases<\/p>\n\n\n\n<p>Los Matu\u00e1 Mercede\u00f1os<\/p>\n\n\n\n<p>Nahir Rodr\u00edguez<\/p>\n\n\n\n<p>La Pilarcita<\/p>\n\n\n\n<p>Ramiro Ojeda y su grupo<\/p>\n","protected":false},"excerpt":{"rendered":"<p>El Gobierno de la Provincia, a trav\u00e9s del Instituto de Cultura de Corrientes, confirma un adelanto de la grilla de la 31\u00aa Fiesta Nacional del Chamam\u00e9, 17\u00aa Fiesta del Chamam\u00e9 del MERCOSUR y 1\u00aa invitaci\u00f3n mundial a celebrar el chamam\u00e9, a desarrollarse del 14 al 23 de enero del 2022. \u201cHoy podemos confirmar a&nbsp; estos&#8230;<\/p>\n","protected":false},"author":1,"featured_media":857,"comment_status":"open","ping_status":"closed","sticky":false,"template":"","format":"standard","meta":{"footnotes":""},"categories":[1],"tags":[],"class_list":["post-856","post","type-post","status-publish","format-standard","has-post-thumbnail","hentry","category-noticias"],"_links":{"self":[{"href":"https:\/\/fiestanacionaldelchamame.com.ar\/index.php?rest_route=\/wp\/v2\/posts\/856","targetHints":{"allow":["GET"]}}],"collection":[{"href":"https:\/\/fiestanacionaldelchamame.com.ar\/index.php?rest_route=\/wp\/v2\/posts"}],"about":[{"href":"https:\/\/fiestanacionaldelchamame.com.ar\/index.php?rest_route=\/wp\/v2\/types\/post"}],"author":[{"embeddable":true,"href":"https:\/\/fiestanacionaldelchamame.com.ar\/index.php?rest_route=\/wp\/v2\/users\/1"}],"replies":[{"embeddable":true,"href":"https:\/\/fiestanacionaldelchamame.com.ar\/index.php?rest_route=%2Fwp%2Fv2%2Fcomments&post=856"}],"version-history":[{"count":1,"href":"https:\/\/fiestanacionaldelchamame.com.ar\/index.php?rest_route=\/wp\/v2\/posts\/856\/revisions"}],"predecessor-version":[{"id":858,"href":"https:\/\/fiestanacionaldelchamame.com.ar\/index.php?rest_route=\/wp\/v2\/posts\/856\/revisions\/858"}],"wp:featuredmedia":[{"embeddable":true,"href":"https:\/\/fiestanacionaldelchamame.com.ar\/index.php?rest_route=\/wp\/v2\/media\/857"}],"wp:attachment":[{"href":"https:\/\/fiestanacionaldelchamame.com.ar\/index.php?rest_route=%2Fwp%2Fv2%2Fmedia&parent=856"}],"wp:term":[{"taxonomy":"category","embeddable":true,"href":"https:\/\/fiestanacionaldelchamame.com.ar\/index.php?rest_route=%2Fwp%2Fv2%2Fcategories&post=856"},{"taxonomy":"post_tag","embeddable":true,"href":"https:\/\/fiestanacionaldelchamame.com.ar\/index.php?rest_route=%2Fwp%2Fv2%2Ftags&post=856"}],"curies":[{"name":"wp","href":"https:\/\/api.w.org\/{rel}","templated":true}]}}