{"id":853,"date":"2021-11-29T10:46:00","date_gmt":"2021-11-29T13:46:00","guid":{"rendered":"https:\/\/fiestanacionaldelchamame.com.ar\/?p=853"},"modified":"2022-01-10T10:47:57","modified_gmt":"2022-01-10T13:47:57","slug":"la-fiesta-nacional-del-chamame-se-vivira-en-los-museos-correntinos","status":"publish","type":"post","link":"https:\/\/fiestanacionaldelchamame.com.ar\/?p=853","title":{"rendered":"La Fiesta Nacional del Chamam\u00e9 se vivir\u00e1 en los museos correntinos"},"content":{"rendered":"\n<p>El Gobierno de la Provincia, a trav\u00e9s del Instituto de Cultura de Corrientes, avanza en los preparativos de la 31\u00aa Fiesta Nacional del Chamam\u00e9, 17\u00aa Fiesta del Chamam\u00e9 del MERCOSUR y 1\u00aa Celebraci\u00f3n Mundial, a desarrollarse del 14 al 23 de enero. Y como cada a\u00f1o, los museos provinciales abrir\u00e1n sus puertas con exposiciones vinculadas al chamam\u00e9.<\/p>\n\n\n\n<p><strong>BELLAS ARTES<\/strong><\/p>\n\n\n\n<p>El Museo de Bellas Artes (San Juan 634) se sumar\u00e1 a esta edici\u00f3n especial de la Fiesta Grande. Lo har\u00e1 con dos exposiciones referidas a nuestra m\u00fasica y en el marco celebratorio de la declaratoria del chamam\u00e9 por la UNESCO como Patrimonio Cultural Inmaterial de la Humanidad.<\/p>\n\n\n\n<p>El 16 de diciembre, a las 20, ser\u00e1 inaugurada la muestra de fotograf\u00edas realizadas por Zulma Ruiz Cuevas durante distintas ediciones de la Fiesta. Podr\u00e1 ser visitada en la Sala &#8220;Jos\u00e9 Negro&#8221; (Anexo), permaneciendo durante todo el mes de enero del 2022.<\/p>\n\n\n\n<p>La habilitaci\u00f3n de la otra exhibici\u00f3n est\u00e1 prevista para la primera semana de enero 2022 con obras patrimoniales de la instituci\u00f3n, de distintos artistas que reflejan nuestra m\u00fasica. Asimismo estar\u00e1n expuestos en los ventanales de la fachada del Museo, cuatro banners, gigantograf\u00edas que reproducen obras del Museo referidas al chamam\u00e9.<\/p>\n\n\n\n<p>Adem\u00e1s en la sala principal &#8220;Jos\u00e9 Negro&#8221; estar\u00e1 exhibida &#8220;Todo ser es un bicho&#8217; del artista Gustavo Mendoza y en la sala &#8220;Adolfo Mors&#8221; la colecci\u00f3n permanente &#8216;Felix Bunge&#8217;.<\/p>\n\n\n\n<p><strong>ARTESAN\u00cdAS<\/strong><\/p>\n\n\n\n<p>El Museo de Artesan\u00edas Tradicionales (MAT) realizar\u00e1 una muestra en el sal\u00f3n de conferencias.<\/p>\n\n\n\n<p>Se expondr\u00e1n los premios que se entregaban en los comienzos de la Fiesta Nacional del Chamam\u00e9, realizados por el maestro Cabrera Gregorio y Roberto Galarza. Cada pieza contar\u00e1 con una rese\u00f1a que brindar\u00e1 detalles del galard\u00f3n.<\/p>\n\n\n\n<p>Adem\u00e1s ser\u00e1 posible apreciar las prendas realizadas por artesanas en telar, crochet, bastidor y mi\u00f1ardi. Entre ellas, las vestimentas t\u00edpicas del mencho y la guaina al momento de asistir a las bailantas chamameceras.<\/p>\n\n\n\n<p>Finalmente el 14 de enero se realizar\u00e1 un desfile con el nombre de \u201c\u00d1ande Jopar\u00e2\u201d, que significa Nuestra mezcla, en el marco del ciclo \u201cArtesan\u00edas y Chamam\u00e9\u201d.<\/p>\n\n\n\n<p><strong>CIENCIAS NATURALES<\/strong><\/p>\n\n\n\n<p>El Museo de Ciencias Naturales&nbsp; \u201cAmado Bonpland&#8221; tambi\u00e9n se suma a la Fiesta con distintas propuestas.<\/p>\n\n\n\n<p>Una de ellas ser\u00e1 un \u201csafari urbano\u201d. Una recorrida guiada por la costanera, resaltando a la naturaleza que es siempre motivo de inspiraci\u00f3n para los m\u00fasicos, con el r\u00edo como protagonista, y como brazo que une provincias y naciones chamameceras.<\/p>\n\n\n\n<p>Se dictar\u00e1 adem\u00e1s la charla &#8220;Nuestra m\u00e1gica fauna&#8221; sobre animales aut\u00f3ctonos que podemos encontrar en el Museo y en las letras de cantautores chamameceros. Al igual que estar\u00e1 disponible al p\u00fablico la muestra temporaria acompa\u00f1ada por m\u00fasica que destaca las especies de nuestra fauna.<\/p>\n\n\n\n<p><strong>CASA \u00d1ANDEREKO<\/strong><\/p>\n\n\n\n<p>El Museo del Chamam\u00e9 y Carnaval Casa \u00d1anderek\u00f3 propone para la semana de la Fiesta Nacional del Chamam\u00e9 una serie de actividades.<\/p>\n\n\n\n<p>Los embajadores Virginia y Juli\u00e1n dar\u00e1n clases intensivas para aprender a bailar: \u201cVenga y aprenda a bailar chamam\u00e9 en una clase\u201d.<\/p>\n\n\n\n<p>Se podr\u00e1n recorrer las cuatro muestras con placas: la general que describe el desarrollo de la Fiesta del Chamam\u00e9, la de Juli\u00e1n Zini, la de Las Guaynas y la de Isaco. La de Isaco vuelve con objetos personales bajo el t\u00edtulo &#8220;Marzo de la larga ausencia&#8221;. Las dem\u00e1s se distribuyen en las paredes disponibles para que acompa\u00f1en el recorrido del visitante.<\/p>\n\n\n\n<p>Est\u00e1 prevista tambi\u00e9n la presentaci\u00f3n de libros, con charla debate posterior en el auditorio.<\/p>\n\n\n\n<p><strong>HIST\u00d3RICO<\/strong><\/p>\n\n\n\n<p>El Museo Hist\u00f3rico de la Provincia &#8220;Tte. De Gdor. Manuel Cabral de Melo y Alpo\u00edn&#8221; invitar\u00e1 a visitar presencial o virtualmente sus distintos salones durante el desarrollo de la Fiesta Nacional del Chamam\u00e9.<\/p>\n\n\n\n<p>Los horarios de visitas ser\u00e1n de lunes a viernes: de 8 a 12, y por la tarde de 16 a 20, en 9 de Julio 1044. Lo pueden hacer tambi\u00e9n a trav\u00e9s de las siguientes redes sociales: YouTube: Museo Hist\u00f3rico de Corrientes; Instagram: Museo_Historico.Ctes; Facebook: Museo Hist\u00f3rico de Corrientes<\/p>\n\n\n\n<p><strong>CASA MARTINEZ<\/strong><\/p>\n\n\n\n<p>Por su parte, el Museo Arqueol\u00f3gico y Antropol\u00f3gico, Casa Mart\u00ednez, ofrecer\u00e1 visitas guiadas a esta hist\u00f3rica casa, y adem\u00e1s ofrecer\u00e1 las muestras permanentes y temporarias en relaci\u00f3n al patrimonio.<\/p>\n","protected":false},"excerpt":{"rendered":"<p>El Gobierno de la Provincia, a trav\u00e9s del Instituto de Cultura de Corrientes, avanza en los preparativos de la 31\u00aa Fiesta Nacional del Chamam\u00e9, 17\u00aa Fiesta del Chamam\u00e9 del MERCOSUR y 1\u00aa Celebraci\u00f3n Mundial, a desarrollarse del 14 al 23 de enero. Y como cada a\u00f1o, los museos provinciales abrir\u00e1n sus puertas con exposiciones vinculadas&#8230;<\/p>\n","protected":false},"author":1,"featured_media":854,"comment_status":"open","ping_status":"closed","sticky":false,"template":"","format":"standard","meta":{"footnotes":""},"categories":[1],"tags":[],"class_list":["post-853","post","type-post","status-publish","format-standard","has-post-thumbnail","hentry","category-noticias"],"_links":{"self":[{"href":"https:\/\/fiestanacionaldelchamame.com.ar\/index.php?rest_route=\/wp\/v2\/posts\/853","targetHints":{"allow":["GET"]}}],"collection":[{"href":"https:\/\/fiestanacionaldelchamame.com.ar\/index.php?rest_route=\/wp\/v2\/posts"}],"about":[{"href":"https:\/\/fiestanacionaldelchamame.com.ar\/index.php?rest_route=\/wp\/v2\/types\/post"}],"author":[{"embeddable":true,"href":"https:\/\/fiestanacionaldelchamame.com.ar\/index.php?rest_route=\/wp\/v2\/users\/1"}],"replies":[{"embeddable":true,"href":"https:\/\/fiestanacionaldelchamame.com.ar\/index.php?rest_route=%2Fwp%2Fv2%2Fcomments&post=853"}],"version-history":[{"count":1,"href":"https:\/\/fiestanacionaldelchamame.com.ar\/index.php?rest_route=\/wp\/v2\/posts\/853\/revisions"}],"predecessor-version":[{"id":855,"href":"https:\/\/fiestanacionaldelchamame.com.ar\/index.php?rest_route=\/wp\/v2\/posts\/853\/revisions\/855"}],"wp:featuredmedia":[{"embeddable":true,"href":"https:\/\/fiestanacionaldelchamame.com.ar\/index.php?rest_route=\/wp\/v2\/media\/854"}],"wp:attachment":[{"href":"https:\/\/fiestanacionaldelchamame.com.ar\/index.php?rest_route=%2Fwp%2Fv2%2Fmedia&parent=853"}],"wp:term":[{"taxonomy":"category","embeddable":true,"href":"https:\/\/fiestanacionaldelchamame.com.ar\/index.php?rest_route=%2Fwp%2Fv2%2Fcategories&post=853"},{"taxonomy":"post_tag","embeddable":true,"href":"https:\/\/fiestanacionaldelchamame.com.ar\/index.php?rest_route=%2Fwp%2Fv2%2Ftags&post=853"}],"curies":[{"name":"wp","href":"https:\/\/api.w.org\/{rel}","templated":true}]}}