{"id":849,"date":"2021-11-24T21:41:00","date_gmt":"2021-11-25T00:41:00","guid":{"rendered":"https:\/\/fiestanacionaldelchamame.com.ar\/?p=849"},"modified":"2022-01-10T10:46:43","modified_gmt":"2022-01-10T13:46:43","slug":"corrientes-invito-al-pais-y-al-mundo-a-celebrar-la-31a-fiesta-nacional-del-chamame","status":"publish","type":"post","link":"https:\/\/fiestanacionaldelchamame.com.ar\/?p=849","title":{"rendered":"Corrientes invit\u00f3 al pa\u00eds y al mundo a celebrar la 31\u00aa  Fiesta Nacional del Chamam\u00e9"},"content":{"rendered":"\n<p>Desde lo m\u00e1s alto del CCK, Corrientes present\u00f3 la 31\u00aa Fiesta Nacional del Chamam\u00e9, 17\u00aa Fiesta del Chamam\u00e9 del MERCOSUR y primera celebraci\u00f3n mundial, a desarrollarse del 14 al 23 de enero del 2022. Funcionarios nacionales, provinciales, municipales y reconocidos artistas del g\u00e9nero engalanaron este lanzamiento nacional que cont\u00f3 con el cierre musical del ensamble de mujeres \u201cConfluencias\u201d.<\/p>\n\n\n\n<p>Estuvieron presentes m\u00fasicos que forman parte central de la Fiesta Grande cada mes de enero: Chango Spasiuk, Los de Imaguar\u00e9, Rafaela Vera, Gabino Chavez, Maria Ofelia, Aldy Balestra, Lorena Larrea Catterino, entre muchos otros.<\/p>\n\n\n\n<p>Formaron parte del acto de presentaci\u00f3n el senador nacional y vicegobernador electo, Pedro Braillard Poccard, el senador Camau Esp\u00ednola, los diputados Eduardo Hardoy y Ariel Baez, el senador electo Diego Pellegrini, al igual que el ministro de Seguridad, Juan Jos\u00e9 L\u00f3pez Desimoni. Por parte del Gobierno nacional, estuvo el ministro de Cultura, Tristan Bauer y la secretaria de Desarrollo Cultura, Lucrecia Cardoso.<\/p>\n\n\n\n<p>Por su parte, en representaci\u00f3n del Gobierno de la Ciudad de Buenos Aires, asisti\u00f3 el ministro de Cultura, Enrique Avogradro. Y por la municipalidad de la ciudad de Corrientes, se sum\u00f3 el secretario de Cultura, Turismo y Deportes, Juan Esteban Maldonado Yonna. Adem\u00e1s de autoridades de la Casa de Corrientes en Buenos Aires, de la Prefectura Naval Argentina y Canciller\u00eda Argentina. &nbsp;<\/p>\n\n\n\n<p><strong>El chamam\u00e9 es abrazo<\/strong><\/p>\n\n\n\n<p>El director general de la Fiesta Nacional del Chamam\u00e9, Eduardo S\u00edvori, fue el encargado de brindar detalles respecto a la pr\u00f3xima edici\u00f3n que ser\u00e1 especial porque ser\u00e1 la primera despu\u00e9s de la declaraci\u00f3n del chamam\u00e9 como Patrimonio Cultural Inmaterial de la Humanidad.<\/p>\n\n\n\n<p><strong>\u201c<\/strong>Venimos a invitar a compartir una Fiesta, no un evento. Una Fiesta que compartimos, que tiene que ver con la celebraci\u00f3n de nuestra identidad\u201d, se\u00f1al\u00f3<\/p>\n\n\n\n<p>A continuaci\u00f3n destac\u00f3 que en el transcurso de la pandemia sali\u00f3 el reconocimiento por parte de la UNESCO. \u201cFue algo muy lindo para nosotros porque el chamam\u00e9 que supo estar en el patio trasero, pas\u00f3 a ser una de las expresiones argentinas, junto con el tango, que fueron reconocidas como patrimonio de la humanidad\u201d.<\/p>\n\n\n\n<p>S\u00edvori se\u00f1al\u00f3 adem\u00e1s que desde el Gobierno de Corrientes se curs\u00f3 invitaciones a todos los pueblos del pa\u00eds para que celebren simult\u00e1neamente la Fiesta con la ciudad de Corrientes. \u201cLa comunidad portadora es la gente y es la que permiti\u00f3 que el chamam\u00e9 llegara vivo hasta ahora, por eso queremos que la celebraci\u00f3n sea de todos\u201d, agreg\u00f3.<\/p>\n\n\n\n<p>Tambi\u00e9n destac\u00f3 que al escenario mayor subir\u00e1 el seleccionado mundial del chamam\u00e9, donde no faltar\u00e1n los principales artistas del g\u00e9nero y la sangre nueva. Se suman artistas invitados que llegar\u00e1n a hacer un repertorio netamente chamamecero como el caso de Soledad Pastorutti, Nahuel Pennisi, Elena Roger, Lito Vitale, Hilda Lizarazu, Juan Carlos Baglietto, Jairo y varias sorpresas m\u00e1s que se confirmar\u00e1n en los pr\u00f3ximos d\u00edas.<\/p>\n\n\n\n<p><strong>Anfitriona<\/strong><\/p>\n\n\n\n<p>El secretario de Cultura, Turismo y Deportes, Juan Esteban Maldonado Yonna, destac\u00f3 que la ciudad de Corrientes es la anfitriona de una Fiesta tan importante como la del chamam\u00e9, que adem\u00e1s es la puerta de la temporada de verano que incluye en febrero a los Carnavales Correntinos.<\/p>\n\n\n\n<p>\u201cEstamos acompa\u00f1ando el trabajo de la Provincia, buscando realzar y fortalecer nuestras expresiones culturales. La invitaci\u00f3n en enero ser\u00e1 a vivir nuestra cultura en cada rinc\u00f3n de la ciudad, por eso estamos preparando con el intendente Eduardo Tassano y el Instituto de Cultura una serie de actividades que se vivir\u00e1n en los barrios, donde ubicaremos pantallas e instaremos escenarios\u201d, anticip\u00f3.<\/p>\n\n\n\n<p><strong>Hermandad<\/strong><\/p>\n\n\n\n<p>El presidente del Instituto de Cultura, Gabriel Romero, agradeci\u00f3 al ministerio de Cultura de la Naci\u00f3n poder realizar el lanzamiento en un lugar tan emblem\u00e1tico como la c\u00fapula del CCK, y al ministerio de la Ciudad de Buenos Aires, con quien se vienen llevando adelante diferentes acciones que tienen el chamam\u00e9 como protagonista.<\/p>\n\n\n\n<p>Destac\u00f3 adem\u00e1s que hace a\u00f1os el chamam\u00e9 es pol\u00edtica de estado para el Gobierno que lidera Gustavo Vald\u00e9s, y eso permiti\u00f3 posicionar a la Fiesta y alcanzar el reconocimiento de la UNESCO. \u201cEl chamam\u00e9 tienen la virtud de representar a una ampl\u00edsima regi\u00f3n que se hermana a trav\u00e9s de la m\u00fasica, la danza, la gastronom\u00eda y la identidad que comparten\u201d; dijo, y finaliz\u00f3 invitando a todos a disfrutar en enero de la gran fiesta de los correntinos y de toda la Naci\u00f3n Chamamecera.<\/p>\n\n\n\n<p><strong>Un regalo al mundo<\/strong><\/p>\n\n\n\n<p>El senador y vicegobernador electo Pedro Braillard Poccard se sum\u00f3 al agradecimiento por la posibilidad de presentar la Fiesta, en \u201ceste centro de la cultura argentina\u201d, y remarc\u00f3 que \u201cel chamam\u00e9 es el regalo que los correntinos realizamos al pa\u00eds y el mundo, un regalo que hacemos de coraz\u00f3n\u201d.<\/p>\n\n\n\n<p>Record\u00f3 un encuentro de jefes de Estado realizado en el Teatro Col\u00f3n, y el orgullo que sinti\u00f3 al ver lo que generaba la presentaci\u00f3n de un ballet chamamecero. \u201cAgradezco a cada uno de los m\u00fasicos y artistas que son los verdaderos protagonistas de la Fiesta. Nuestro reconocimiento a ellos\u201d, expres\u00f3, para finalizar invitando: \u201cLos esperamos a todos con los brazos abiertos\u201d.<\/p>\n\n\n\n<p><strong>Cierre art\u00edstico<\/strong><\/p>\n\n\n\n<p>Concluido el acto, se dio paso a la m\u00fasica. El cierre chamamecero estuvo a cargo de un ensamble de mujeres bautizado \u201cConfluencias\u201d. El mismo estuvo integrado por Milagros Caliva en bandone\u00f3n, Noealia Sinkunas en piano, Bel\u00e9n L\u00f3pez en contrabajo, Luc\u00eda Troiti\u00f1o en guitarra y como invitada, en la voz, la cantante Carolina Rojas.<\/p>\n\n\n\n<p>La Pareja Nacional del Chamam\u00e9: Lourdes Magali Montenegro y Jonathan Joel Roth demostraron una vez m\u00e1s sus destrezas en danza, d\u00e1ndole a\u00fan m\u00e1s color y sentimiento al lanzamiento.<\/p>\n\n\n\n<figure class=\"wp-block-embed is-type-video is-provider-youtube wp-block-embed-youtube wp-embed-aspect-16-9 wp-has-aspect-ratio\"><div class=\"wp-block-embed__wrapper\">\n<iframe title=\"Spot 31 Fiesta Nacional del Chamam\u00e8\" width=\"640\" height=\"360\" src=\"https:\/\/www.youtube.com\/embed\/BxiHzqjHU1c?feature=oembed\" frameborder=\"0\" allow=\"accelerometer; autoplay; clipboard-write; encrypted-media; gyroscope; picture-in-picture; web-share\" referrerpolicy=\"strict-origin-when-cross-origin\" allowfullscreen><\/iframe>\n<\/div><\/figure>\n","protected":false},"excerpt":{"rendered":"<p>Desde lo m\u00e1s alto del CCK, Corrientes present\u00f3 la 31\u00aa Fiesta Nacional del Chamam\u00e9, 17\u00aa Fiesta del Chamam\u00e9 del MERCOSUR y primera celebraci\u00f3n mundial, a desarrollarse del 14 al 23 de enero del 2022. Funcionarios nacionales, provinciales, municipales y reconocidos artistas del g\u00e9nero engalanaron este lanzamiento nacional que cont\u00f3 con el cierre musical del ensamble&#8230;<\/p>\n","protected":false},"author":1,"featured_media":850,"comment_status":"open","ping_status":"closed","sticky":false,"template":"","format":"standard","meta":{"footnotes":""},"categories":[1],"tags":[],"class_list":["post-849","post","type-post","status-publish","format-standard","has-post-thumbnail","hentry","category-noticias"],"_links":{"self":[{"href":"https:\/\/fiestanacionaldelchamame.com.ar\/index.php?rest_route=\/wp\/v2\/posts\/849","targetHints":{"allow":["GET"]}}],"collection":[{"href":"https:\/\/fiestanacionaldelchamame.com.ar\/index.php?rest_route=\/wp\/v2\/posts"}],"about":[{"href":"https:\/\/fiestanacionaldelchamame.com.ar\/index.php?rest_route=\/wp\/v2\/types\/post"}],"author":[{"embeddable":true,"href":"https:\/\/fiestanacionaldelchamame.com.ar\/index.php?rest_route=\/wp\/v2\/users\/1"}],"replies":[{"embeddable":true,"href":"https:\/\/fiestanacionaldelchamame.com.ar\/index.php?rest_route=%2Fwp%2Fv2%2Fcomments&post=849"}],"version-history":[{"count":2,"href":"https:\/\/fiestanacionaldelchamame.com.ar\/index.php?rest_route=\/wp\/v2\/posts\/849\/revisions"}],"predecessor-version":[{"id":852,"href":"https:\/\/fiestanacionaldelchamame.com.ar\/index.php?rest_route=\/wp\/v2\/posts\/849\/revisions\/852"}],"wp:featuredmedia":[{"embeddable":true,"href":"https:\/\/fiestanacionaldelchamame.com.ar\/index.php?rest_route=\/wp\/v2\/media\/850"}],"wp:attachment":[{"href":"https:\/\/fiestanacionaldelchamame.com.ar\/index.php?rest_route=%2Fwp%2Fv2%2Fmedia&parent=849"}],"wp:term":[{"taxonomy":"category","embeddable":true,"href":"https:\/\/fiestanacionaldelchamame.com.ar\/index.php?rest_route=%2Fwp%2Fv2%2Fcategories&post=849"},{"taxonomy":"post_tag","embeddable":true,"href":"https:\/\/fiestanacionaldelchamame.com.ar\/index.php?rest_route=%2Fwp%2Fv2%2Ftags&post=849"}],"curies":[{"name":"wp","href":"https:\/\/api.w.org\/{rel}","templated":true}]}}