{"id":846,"date":"2021-11-19T10:39:00","date_gmt":"2021-11-19T13:39:00","guid":{"rendered":"https:\/\/fiestanacionaldelchamame.com.ar\/?p=846"},"modified":"2022-01-10T10:40:58","modified_gmt":"2022-01-10T13:40:58","slug":"convocatoria-para-integrar-el-ballet-oficial-de-la-31a-fiesta-nacional-del-chamame","status":"publish","type":"post","link":"https:\/\/fiestanacionaldelchamame.com.ar\/?p=846","title":{"rendered":"Convocatoria para integrar el Ballet Oficial de la 31\u00aa Fiesta Nacional del Chamam\u00e9"},"content":{"rendered":"\n<p>El Gobierno de la Provincia, a trav\u00e9s del Instituto de Cultura, abre la convocatoria de bailarines para formar parte del elenco art\u00edstico del Ballet Oficial de la 31\u00aa Fiesta Nacional del Chamam\u00e9 y 17\u00aa Fiesta del Chamam\u00e9 del MERCOSUR, \u201cAbrazo que enchamiga naciones\u201d, del 7 de diciembre de este a\u00f1o al 23 de enero del 2022.<\/p>\n\n\n\n<p>Las audiciones se realizar\u00e1n en las instalaciones del Teatro Oficial Juan de Vera, ubicado en San Juan 637, el lunes 6 de diciembre, a partir de las 18 horas (desde las 17 se har\u00e1n las inscripciones). La convocatoria est\u00e1 dirigida a varones y mujeres mayores de 16 a\u00f1os, con experiencia en manejo esc\u00e9nico, formaci\u00f3n en danzas folcl\u00f3ricas y otras t\u00e9cnicas.<\/p>\n\n\n\n<p>Deber\u00e1n asistir con ropa c\u00f3moda, zapatos y botas y foto carnet 4&#215;4. Se le requerir\u00e1 adem\u00e1s el uso del barbijo y la presentaci\u00f3n del carnet \u00fanico de vacunaci\u00f3n contra el covid-19.<\/p>\n\n\n\n<p><strong>Preinscripci\u00f3n obligatoria<\/strong><\/p>\n\n\n\n<p>Los interesados deber\u00e1n completar el siguiente formulario:<\/p>\n\n\n\n<figure class=\"wp-block-embed\"><div class=\"wp-block-embed__wrapper\">\nhttps:\/\/docs.google.com\/&#8230;\/18Ih09eL9GR2LKiWfR&#8230;\/edit\n<\/div><\/figure>\n\n\n\n<p>Observaci\u00f3n: este formulario online, estar\u00e1 disponible en la p\u00e1gina, solo hasta el domingo 5 de diciembre al mediod\u00eda. Los formularios impresos se podr\u00e1n conseguir para hacer copia en Copymaster (San Juan 572), de 7:30 a 13hs y de 16:30 a 21:30hs.<\/p>\n\n\n\n<p>Para m\u00e1s Informaci\u00f3n: WhatsApp: 3794375550-3795071518 o al correo&nbsp;<a href=\"mailto:chamameballetoficial@gmail.com\" target=\"_blank\" rel=\"noreferrer noopener\">chamameballetoficial@gmail.com<\/a><\/p>\n","protected":false},"excerpt":{"rendered":"<p>El Gobierno de la Provincia, a trav\u00e9s del Instituto de Cultura, abre la convocatoria de bailarines para formar parte del elenco art\u00edstico del Ballet Oficial de la 31\u00aa Fiesta Nacional del Chamam\u00e9 y 17\u00aa Fiesta del Chamam\u00e9 del MERCOSUR, \u201cAbrazo que enchamiga naciones\u201d, del 7 de diciembre de este a\u00f1o al 23 de enero del&#8230;<\/p>\n","protected":false},"author":1,"featured_media":847,"comment_status":"open","ping_status":"closed","sticky":false,"template":"","format":"standard","meta":{"footnotes":""},"categories":[1],"tags":[],"class_list":["post-846","post","type-post","status-publish","format-standard","has-post-thumbnail","hentry","category-noticias"],"_links":{"self":[{"href":"https:\/\/fiestanacionaldelchamame.com.ar\/index.php?rest_route=\/wp\/v2\/posts\/846","targetHints":{"allow":["GET"]}}],"collection":[{"href":"https:\/\/fiestanacionaldelchamame.com.ar\/index.php?rest_route=\/wp\/v2\/posts"}],"about":[{"href":"https:\/\/fiestanacionaldelchamame.com.ar\/index.php?rest_route=\/wp\/v2\/types\/post"}],"author":[{"embeddable":true,"href":"https:\/\/fiestanacionaldelchamame.com.ar\/index.php?rest_route=\/wp\/v2\/users\/1"}],"replies":[{"embeddable":true,"href":"https:\/\/fiestanacionaldelchamame.com.ar\/index.php?rest_route=%2Fwp%2Fv2%2Fcomments&post=846"}],"version-history":[{"count":1,"href":"https:\/\/fiestanacionaldelchamame.com.ar\/index.php?rest_route=\/wp\/v2\/posts\/846\/revisions"}],"predecessor-version":[{"id":848,"href":"https:\/\/fiestanacionaldelchamame.com.ar\/index.php?rest_route=\/wp\/v2\/posts\/846\/revisions\/848"}],"wp:featuredmedia":[{"embeddable":true,"href":"https:\/\/fiestanacionaldelchamame.com.ar\/index.php?rest_route=\/wp\/v2\/media\/847"}],"wp:attachment":[{"href":"https:\/\/fiestanacionaldelchamame.com.ar\/index.php?rest_route=%2Fwp%2Fv2%2Fmedia&parent=846"}],"wp:term":[{"taxonomy":"category","embeddable":true,"href":"https:\/\/fiestanacionaldelchamame.com.ar\/index.php?rest_route=%2Fwp%2Fv2%2Fcategories&post=846"},{"taxonomy":"post_tag","embeddable":true,"href":"https:\/\/fiestanacionaldelchamame.com.ar\/index.php?rest_route=%2Fwp%2Fv2%2Ftags&post=846"}],"curies":[{"name":"wp","href":"https:\/\/api.w.org\/{rel}","templated":true}]}}