{"id":843,"date":"2021-11-19T10:36:00","date_gmt":"2021-11-19T13:36:00","guid":{"rendered":"https:\/\/fiestanacionaldelchamame.com.ar\/?p=843"},"modified":"2022-01-10T10:39:08","modified_gmt":"2022-01-10T13:39:08","slug":"desde-holanda-la-kamerata-zuid-vendra-a-rendir-su-tributo-al-chamame","status":"publish","type":"post","link":"https:\/\/fiestanacionaldelchamame.com.ar\/?p=843","title":{"rendered":"Desde Holanda la Kamerata Zuid vendr\u00e1 a rendir su tributo al chamam\u00e9"},"content":{"rendered":"\n<p>El Gobierno de la Provincia, a trav\u00e9s del Instituto de Cultura de Corrientes, avanza en la organizaci\u00f3n de la 31\u00aa Fiesta Nacional del Chamam\u00e9 y 17\u00aa Fiesta del Chamam\u00e9 del MERCOSUR, a desarrollarse del 14 al 23 de enero de 2022, y confirma que desde Holanda llegar\u00e1 la Kamerata Zuid con \u201cChamam\u00e9 sinf\u00f3nico\u201d.<\/p>\n\n\n\n<p>La propuesta fue ideada por Frank Adams (Director de la Orquesta de la Kamerata Zuid de Tilburg, Holanda), Nino Zannoni (cantante, autor y compositor) y Milagros Caliva (bandoneonista, arregladora y compositora). El pasado 17 de septiembre de 2020, realizaron por primera vez el concierto en el Concertzaal Theaters Tilburg, Pa\u00edses Bajos.<\/p>\n\n\n\n<p>Esta propuesta con la que visitar\u00e1n nuestro pa\u00eds con destino central la Fiesta Nacional del Chamam\u00e9,&nbsp; abarca un repertorio litorale\u00f1o de autores tradicionales y de composiciones propias.<\/p>\n\n\n\n<p>El maestro Adams viene visitando hace varios a\u00f1os nuestro pa\u00eds y ha dirigido, como invitado,&nbsp; la Orquesta Sinf\u00f3nica de Corrientes. Su contacto con Nino Zanonni fue clave en el acercamiento al chamam\u00e9. El proyecto tiene como estandarte acercarse a las ra\u00edces, a los primeros sonidos del chamam\u00e9 a fines de la d\u00e9cada de 1920.<\/p>\n\n\n\n<p>Para esta ocasi\u00f3n, con apoyo europeo, viajar\u00e1n directamente desde Pa\u00edses Bajos, la formaci\u00f3n de la Kamerata Zuid compuesta por el director Frank Adams, cuatro violines, dos violas, dos cellos, un contrabajo, un bandone\u00f3n (Arg.), un cantante (Arg\/NL), un ingeniero de sonido y un productor general. Van a hacer un viaje de investigaci\u00f3n y conciertos en Buenos Aires, en las fiestas nacionales y festivales m\u00e1s importantes de la regi\u00f3n del Litoral, donde adem\u00e1s dictar\u00e1n talleres y workshops.<\/p>\n\n\n\n<p>&#8220;Creemos que es imprescindible generar distintas sonoridades y b\u00fasquedas para seguir enriqueciendo la m\u00fasica popular Argentina. Fomentar la integraci\u00f3n y difusi\u00f3n internacional de la cultura de nuestro pa\u00eds y en esta propuesta, la m\u00fasica de la regi\u00f3n litorale\u00f1a&#8221;, coment\u00f3 Nino Zanonni, integrante correntino holand\u00e9s del citado proyecto.<\/p>\n\n\n\n<p>\u201cDesde el Instituto de Cultura promovimos y estimulamos este acercamiento con la Kamerata Zuid. Con Nino Zanonni hace tiempo ven\u00edamos barajando la posibilidad de contar con la formaci\u00f3n holandesa. Hay que resaltar que un elenco sinf\u00f3nico europeo de alto vuelo pueda acercarse a nuestra m\u00fasica, estar en la Fiesta y adem\u00e1s recorrer otros lugares del pa\u00eds con un repertorio chamamecero\u201d, se\u00f1al\u00f3 el director general de la Fiesta Nacional del Chamam\u00e9, Eduardo S\u00edvori.<\/p>\n","protected":false},"excerpt":{"rendered":"<p>El Gobierno de la Provincia, a trav\u00e9s del Instituto de Cultura de Corrientes, avanza en la organizaci\u00f3n de la 31\u00aa Fiesta Nacional del Chamam\u00e9 y 17\u00aa Fiesta del Chamam\u00e9 del MERCOSUR, a desarrollarse del 14 al 23 de enero de 2022, y confirma que desde Holanda llegar\u00e1 la Kamerata Zuid con \u201cChamam\u00e9 sinf\u00f3nico\u201d. La propuesta&#8230;<\/p>\n","protected":false},"author":1,"featured_media":844,"comment_status":"open","ping_status":"closed","sticky":false,"template":"","format":"standard","meta":{"footnotes":""},"categories":[1],"tags":[],"class_list":["post-843","post","type-post","status-publish","format-standard","has-post-thumbnail","hentry","category-noticias"],"_links":{"self":[{"href":"https:\/\/fiestanacionaldelchamame.com.ar\/index.php?rest_route=\/wp\/v2\/posts\/843","targetHints":{"allow":["GET"]}}],"collection":[{"href":"https:\/\/fiestanacionaldelchamame.com.ar\/index.php?rest_route=\/wp\/v2\/posts"}],"about":[{"href":"https:\/\/fiestanacionaldelchamame.com.ar\/index.php?rest_route=\/wp\/v2\/types\/post"}],"author":[{"embeddable":true,"href":"https:\/\/fiestanacionaldelchamame.com.ar\/index.php?rest_route=\/wp\/v2\/users\/1"}],"replies":[{"embeddable":true,"href":"https:\/\/fiestanacionaldelchamame.com.ar\/index.php?rest_route=%2Fwp%2Fv2%2Fcomments&post=843"}],"version-history":[{"count":1,"href":"https:\/\/fiestanacionaldelchamame.com.ar\/index.php?rest_route=\/wp\/v2\/posts\/843\/revisions"}],"predecessor-version":[{"id":845,"href":"https:\/\/fiestanacionaldelchamame.com.ar\/index.php?rest_route=\/wp\/v2\/posts\/843\/revisions\/845"}],"wp:featuredmedia":[{"embeddable":true,"href":"https:\/\/fiestanacionaldelchamame.com.ar\/index.php?rest_route=\/wp\/v2\/media\/844"}],"wp:attachment":[{"href":"https:\/\/fiestanacionaldelchamame.com.ar\/index.php?rest_route=%2Fwp%2Fv2%2Fmedia&parent=843"}],"wp:term":[{"taxonomy":"category","embeddable":true,"href":"https:\/\/fiestanacionaldelchamame.com.ar\/index.php?rest_route=%2Fwp%2Fv2%2Fcategories&post=843"},{"taxonomy":"post_tag","embeddable":true,"href":"https:\/\/fiestanacionaldelchamame.com.ar\/index.php?rest_route=%2Fwp%2Fv2%2Ftags&post=843"}],"curies":[{"name":"wp","href":"https:\/\/api.w.org\/{rel}","templated":true}]}}