{"id":840,"date":"2021-11-15T10:35:00","date_gmt":"2021-11-15T13:35:00","guid":{"rendered":"https:\/\/fiestanacionaldelchamame.com.ar\/?p=840"},"modified":"2022-01-10T10:36:53","modified_gmt":"2022-01-10T13:36:53","slug":"corrientes-presentara-la-31a-fiesta-nacional-del-chamame-en-el-cck","status":"publish","type":"post","link":"https:\/\/fiestanacionaldelchamame.com.ar\/?p=840","title":{"rendered":"Corrientes presentar\u00e1 la 31\u00aa Fiesta Nacional del Chamam\u00e9 en el CCK"},"content":{"rendered":"\n<p>El Gobierno de la Provincia, a trav\u00e9s del Instituto de Cultura de Corrientes, realizar\u00e1 el lanzamiento al pa\u00eds de la 31\u00aa Fiesta Nacional del Chamam\u00e9 y 17\u00aa Fiesta del Chamam\u00e9 del MERCOSUR, a desarrollarse del 14 al 23 de enero, con epicentro en Corrientes. Bajo el lema \u201cAbrazo que enchamiga naciones\u201d, la presentaci\u00f3n se desarrollar\u00e1 el mi\u00e9rcoles 24 de noviembre, a las 18, en la c\u00fapula del CCK en la ciudad de Buenos Aires y tendr\u00e1 un cierre musical a cargo de un ensamble de mujeres, conformado para la ocasi\u00f3n.<\/p>\n\n\n\n<p>De esta manera, Corrientes invitar\u00e1 al pa\u00eds para celebrar simult\u00e1neamente en cada pueblo, entre el 14 al 23 de enero de 2022, la Fiesta Nacional del Chamam\u00e9. Ser\u00e1n 10 d\u00edas, las 24 horas, con actividades y contenidos de la cultura chamamecera de cada lugar.<\/p>\n\n\n\n<p>A este lanzamiento nacional, fueron invitados a participar autoridades del Ministerio de Cultura de la Naci\u00f3n, del Gobierno de la Ciudad de Buenos Aires, funcionarios del Gobierno de Corrientes, m\u00fasicos y referentes culturales. Tambi\u00e9n medios nacionales&nbsp;que dar\u00e1n a conocer los detalles de esta nueva edici\u00f3n que tendr\u00e1 como caracter\u00edstica particular que festejar\u00e1 la inclusi\u00f3n del chamam\u00e9 como Patrimonio Cultural Inmaterial de la Humanidad.<\/p>\n\n\n\n<p>\u201cEstamos avanzando en los preparativos para el lanzamiento al pa\u00eds de la pr\u00f3xima edici\u00f3n de la Fiesta Nacional del Chamam\u00e9. En esta oportunidad, haciendo hincapi\u00e9 en la invitaci\u00f3n a formar parte desde cada punto del pa\u00eds, del 14 al 23 de enero, con actividades y m\u00fasicos propios\u201d, se\u00f1al\u00f3 el presidente del Instituto de Cultura de Corrientes, Arq. Gabriel Romero.Actuar\u00e1 para la ocasi\u00f3n un ensamble de mujeres conformado por Milagros Caliva (Buenos Aires) en bandone\u00f3n, Noelia Sinkunas (Buenos Aires)&nbsp;&nbsp;en&nbsp;&nbsp;piano, Bel\u00e9n L\u00f3pez (Buenos Aires) en contrabajo, Luc\u00eda Troiti\u00f1o (Corrientes) en guitarra, y las voces de Vanina Rivarola (Entre R\u00edos) y Carolina Rojas (Corrientes).<\/p>\n","protected":false},"excerpt":{"rendered":"<p>El Gobierno de la Provincia, a trav\u00e9s del Instituto de Cultura de Corrientes, realizar\u00e1 el lanzamiento al pa\u00eds de la 31\u00aa Fiesta Nacional del Chamam\u00e9 y 17\u00aa Fiesta del Chamam\u00e9 del MERCOSUR, a desarrollarse del 14 al 23 de enero, con epicentro en Corrientes. Bajo el lema \u201cAbrazo que enchamiga naciones\u201d, la presentaci\u00f3n se desarrollar\u00e1&#8230;<\/p>\n","protected":false},"author":1,"featured_media":841,"comment_status":"open","ping_status":"closed","sticky":false,"template":"","format":"standard","meta":{"footnotes":""},"categories":[1],"tags":[],"class_list":["post-840","post","type-post","status-publish","format-standard","has-post-thumbnail","hentry","category-noticias"],"_links":{"self":[{"href":"https:\/\/fiestanacionaldelchamame.com.ar\/index.php?rest_route=\/wp\/v2\/posts\/840","targetHints":{"allow":["GET"]}}],"collection":[{"href":"https:\/\/fiestanacionaldelchamame.com.ar\/index.php?rest_route=\/wp\/v2\/posts"}],"about":[{"href":"https:\/\/fiestanacionaldelchamame.com.ar\/index.php?rest_route=\/wp\/v2\/types\/post"}],"author":[{"embeddable":true,"href":"https:\/\/fiestanacionaldelchamame.com.ar\/index.php?rest_route=\/wp\/v2\/users\/1"}],"replies":[{"embeddable":true,"href":"https:\/\/fiestanacionaldelchamame.com.ar\/index.php?rest_route=%2Fwp%2Fv2%2Fcomments&post=840"}],"version-history":[{"count":1,"href":"https:\/\/fiestanacionaldelchamame.com.ar\/index.php?rest_route=\/wp\/v2\/posts\/840\/revisions"}],"predecessor-version":[{"id":842,"href":"https:\/\/fiestanacionaldelchamame.com.ar\/index.php?rest_route=\/wp\/v2\/posts\/840\/revisions\/842"}],"wp:featuredmedia":[{"embeddable":true,"href":"https:\/\/fiestanacionaldelchamame.com.ar\/index.php?rest_route=\/wp\/v2\/media\/841"}],"wp:attachment":[{"href":"https:\/\/fiestanacionaldelchamame.com.ar\/index.php?rest_route=%2Fwp%2Fv2%2Fmedia&parent=840"}],"wp:term":[{"taxonomy":"category","embeddable":true,"href":"https:\/\/fiestanacionaldelchamame.com.ar\/index.php?rest_route=%2Fwp%2Fv2%2Fcategories&post=840"},{"taxonomy":"post_tag","embeddable":true,"href":"https:\/\/fiestanacionaldelchamame.com.ar\/index.php?rest_route=%2Fwp%2Fv2%2Ftags&post=840"}],"curies":[{"name":"wp","href":"https:\/\/api.w.org\/{rel}","templated":true}]}}