{"id":837,"date":"2021-11-11T10:33:00","date_gmt":"2021-11-11T13:33:00","guid":{"rendered":"https:\/\/fiestanacionaldelchamame.com.ar\/?p=837"},"modified":"2022-01-10T10:35:02","modified_gmt":"2022-01-10T13:35:02","slug":"se-suman-nuevos-espacios-para-vivir-a-pleno-la-fiesta-nacional-del-chamame-2022","status":"publish","type":"post","link":"https:\/\/fiestanacionaldelchamame.com.ar\/?p=837","title":{"rendered":"Se suman nuevos espacios para vivir a pleno la Fiesta Nacional del Chamam\u00e9 2022"},"content":{"rendered":"\n<p>El Gobierno de la Provincia, a trav\u00e9s del Instituto de Cultura de Corrientes, junto con el Municipio capitalino, trabaja en la generaci\u00f3n de nuevos espacios que se sumar\u00e1n al anfiteatro Mario del Tr\u00e1nsito Cocomarola, para vivir a pleno la Fiesta Nacional del Chamam\u00e9 2022 en distintos puntos de la ciudad.<br>Por un lado, se buscar\u00e1 jerarquizar los alrededores del Cocomarola con propuestas gastron\u00f3micas y de artesanos, de manera de invitar a un gran paseo sobre la calle Sarmiento y en la plaza Per\u00f3n. A partir del mes de diciembre se comunicar\u00e1 las condiciones y requisitos para formar parte de la misma.<br>Tambi\u00e9n se instalar\u00e1n pantallas gigantes que transmitir\u00e1n en vivo lo que suceda en el escenario mayor. Hasta el momento, est\u00e1n confirmadas en el paseo Arazaty, la plaza Mercosur y en el barrio San Ger\u00f3nimo.<br>&#8220;Invitamos que la ciudadan\u00eda y quienes lleguen a Corrientes a celebrar junto con nosotros la Fiesta Grande, a disfrutar de cada una de las propuestas que incluir\u00e1n a estos espacios p\u00fablicos y, como a\u00f1os anteriores, tambi\u00e9n a los museos provinciales que ya est\u00e1n alistando sus agendas de propuestas vinculadas al chamam\u00e9&#8221;, reflej\u00f3 el presidente del Instituto de Cultura de Corrientes, Arq. Gabriel Romero.<br>Tambi\u00e9n destac\u00f3 que de la misma manera se est\u00e1n preparando en un gran n\u00famero de municipios del interior provincial, que ya fueron invitados a sumarse con propuestas musicales y actividades propias. &#8220;M\u00e1s que nunca, queremos que festeje toda la Naci\u00f3n Chamamecera&#8221;, destac\u00f3.<\/p>\n","protected":false},"excerpt":{"rendered":"<p>El Gobierno de la Provincia, a trav\u00e9s del Instituto de Cultura de Corrientes, junto con el Municipio capitalino, trabaja en la generaci\u00f3n de nuevos espacios que se sumar\u00e1n al anfiteatro Mario del Tr\u00e1nsito Cocomarola, para vivir a pleno la Fiesta Nacional del Chamam\u00e9 2022 en distintos puntos de la ciudad.Por un lado, se buscar\u00e1 jerarquizar&#8230;<\/p>\n","protected":false},"author":1,"featured_media":838,"comment_status":"open","ping_status":"closed","sticky":false,"template":"","format":"standard","meta":{"footnotes":""},"categories":[1],"tags":[],"class_list":["post-837","post","type-post","status-publish","format-standard","has-post-thumbnail","hentry","category-noticias"],"_links":{"self":[{"href":"https:\/\/fiestanacionaldelchamame.com.ar\/index.php?rest_route=\/wp\/v2\/posts\/837","targetHints":{"allow":["GET"]}}],"collection":[{"href":"https:\/\/fiestanacionaldelchamame.com.ar\/index.php?rest_route=\/wp\/v2\/posts"}],"about":[{"href":"https:\/\/fiestanacionaldelchamame.com.ar\/index.php?rest_route=\/wp\/v2\/types\/post"}],"author":[{"embeddable":true,"href":"https:\/\/fiestanacionaldelchamame.com.ar\/index.php?rest_route=\/wp\/v2\/users\/1"}],"replies":[{"embeddable":true,"href":"https:\/\/fiestanacionaldelchamame.com.ar\/index.php?rest_route=%2Fwp%2Fv2%2Fcomments&post=837"}],"version-history":[{"count":1,"href":"https:\/\/fiestanacionaldelchamame.com.ar\/index.php?rest_route=\/wp\/v2\/posts\/837\/revisions"}],"predecessor-version":[{"id":839,"href":"https:\/\/fiestanacionaldelchamame.com.ar\/index.php?rest_route=\/wp\/v2\/posts\/837\/revisions\/839"}],"wp:featuredmedia":[{"embeddable":true,"href":"https:\/\/fiestanacionaldelchamame.com.ar\/index.php?rest_route=\/wp\/v2\/media\/838"}],"wp:attachment":[{"href":"https:\/\/fiestanacionaldelchamame.com.ar\/index.php?rest_route=%2Fwp%2Fv2%2Fmedia&parent=837"}],"wp:term":[{"taxonomy":"category","embeddable":true,"href":"https:\/\/fiestanacionaldelchamame.com.ar\/index.php?rest_route=%2Fwp%2Fv2%2Fcategories&post=837"},{"taxonomy":"post_tag","embeddable":true,"href":"https:\/\/fiestanacionaldelchamame.com.ar\/index.php?rest_route=%2Fwp%2Fv2%2Ftags&post=837"}],"curies":[{"name":"wp","href":"https:\/\/api.w.org\/{rel}","templated":true}]}}