{"id":834,"date":"2021-11-08T10:50:00","date_gmt":"2021-11-08T13:50:00","guid":{"rendered":"https:\/\/fiestanacionaldelchamame.com.ar\/?p=834"},"modified":"2022-01-10T10:32:26","modified_gmt":"2022-01-10T13:32:26","slug":"primeros-artistas-confirmados-para-la-31a-fiesta-nacional-del-chamame","status":"publish","type":"post","link":"https:\/\/fiestanacionaldelchamame.com.ar\/?p=834","title":{"rendered":"Primeros artistas confirmados para la 31\u00aa Fiesta Nacional del Chamam\u00e9"},"content":{"rendered":"\n<p>El Gobierno de la Provincia, a trav\u00e9s del Instituto de Cultura de Corrientes, avanza en la organizaci\u00f3n de la 31\u00aa &nbsp;Fiesta&nbsp;Nacional&nbsp;del&nbsp;Chamam\u00e9&nbsp;y 17\u00aa&nbsp;Fiesta&nbsp;del&nbsp;Chamam\u00e9&nbsp;del&nbsp;MERCOSUR, que se celebrar\u00e1 del 14 al 23 de enero de 2022, y dio a conocer los artistas que hasta el momento confirmaron que subir\u00e1n al escenario mayor Osvaldo Sosa Cordero.<\/p>\n\n\n\n<p>En la noche inaugural actuar\u00e1 Ofelia Leiva, y la encargada de dar cierre a la Fiesta Nacional de Chamam\u00e9 ser\u00e1 Soledad Pastorutti. Se sumaron a la programaci\u00f3n Nahuel Pennisi, Chango Spasiuk con Elena Roger, Antonio Tarrag\u00f3 Ros, Mar\u00eda Ofelia, Franco Luciani, Lito Vitale con Hilda Lizarazu, Juan Carlos Baglietto y Jairo. En las pr\u00f3ximas semanas se ir\u00e1n conociendo el resto de los m\u00fasicos que integrar\u00e1n la grilla oficial.<\/p>\n\n\n\n<p>\u201cEstamos trabajando en el armado de la programaci\u00f3n de la Fiesta Nacional del Chamam\u00e9 y hasta ahora podemos dar estas confirmaciones. Es importante recordar que esta edici\u00f3n ser\u00e1 la primera despu\u00e9s de declararse al chamam\u00e9 como Patrimonio Cultural Inmaterial de la Humanidad, y buscamos que adem\u00e1s del anfiteatro Cocomarola, se habiliten muchos escenarios m\u00e1s para que esta celebraci\u00f3n se viva en todo el pa\u00eds y en cada rinc\u00f3n del mundo hasta donde se extiende la gran Naci\u00f3n Chamamecera\u201d, expres\u00f3 el presidente del Instituto de Cultura de Corrientes, Arq. Gabriel Romero.<\/p>\n\n\n\n<p>Anticip\u00f3 que ser\u00e1n m\u00e1s de 200 propuestas musicales las que integrar\u00e1n la grilla. Adem\u00e1s destac\u00f3 que la celebraci\u00f3n popular m\u00e1s grande de los correntinos se disfrutar\u00e1 a pleno con propuestas que no s\u00f3lo involucran a la m\u00fasica y la danza, sino que incluyen la procesi\u00f3n n\u00e1utica, el cine chamamecero, los foros, las exposiciones en los museos, el mercado, la gastronom\u00eda t\u00edpica y muchas sorpresas m\u00e1s.<\/p>\n","protected":false},"excerpt":{"rendered":"<p>El Gobierno de la Provincia, a trav\u00e9s del Instituto de Cultura de Corrientes, avanza en la organizaci\u00f3n de la 31\u00aa &nbsp;Fiesta&nbsp;Nacional&nbsp;del&nbsp;Chamam\u00e9&nbsp;y 17\u00aa&nbsp;Fiesta&nbsp;del&nbsp;Chamam\u00e9&nbsp;del&nbsp;MERCOSUR, que se celebrar\u00e1 del 14 al 23 de enero de 2022, y dio a conocer los artistas que hasta el momento confirmaron que subir\u00e1n al escenario mayor Osvaldo Sosa Cordero. En la noche&#8230;<\/p>\n","protected":false},"author":1,"featured_media":835,"comment_status":"open","ping_status":"closed","sticky":false,"template":"","format":"standard","meta":{"footnotes":""},"categories":[1],"tags":[],"class_list":["post-834","post","type-post","status-publish","format-standard","has-post-thumbnail","hentry","category-noticias"],"_links":{"self":[{"href":"https:\/\/fiestanacionaldelchamame.com.ar\/index.php?rest_route=\/wp\/v2\/posts\/834","targetHints":{"allow":["GET"]}}],"collection":[{"href":"https:\/\/fiestanacionaldelchamame.com.ar\/index.php?rest_route=\/wp\/v2\/posts"}],"about":[{"href":"https:\/\/fiestanacionaldelchamame.com.ar\/index.php?rest_route=\/wp\/v2\/types\/post"}],"author":[{"embeddable":true,"href":"https:\/\/fiestanacionaldelchamame.com.ar\/index.php?rest_route=\/wp\/v2\/users\/1"}],"replies":[{"embeddable":true,"href":"https:\/\/fiestanacionaldelchamame.com.ar\/index.php?rest_route=%2Fwp%2Fv2%2Fcomments&post=834"}],"version-history":[{"count":1,"href":"https:\/\/fiestanacionaldelchamame.com.ar\/index.php?rest_route=\/wp\/v2\/posts\/834\/revisions"}],"predecessor-version":[{"id":836,"href":"https:\/\/fiestanacionaldelchamame.com.ar\/index.php?rest_route=\/wp\/v2\/posts\/834\/revisions\/836"}],"wp:featuredmedia":[{"embeddable":true,"href":"https:\/\/fiestanacionaldelchamame.com.ar\/index.php?rest_route=\/wp\/v2\/media\/835"}],"wp:attachment":[{"href":"https:\/\/fiestanacionaldelchamame.com.ar\/index.php?rest_route=%2Fwp%2Fv2%2Fmedia&parent=834"}],"wp:term":[{"taxonomy":"category","embeddable":true,"href":"https:\/\/fiestanacionaldelchamame.com.ar\/index.php?rest_route=%2Fwp%2Fv2%2Fcategories&post=834"},{"taxonomy":"post_tag","embeddable":true,"href":"https:\/\/fiestanacionaldelchamame.com.ar\/index.php?rest_route=%2Fwp%2Fv2%2Ftags&post=834"}],"curies":[{"name":"wp","href":"https:\/\/api.w.org\/{rel}","templated":true}]}}