{"id":831,"date":"2021-10-18T10:24:00","date_gmt":"2021-10-18T13:24:00","guid":{"rendered":"https:\/\/fiestanacionaldelchamame.com.ar\/?p=831"},"modified":"2022-01-10T10:29:18","modified_gmt":"2022-01-10T13:29:18","slug":"la-fiesta-nacional-del-chamame-se-vivira-en-distintos-escenarios-de-la-ciudad","status":"publish","type":"post","link":"https:\/\/fiestanacionaldelchamame.com.ar\/?p=831","title":{"rendered":"La Fiesta Nacional del Chamam\u00e9 se vivir\u00e1 en distintos escenarios de la ciudad"},"content":{"rendered":"\n<p>El Gobierno de la Provincia, a trav\u00e9s del Instituto de Cultura de Corrientes, y en coordinaci\u00f3n con la Municipalidad de Corrientes, comenz\u00f3 a trabajar en la organizaci\u00f3n de la 31\u00aa Fiesta Nacional del Chamam\u00e9 y 17\u00aa Fiesta del Chamam\u00e9 del MERCOSUR, a desarrollarse del 14 al 23 de enero de 2021.<\/p>\n\n\n\n<p>El presidente del Instituto de Cultura de la Provincia, Arq. Gabriel Romero, mantuvo hoy a la ma\u00f1ana una reuni\u00f3n de trabajo con el secretario de Turismo y Cultura de la Municipalidad de la ciudad de Corrientes, Juan Esteban Maldonado Yonna, el subsecretario de Cultura Municipal, Jos\u00e9 Sand, la subsecretaria de PyMes e Industria, Thea Bel\u00e1ustegui, y la arquitecta Mar\u00eda Marta Vizca\u00edno, con el prop\u00f3sito de empezar a organizar la pr\u00f3xima edici\u00f3n de la Fiesta Nacional del Chamam\u00e9.<\/p>\n\n\n\n<p>Se trataron en dos puntos centrales. Por un lado, se analiz\u00f3 de qu\u00e9 manera la Fiesta Grande puede ocupar distintos espacios p\u00fablicos de la ciudad con pe\u00f1as, pantallas gigantes y distintas propuestas, para que pueda llegar a la mayor cantidad de vecinos en los barrios; y por el otro, se acord\u00f3 que se buscar\u00e1 coordinar las cuestiones que hacen a la log\u00edstica y al orden del funcionamiento del anfiteatro Mario del Tr\u00e1nsito Cocomarola y alrededores, considerando los controles que se realizar\u00e1n y los recaudos se deber\u00e1n tomar en virtud de la pandemia.<\/p>\n\n\n\n<p>Por este motivo, tienen previsto volver a reunirse con los responsables de las \u00e1reas de Tr\u00e1nsito, Polic\u00eda, Salud P\u00fablica y con vecinos, a fin de articular con todas las partes intervinientes para que se pueda desarrollar la Fiesta de la manera m\u00e1s ordenadamente posible, previendo tambi\u00e9n espacios para emprendedores, promoci\u00f3n tur\u00edstica, prensa, atentos a todos los protocolos vigentes en ese momento.<\/p>\n","protected":false},"excerpt":{"rendered":"<p>El Gobierno de la Provincia, a trav\u00e9s del Instituto de Cultura de Corrientes, y en coordinaci\u00f3n con la Municipalidad de Corrientes, comenz\u00f3 a trabajar en la organizaci\u00f3n de la 31\u00aa Fiesta Nacional del Chamam\u00e9 y 17\u00aa Fiesta del Chamam\u00e9 del MERCOSUR, a desarrollarse del 14 al 23 de enero de 2021. El presidente del Instituto&#8230;<\/p>\n","protected":false},"author":1,"featured_media":832,"comment_status":"open","ping_status":"closed","sticky":false,"template":"","format":"standard","meta":{"footnotes":""},"categories":[1],"tags":[],"class_list":["post-831","post","type-post","status-publish","format-standard","has-post-thumbnail","hentry","category-noticias"],"_links":{"self":[{"href":"https:\/\/fiestanacionaldelchamame.com.ar\/index.php?rest_route=\/wp\/v2\/posts\/831","targetHints":{"allow":["GET"]}}],"collection":[{"href":"https:\/\/fiestanacionaldelchamame.com.ar\/index.php?rest_route=\/wp\/v2\/posts"}],"about":[{"href":"https:\/\/fiestanacionaldelchamame.com.ar\/index.php?rest_route=\/wp\/v2\/types\/post"}],"author":[{"embeddable":true,"href":"https:\/\/fiestanacionaldelchamame.com.ar\/index.php?rest_route=\/wp\/v2\/users\/1"}],"replies":[{"embeddable":true,"href":"https:\/\/fiestanacionaldelchamame.com.ar\/index.php?rest_route=%2Fwp%2Fv2%2Fcomments&post=831"}],"version-history":[{"count":1,"href":"https:\/\/fiestanacionaldelchamame.com.ar\/index.php?rest_route=\/wp\/v2\/posts\/831\/revisions"}],"predecessor-version":[{"id":833,"href":"https:\/\/fiestanacionaldelchamame.com.ar\/index.php?rest_route=\/wp\/v2\/posts\/831\/revisions\/833"}],"wp:featuredmedia":[{"embeddable":true,"href":"https:\/\/fiestanacionaldelchamame.com.ar\/index.php?rest_route=\/wp\/v2\/media\/832"}],"wp:attachment":[{"href":"https:\/\/fiestanacionaldelchamame.com.ar\/index.php?rest_route=%2Fwp%2Fv2%2Fmedia&parent=831"}],"wp:term":[{"taxonomy":"category","embeddable":true,"href":"https:\/\/fiestanacionaldelchamame.com.ar\/index.php?rest_route=%2Fwp%2Fv2%2Fcategories&post=831"},{"taxonomy":"post_tag","embeddable":true,"href":"https:\/\/fiestanacionaldelchamame.com.ar\/index.php?rest_route=%2Fwp%2Fv2%2Ftags&post=831"}],"curies":[{"name":"wp","href":"https:\/\/api.w.org\/{rel}","templated":true}]}}