{"id":828,"date":"2021-12-06T10:45:00","date_gmt":"2021-12-06T13:45:00","guid":{"rendered":"https:\/\/fiestanacionaldelchamame.com.ar\/?p=828"},"modified":"2022-01-10T10:24:15","modified_gmt":"2022-01-10T13:24:15","slug":"se-inauguro-en-villa-guillermina-el-paseo-del-chamame","status":"publish","type":"post","link":"https:\/\/fiestanacionaldelchamame.com.ar\/?p=828","title":{"rendered":"Se Inaugur\u00f3 en Villa Guillermina el Paseo del Chamam\u00e9"},"content":{"rendered":"\n<p>Avanza la organizaci\u00f3n de la 31\u00aa Fiesta Nacional del Chamam\u00e9, 17\u00aa Fiesta del Chamam\u00e9 del MERCOSUR y primera celebraci\u00f3n mundial, a desarrollarse del 14 al 23 de enero. En ese marco, como parte de los festejos por la declaraci\u00f3n como Patrimonio Cultural Inmaterial de la Humanidad, se inaugur\u00f3 en Villa Guillermina (Santa Fe) el Paseo del Chamam\u00e9.<\/p>\n\n\n\n<p>Multitudinaria participaci\u00f3n de todo el litoral argentino y la visita de chamameceros de Brasil engalanaron la actividad cultural m\u00e1s importante de los \u00faltimos a\u00f1os en el Norte santafesino. \u201cFortalecer la identidad es el camino para la transformaci\u00f3n de los pueblos. Villa Guillermina es chamam\u00e9\u201d, destacaron las autoridades presentes.<\/p>\n\n\n\n<p>\u201cEl Gobierno de la Provincia, a trav\u00e9s del Instituto de Cultura de Corrientes (ICC), viene trabajando intensa e&nbsp; ininterrumpidamente en el acompa\u00f1amiento de una pol\u00edtica de promoci\u00f3n del chamam\u00e9 con los municipios del Litoral. Villa Guillermina es uno de ellos donde logr\u00f3 establecerse una muy fluida comunicaci\u00f3n con las dos sucesivas gestiones articuladas a su vez con el Ministerio de Cultura de la Provincia de Santa Fe\u201d, destac\u00f3 el director de la Fiesta Nacional del Chamam\u00e9, Eduardo S\u00edvori.<\/p>\n\n\n\n<p>Agreg\u00f3 adem\u00e1s que \u201cdesde el inicio de su gesti\u00f3n, el actual ministro de Cultura de Santa Fe, Jorge Llonch, ha manifestado su compromiso con el chamam\u00e9 y ha implementado acciones de fuerte impacto, y un permanente di\u00e1logo de consenso con el Instituto de Cultura de Corrientes\u201d.<\/p>\n\n\n\n<p>Entre las acciones&nbsp; a futuro, se prev\u00e9 reconocer y resaltar el papel paradigm\u00e1tico de la ciudad de Rosario, como verdadero &#8220;refugio de so\u00f1adores&#8221;. Mario del Tr\u00e1nsito Cocomarola se estableci\u00f3 all\u00ed y fue lugar de encuentro y acciones de los grandes referentes chamameceros.<\/p>\n","protected":false},"excerpt":{"rendered":"<p>Avanza la organizaci\u00f3n de la 31\u00aa Fiesta Nacional del Chamam\u00e9, 17\u00aa Fiesta del Chamam\u00e9 del MERCOSUR y primera celebraci\u00f3n mundial, a desarrollarse del 14 al 23 de enero. En ese marco, como parte de los festejos por la declaraci\u00f3n como Patrimonio Cultural Inmaterial de la Humanidad, se inaugur\u00f3 en Villa Guillermina (Santa Fe) el Paseo&#8230;<\/p>\n","protected":false},"author":1,"featured_media":829,"comment_status":"open","ping_status":"closed","sticky":false,"template":"","format":"standard","meta":{"footnotes":""},"categories":[1],"tags":[],"class_list":["post-828","post","type-post","status-publish","format-standard","has-post-thumbnail","hentry","category-noticias"],"_links":{"self":[{"href":"https:\/\/fiestanacionaldelchamame.com.ar\/index.php?rest_route=\/wp\/v2\/posts\/828","targetHints":{"allow":["GET"]}}],"collection":[{"href":"https:\/\/fiestanacionaldelchamame.com.ar\/index.php?rest_route=\/wp\/v2\/posts"}],"about":[{"href":"https:\/\/fiestanacionaldelchamame.com.ar\/index.php?rest_route=\/wp\/v2\/types\/post"}],"author":[{"embeddable":true,"href":"https:\/\/fiestanacionaldelchamame.com.ar\/index.php?rest_route=\/wp\/v2\/users\/1"}],"replies":[{"embeddable":true,"href":"https:\/\/fiestanacionaldelchamame.com.ar\/index.php?rest_route=%2Fwp%2Fv2%2Fcomments&post=828"}],"version-history":[{"count":1,"href":"https:\/\/fiestanacionaldelchamame.com.ar\/index.php?rest_route=\/wp\/v2\/posts\/828\/revisions"}],"predecessor-version":[{"id":830,"href":"https:\/\/fiestanacionaldelchamame.com.ar\/index.php?rest_route=\/wp\/v2\/posts\/828\/revisions\/830"}],"wp:featuredmedia":[{"embeddable":true,"href":"https:\/\/fiestanacionaldelchamame.com.ar\/index.php?rest_route=\/wp\/v2\/media\/829"}],"wp:attachment":[{"href":"https:\/\/fiestanacionaldelchamame.com.ar\/index.php?rest_route=%2Fwp%2Fv2%2Fmedia&parent=828"}],"wp:term":[{"taxonomy":"category","embeddable":true,"href":"https:\/\/fiestanacionaldelchamame.com.ar\/index.php?rest_route=%2Fwp%2Fv2%2Fcategories&post=828"},{"taxonomy":"post_tag","embeddable":true,"href":"https:\/\/fiestanacionaldelchamame.com.ar\/index.php?rest_route=%2Fwp%2Fv2%2Ftags&post=828"}],"curies":[{"name":"wp","href":"https:\/\/api.w.org\/{rel}","templated":true}]}}