{"id":825,"date":"2021-12-07T10:18:00","date_gmt":"2021-12-07T13:18:00","guid":{"rendered":"https:\/\/fiestanacionaldelchamame.com.ar\/?p=825"},"modified":"2022-01-10T10:19:46","modified_gmt":"2022-01-10T13:19:46","slug":"se-conformo-el-ballet-oficial-de-la-31a-fiesta-nacional-del-chamame","status":"publish","type":"post","link":"https:\/\/fiestanacionaldelchamame.com.ar\/?p=825","title":{"rendered":"Se conform\u00f3 el Ballet Oficial de la 31\u00aa Fiesta Nacional del Chamam\u00e9"},"content":{"rendered":"\n<p>Tras una rigurosa audici\u00f3n, de la que participaron bailarines de toda la provincia y de distintos puntos del pa\u00eds, qued\u00f3 conformado el Ballet Oficial de la 31\u00aa Fiesta Nacional del Chamam\u00e9. Un seleccionado de artistas de la danza que hoy mismo comenz\u00f3 sus ensayos diarios, a jornada completa, de cara a sus presentaciones en el escenario mayor Osvaldo Sosa Cordero.<\/p>\n\n\n\n<p>\u201cSe ha conformado el Ballet Oficial de la Fiesta Nacional del Chamam\u00e9 con una presencia importante de bailarines representantes de diferentes municipios de la provincia de Corrientes, como Ber\u00f3n de Astrada, Mercedes, Santo Tom\u00e9, Santa Luc\u00eda, Santa Rosa y de la Capital, entre otros. Al igual que de Chaco, Misiones, Santa Fe, C\u00f3rdoba, Buenos Aires, que son las provincias que m\u00e1s experiencias est\u00e1n teniendo en los \u00faltimos a\u00f1os en la Fiesta. Se vio un amplio deseo de los bailarines nacionales, provinciales y regionales de participar de este elenco\u201d, reflej\u00f3 el director del Ballet Oficial, Luis Marinoni, que se\u00f1al\u00f3 adem\u00e1s que de acuerdo a normativas protocolares respecto al covid-19, \u201cse ha decido junto al Instituto de Cultura y el arquitecto Gabriel Romero, la reducci\u00f3n del elenco a 15 parejas y una pareja suplente\u201d.<\/p>\n\n\n\n<p>Con respecto a la audici\u00f3n, el core\u00f3grafo coment\u00f3 que tuvo dos instancias, \u201cla primera fue la del chamam\u00e9 en su pura expresi\u00f3n, en la que todos los bailarines han mostrado sobre el escenario mayor del Teatro Vera, un amplio repertorio de estilos que cada uno ha tra\u00eddo desde sus propios espacios y sirven de motor sustancial para el Ballet Oficial\u201d.<\/p>\n\n\n\n<p>Subray\u00f3 adem\u00e1s que \u201cindudablemente el chamam\u00e9 en su pura expresi\u00f3n debe ser una consiga fundamental para poder integrar las filas del Ballet Oficial. Desde la impronta que le doy como director, el Ballet va recorriendo diferentes formas de ver la danza en su totalidad y el universo que conforma la paleta de colores del chamam\u00e9 y sus cercan\u00edas\u201d.<\/p>\n\n\n\n<p>Explic\u00f3 el Ballet m\u00e1s que nunca \u201cse proyecta a la humanidad, desde este concepto que nos abraza denominado Chamam\u00e9 patrimonio de la humanidad\u201d, y agreg\u00f3 en este mismo sentido, que \u201ces por eso que la audici\u00f3n const\u00f3 de esta instancia de chamam\u00e9 aut\u00e9ntico y tambi\u00e9n de una contracara referente a la danza, a trav\u00e9s de formas y movimientos que dibujaron en los bailarines sus capacidades para poder construir las obras y diferentes montajes que se har\u00e1n para la edici\u00f3n 2022\u201d.<\/p>\n\n\n\n<p>Por \u00faltimo, se refiri\u00f3 al repertorio que estar\u00e1 conformado por obras consagradas en el escenario mayor Osvaldo Sosa Cordero y adelant\u00f3 adem\u00e1s que \u201ctendr\u00e1n core\u00f3grafos invitados como Nicol\u00e1s Oliva, quien aportar\u00e1 con una nueva forma de ver al chamam\u00e9, con una impronta especial y visi\u00f3n concreta\u201d.<\/p>\n\n\n\n<p>El director del Ballet remarc\u00f3 que a partir de la audici\u00f3n \u201cse ha llegado a un puerto maravilloso, en donde se han conjugado 15 parejas con diferentes perfiles y un horizonte claro de bailarines dispuestos a trabajar para poder abordar siete obras diferentes que ser\u00e1n presentadas en el escenario mayor de la Fiesta. Una responsabilidad \u00fanica que pone a la Fiesta y su Ballet Oficial en la escalinata mayor, de los elencos conformados para tales fines, donde somos los \u00fanicos que abordados tanta responsabilidad en tan poco tiempo\u201d.<\/p>\n\n\n\n<p>Agradeci\u00f3 al Instituto de Cultura de Corrientes que, como siempre, \u201ccontiene a los bailarines que llegan desde el interior de la provincia y de otras provincias, en la log\u00edstica de alojamiento, comidas y transporte, para que as\u00ed el artista de la danza pueda estar tranquilo respecto a estos temas\u201d.<\/p>\n\n\n\n<p>Desde el punto de vista art\u00edstico, asegur\u00f3 que el objetivo del Ballet se cumple cada a\u00f1o, \u201cque es recibir a estos bailarines que llegan con su impronta art\u00edstica que le dan el alto vuelo al Ballet y al mismo tiempo vuelven con experiencias nuevas que indudablemente hacen crecer el concepto de la danza es trabajo en sus ciudades de origen\u201d.<\/p>\n","protected":false},"excerpt":{"rendered":"<p>Tras una rigurosa audici\u00f3n, de la que participaron bailarines de toda la provincia y de distintos puntos del pa\u00eds, qued\u00f3 conformado el Ballet Oficial de la 31\u00aa Fiesta Nacional del Chamam\u00e9. Un seleccionado de artistas de la danza que hoy mismo comenz\u00f3 sus ensayos diarios, a jornada completa, de cara a sus presentaciones en el&#8230;<\/p>\n","protected":false},"author":1,"featured_media":826,"comment_status":"open","ping_status":"closed","sticky":false,"template":"","format":"standard","meta":{"footnotes":""},"categories":[1],"tags":[],"class_list":["post-825","post","type-post","status-publish","format-standard","has-post-thumbnail","hentry","category-noticias"],"_links":{"self":[{"href":"https:\/\/fiestanacionaldelchamame.com.ar\/index.php?rest_route=\/wp\/v2\/posts\/825","targetHints":{"allow":["GET"]}}],"collection":[{"href":"https:\/\/fiestanacionaldelchamame.com.ar\/index.php?rest_route=\/wp\/v2\/posts"}],"about":[{"href":"https:\/\/fiestanacionaldelchamame.com.ar\/index.php?rest_route=\/wp\/v2\/types\/post"}],"author":[{"embeddable":true,"href":"https:\/\/fiestanacionaldelchamame.com.ar\/index.php?rest_route=\/wp\/v2\/users\/1"}],"replies":[{"embeddable":true,"href":"https:\/\/fiestanacionaldelchamame.com.ar\/index.php?rest_route=%2Fwp%2Fv2%2Fcomments&post=825"}],"version-history":[{"count":1,"href":"https:\/\/fiestanacionaldelchamame.com.ar\/index.php?rest_route=\/wp\/v2\/posts\/825\/revisions"}],"predecessor-version":[{"id":827,"href":"https:\/\/fiestanacionaldelchamame.com.ar\/index.php?rest_route=\/wp\/v2\/posts\/825\/revisions\/827"}],"wp:featuredmedia":[{"embeddable":true,"href":"https:\/\/fiestanacionaldelchamame.com.ar\/index.php?rest_route=\/wp\/v2\/media\/826"}],"wp:attachment":[{"href":"https:\/\/fiestanacionaldelchamame.com.ar\/index.php?rest_route=%2Fwp%2Fv2%2Fmedia&parent=825"}],"wp:term":[{"taxonomy":"category","embeddable":true,"href":"https:\/\/fiestanacionaldelchamame.com.ar\/index.php?rest_route=%2Fwp%2Fv2%2Fcategories&post=825"},{"taxonomy":"post_tag","embeddable":true,"href":"https:\/\/fiestanacionaldelchamame.com.ar\/index.php?rest_route=%2Fwp%2Fv2%2Ftags&post=825"}],"curies":[{"name":"wp","href":"https:\/\/api.w.org\/{rel}","templated":true}]}}