{"id":819,"date":"2021-12-10T11:08:00","date_gmt":"2021-12-10T14:08:00","guid":{"rendered":"https:\/\/fiestanacionaldelchamame.com.ar\/?p=819"},"modified":"2022-01-10T10:12:26","modified_gmt":"2022-01-10T13:12:26","slug":"la-fiesta-nacional-del-chamame-suma-escenarios-el-festival-che-amoa-meme","status":"publish","type":"post","link":"https:\/\/fiestanacionaldelchamame.com.ar\/?p=819","title":{"rendered":"La Fiesta Nacional del Chamam\u00e9 suma escenarios: el festival \u201cChe amo\u00e1 meme\u201d"},"content":{"rendered":"\n<p>Avanzan los preparativos para la 31\u00aa Fiesta Nacional del Chamam\u00e9, 17\u00aa Fiesta del Chamam\u00e9 del MERCOSUR y 1\u00aa Celebraci\u00f3n Mundial, y se suman escenarios en distintos puntos de la ciudad de Corrientes. El s\u00e1bado 15 y domingo 16 de enero, a las 18, se realizar\u00e1 en el patio del Espacio Mari\u00f1o&nbsp;(Santa Fe 847), el festival \u201cChe amo\u00e1 meme\u201d (Bailando bajo la enramada), con acceso libre y gratuito.<\/p>\n\n\n\n<p>El presidente del Instituto de Cultura de Corrientes, Gabriel Romero, recibi\u00f3 hoy a la ma\u00f1ana en su despacho a los representantes del patio del Espacio Mari\u00f1o: su presidente Jos\u00e9 Acevedo y la t\u00e9cnica en gesti\u00f3n y desarrollo cultural, Mar\u00eda In\u00e9s Silvero, con quienes dialog\u00f3 sobre esta nueva propuesta que formar\u00e1 parte de las m\u00faltiples actividades a desarrollarse del 14 al 23 de enero.<\/p>\n\n\n\n<p>Se trata de un festival que busca acercar el chamam\u00e9 a la diversidad y la disidencia a trav\u00e9s de diferentes expresiones art\u00edsticas. \u201cEntendemos que el chamam\u00e9 es parte de nuestra identidad, de nuestro ser correntino, pero que tambi\u00e9n cambiamos como sociedad, y apuntamos a que el chamam\u00e9 pueda acompa\u00f1ar estos cambios. Queremos ver m\u00e1s mujeres en el escenario, m\u00e1s diversidad, que el colectivo LGBT tenga un espacio para cantar chamam\u00e9. Este festival tiene esa impronta, darle un costado diferente a lo que estamos acostumbrado a escuchar en el chamam\u00e9 tradicional\u201d, explicaron.<\/p>\n\n\n\n<p><strong>Caracter\u00edsticas<\/strong><\/p>\n\n\n\n<p>Desde Espacio Mari\u00f1o se\u00f1alan que el Festival \u201cChe amo\u00e1 meme\u201d busca darle una impronta diferente a la m\u00fasica que compone nuestra cultura. El chamam\u00e9 es el resultado del amor, de la fusi\u00f3n de dos culturas, que amalgamadas en el tiempo contar\u00e1n la historia del hombre y la mujer y su paisaje, proyect\u00e1ndose m\u00e1s all\u00e1 de sus fronteras\u201d.<\/p>\n\n\n\n<p>\u201cEste Festival motiva al chamam\u00e9 a acompa\u00f1ar a estos nuevos movimientos, a esta diversidad y disidencia, a estas mujeres que fueron parte de nuestra historia musical. Queremos que nuestra m\u00fasica llegue a otros espacios y qu\u00e9 mejor que el escenario del Espacio Mari\u00f1o para comenzar este camino de inclusi\u00f3n en el chamam\u00e9\u201d, destacan.<\/p>\n\n\n\n<p>Durante dos d\u00edas, el patio del Espacio Mari\u00f1o, se va a llenar de expresiones art\u00edsticas que reflejan este nuevo sentido del chamam\u00e9. La m\u00fasica en el escenario, el baile entre las mesas, la muestra de arte en la pecera, el cine local, las comidas t\u00edpicas y las visuales que iluminan los murales (+Informaci\u00f3n en las redes: @espacio_marinio).<\/p>\n\n\n\n<p><strong>GRILLAS DE ARTISTAS EN EL ESCENARIO<\/strong><\/p>\n\n\n\n<p>\u25cf&nbsp;&nbsp;&nbsp;&nbsp;&nbsp;Agrupaci\u00f3n &#8220;Ensamble de Mujeres&#8221;:&nbsp;Este conjunto tuvo a cargo la apertura musical del lanzamiento de la fiesta nacional del chamam\u00e9 realizado en el Centro Cultural Kirchner el 24 de noviembre de este a\u00f1o, compuesto por Lucia Troti\u00f1o, Milagros Caliva, Noelia Sinkunas y Belen Lopez, propone el abordaje de un repertorio tradicional del litoral con una perspectiva contempor\u00e1nea. Adem\u00e1s de la m\u00fasica, las une el deseo de fortalecer la presencia de las mujeres en el escenario.<\/p>\n\n\n\n<p>\u25cf&nbsp;&nbsp;&nbsp;&nbsp;&nbsp;Avarek\u00f3:&nbsp;El&nbsp;grupo de chamam\u00e9 joven, interesante y festivo propone llevar su chamam\u00e9 al mundo. En esta oportunidad realizar\u00e1n un homenaje al gran cantante y compositor Mario Bofill.<\/p>\n\n\n\n<p>\u25cf&nbsp;&nbsp;&nbsp;&nbsp;&nbsp;Chavela \u201cLa Fuegah\u201d:&nbsp;Esta cantante drag queen nos presenta una manera diferente de ver al folklore y a la disidencia, buscando trabajar en todos los \u00e1mbitos para pensar la inclusi\u00f3n. En este Festival presentar\u00e1 un repertorio chamamecero logrando, que este g\u00e9nero. tambi\u00e9n se abra a nuevas voces disidentes.<\/p>\n\n\n\n<p>\u25cf&nbsp;&nbsp;&nbsp;&nbsp;&nbsp;Demir Hanna: Es productora, coordinadora de Unides por la m\u00fasica y una mujer trans que viene a romper con los estereotipos de g\u00e9nero en escena. Nos invita a abrir nuevos caminos para los escenarios chamameceros y a unir mundos que parecen muy distintos. En esta etapa, est\u00e1 trabajando en un chamam\u00e9 que es un cover de Mario Bofill, como una manera de homenajear a la m\u00fasica de su provincia.<\/p>\n\n\n\n<p>\u25cf&nbsp;&nbsp;&nbsp;&nbsp;&nbsp;Nacho Acevedo: El ganador del certamen \u201cMi 1\u00b0 Chamam\u00e9\u201d impulsado por la Municipalidad de Corrientes que firmar\u00e1 sus contratos para grabar un disco f\u00edsico junto a LHA Music y Warner Argentina, mostrar\u00e1 su m\u00fasica y su forma de hacer chamam\u00e9 en el Espacio Mari\u00f1o.<\/p>\n\n\n\n<p>\u25cf&nbsp;&nbsp;&nbsp;&nbsp;&nbsp;Sebastian Ibarra: es una de las promesas j\u00f3venes de la regi\u00f3n. Compositor y cantante de varios temas que lo han posicionado entre los grandes. Este cantautor propone g\u00e9neros como chamam\u00e9 urbano o pop litorale\u00f1o donde transmite su pasi\u00f3n por la provincia y los paisajes del lugar donde naci\u00f3.<\/p>\n\n\n\n<p>\u25cf&nbsp;&nbsp;&nbsp;&nbsp;&nbsp;Tajy:&nbsp;Taj\u00fd significa Lapacho en guaran\u00ed. El tr\u00edo correntino que lleva este nombre tiene como principal propuesta la renovaci\u00f3n en el tratamiento musical de la misma. Presenta, en su gran mayor\u00eda, obras in\u00e9ditas de autor\u00eda propia y tambi\u00e9n versiones de composiciones de autores como Ram\u00f3n Ayala, Isaco Abitbol, Renato Borghetti, entre otros, siendo mayoritariamente m\u00fasica instrumental.<\/p>\n\n\n\n<p>\u25cf&nbsp;&nbsp;&nbsp;&nbsp;&nbsp;Silvia Pozo \u201cRelatos del Chamam\u00e9:&nbsp;la cuentacuento reconocida de la ciudad, nos trae historias de nuestro chamam\u00e9 y de nuestra esencia correntina para darle un marco hist\u00f3rico a nuestro festival.<\/p>\n\n\n\n<p><strong>GRILLA DE ARTISTAS EN LA PECERA \u201cEL VIVERO\u201d<\/strong><\/p>\n\n\n\n<p>\u25cf&nbsp;&nbsp;&nbsp;&nbsp;&nbsp;Mayra Pfleger y Szelect Daniela \u201cInvasi\u00f3n de arte\u201d. Muestra art\u00edstica del Instituto Josefina Contte: En el marco del festival 2022, propone la muestra de obras de artes divergentes de artistas locales emergentes, que comparten la tem\u00e1tica antes mencionada.<\/p>\n\n\n\n<p><strong>GRILLA DE ARTISTAS EN SALA<\/strong><\/p>\n\n\n\n<p>\u25cf&nbsp;&nbsp;&nbsp;&nbsp;&nbsp;Facundo Yunes: Cine debate local.&nbsp;El realizador audiovisual correntino que dirigi\u00f3 y coordin\u00f3 cortometrajes locales, nos trae la proyecci\u00f3n de los documentales \u201c<em>Historia de un Sembrador\u201d; \u201cEl Kar\u00e1u\u201d<\/em>&nbsp;y la presentaci\u00f3n oficial del trailer del nuevo documental&nbsp;<em>\u201cChamamecero\u201d.<\/em><\/p>\n\n\n\n<p><strong>EMPRENDEDORES Y ARTISTAS EN GENERAL<\/strong><\/p>\n\n\n\n<p>\u25cf&nbsp;&nbsp;&nbsp;&nbsp;&nbsp;Stand de Yur\u00fa Chipita. Intervenci\u00f3n en el Espacio:&nbsp;es un proyecto de arte urbano que llamamos &#8220;Vandal sentimental&#8221;. Vandal por lo general est\u00e1 relacionado directamente con la destrucci\u00f3n de la propiedad p\u00fablica, pero para ellas, es m\u00e1s bien una construcci\u00f3n lineal sobre la nostalgia, el sentimiento y los recuerdos. En su proyecto actualmente combinan t\u00e9cnicas (afiches, paste up y murales) usando como soporte las paredes del espacio p\u00fablico y el papel reutilizado. Mediante sus intervenciones buscan enriquecer el lenguaje visual y a trav\u00e9s de una resignificaci\u00f3n de los elementos de nuestra cultura, transmitir el entorno litorale\u00f1o (fauna, flora y mitolog\u00eda) desde una mirada contempor\u00e1nea para proyectarlo y que prevalezca en el tiempo.<\/p>\n\n\n\n<p>\u25cf&nbsp;&nbsp;&nbsp;&nbsp;&nbsp;Puestos gastron\u00f3micos de comidas t\u00edpicas.<\/p>\n","protected":false},"excerpt":{"rendered":"<p>Avanzan los preparativos para la 31\u00aa Fiesta Nacional del Chamam\u00e9, 17\u00aa Fiesta del Chamam\u00e9 del MERCOSUR y 1\u00aa Celebraci\u00f3n Mundial, y se suman escenarios en distintos puntos de la ciudad de Corrientes. El s\u00e1bado 15 y domingo 16 de enero, a las 18, se realizar\u00e1 en el patio del Espacio Mari\u00f1o&nbsp;(Santa Fe 847), el festival&#8230;<\/p>\n","protected":false},"author":1,"featured_media":820,"comment_status":"open","ping_status":"closed","sticky":false,"template":"","format":"standard","meta":{"footnotes":""},"categories":[1],"tags":[],"class_list":["post-819","post","type-post","status-publish","format-standard","has-post-thumbnail","hentry","category-noticias"],"_links":{"self":[{"href":"https:\/\/fiestanacionaldelchamame.com.ar\/index.php?rest_route=\/wp\/v2\/posts\/819","targetHints":{"allow":["GET"]}}],"collection":[{"href":"https:\/\/fiestanacionaldelchamame.com.ar\/index.php?rest_route=\/wp\/v2\/posts"}],"about":[{"href":"https:\/\/fiestanacionaldelchamame.com.ar\/index.php?rest_route=\/wp\/v2\/types\/post"}],"author":[{"embeddable":true,"href":"https:\/\/fiestanacionaldelchamame.com.ar\/index.php?rest_route=\/wp\/v2\/users\/1"}],"replies":[{"embeddable":true,"href":"https:\/\/fiestanacionaldelchamame.com.ar\/index.php?rest_route=%2Fwp%2Fv2%2Fcomments&post=819"}],"version-history":[{"count":1,"href":"https:\/\/fiestanacionaldelchamame.com.ar\/index.php?rest_route=\/wp\/v2\/posts\/819\/revisions"}],"predecessor-version":[{"id":821,"href":"https:\/\/fiestanacionaldelchamame.com.ar\/index.php?rest_route=\/wp\/v2\/posts\/819\/revisions\/821"}],"wp:featuredmedia":[{"embeddable":true,"href":"https:\/\/fiestanacionaldelchamame.com.ar\/index.php?rest_route=\/wp\/v2\/media\/820"}],"wp:attachment":[{"href":"https:\/\/fiestanacionaldelchamame.com.ar\/index.php?rest_route=%2Fwp%2Fv2%2Fmedia&parent=819"}],"wp:term":[{"taxonomy":"category","embeddable":true,"href":"https:\/\/fiestanacionaldelchamame.com.ar\/index.php?rest_route=%2Fwp%2Fv2%2Fcategories&post=819"},{"taxonomy":"post_tag","embeddable":true,"href":"https:\/\/fiestanacionaldelchamame.com.ar\/index.php?rest_route=%2Fwp%2Fv2%2Ftags&post=819"}],"curies":[{"name":"wp","href":"https:\/\/api.w.org\/{rel}","templated":true}]}}