{"id":816,"date":"2021-12-14T02:00:00","date_gmt":"2021-12-14T05:00:00","guid":{"rendered":"https:\/\/fiestanacionaldelchamame.com.ar\/?p=816"},"modified":"2022-01-10T10:08:09","modified_gmt":"2022-01-10T13:08:09","slug":"se-abre-el-periodo-de-acreditaciones-para-la-31a-fiesta-nacional-del-chamame","status":"publish","type":"post","link":"https:\/\/fiestanacionaldelchamame.com.ar\/?p=816","title":{"rendered":"Se abre el per\u00edodo de acreditaciones para la 31\u00aa Fiesta Nacional del Chamam\u00e9"},"content":{"rendered":"\n<p>El Instituto de Cultura de Corrientes abre el per\u00edodo de acreditaci\u00f3n para los medios de comunicaci\u00f3n interesados en realizar la cobertura de la 31\u00aa Fiesta Nacional del Chamam\u00e9, 17\u00aa Fiesta del Chamam\u00e9 del MERCOSUR y 1\u00aa Celebraci\u00f3n Mundial, que se llevar\u00e1 adelante del 14 al 23 de enero del 2021 en el anfiteatro Mario del Tr\u00e1nsito Cocomarola. Tendr\u00e1n tiempo de remitir la solicitud, sin excepci\u00f3n, hasta el lunes 3 de enero.<\/p>\n\n\n\n<p>Con el asunto&nbsp;<strong>\u201cAcreditaciones-Abrazo que Enchamiga Naciones\u201d<\/strong>, deber\u00e1n enviar una nota membretada del medio (archivo de Word en adjunto), al correo:<\/p>\n\n\n\n<p><a href=\"mailto:acreditaciones.cultura@gmail.com\" target=\"_blank\" rel=\"noreferrer noopener\">acreditaciones.cultura@gmail.com<\/a><\/p>\n\n\n\n<p>En la nota deben precisar lo siguiente: tipo de cobertura a realizar (notas, m\u00f3viles, transmisi\u00f3n en vivo), datos de las personas a acreditar (nombre, DNI y funci\u00f3n), una foto de cada uno formato JPG \u2013que se utilizar\u00e1 en el caso de as\u00ed resolverlo-, y la correspondiente firma del due\u00f1o o responsable. En el caso de no cumplir con estos requisitos b\u00e1sicos, los pedidos no ser\u00e1n considerados.<\/p>\n\n\n\n<p>En esta oportunidad, se acreditar\u00e1 a 2 trabajadores de prensa en el caso de medio gr\u00e1fico (m\u00e1s 1 de la redacci\u00f3n web), 3 por radio -no por programa- (exceptuando transmisi\u00f3n en vivo), 3 por canal de televisi\u00f3n \u2013no por programa- (exceptuando transmisi\u00f3n en vivo), 2 por medio digital (siempre y cuando adjunten links de material que hayan dado a difusi\u00f3n sobre la \u00faltima edici\u00f3n de la Fiesta Nacional del Chamam\u00e9).<\/p>\n\n\n\n<p>El cupo es limitado, por tal motivo, la recepci\u00f3n de los pedidos no representa garant\u00eda de obtener las&nbsp;acreditaciones. Solicitamos respetar la cantidad establecida: la fecha l\u00edmite para enviar el pedido es, sin excepci\u00f3n, el lunes 3 de enero y se responder\u00e1 v\u00eda correo electr\u00f3nico (\u00fanicamente) los d\u00edas y horarios en los que se deber\u00e1n retirar las correspondientes&nbsp;acreditaciones.<\/p>\n\n\n\n<p>Solicitamos a los interesados completar adem\u00e1s el siguiente formulario:<\/p>\n\n\n\n<figure class=\"wp-block-embed\"><div class=\"wp-block-embed__wrapper\">\nhttps:\/\/forms.gle\/E4HHTdDDXh4wxquc6\n<\/div><\/figure>\n\n\n\n<p><strong>Transmisi\u00f3n en vivo<\/strong><\/p>\n\n\n\n<p>La gesti\u00f3n para llevar adelante transmisiones en vivo se realizar\u00e1 personalmente (salvo medios de otras provincias o nacionales) en el Instituto de Cultura de Corrientes, ubicado en calle San Juan 546.<\/p>\n\n\n\n<p>Deber\u00e1n presentar una nota de pedido con las necesidades t\u00e9cnicas y de espacio dirigida al director general de la Fiesta Nacional del Chamam\u00e9, Eduardo Sivori, y otra al responsable del Departamento de Prensa y Difusi\u00f3n, Hernan Molina. Y enviar tambi\u00e9n la nota membretada con el listado de periodistas al correo:&nbsp;<a href=\"mailto:acreditaciones.cultura@gmail.com\" target=\"_blank\" rel=\"noreferrer noopener\">acreditaciones.cultura@gmail.com<\/a><\/p>\n\n\n\n<p><strong>Carpa de prensa<\/strong><\/p>\n\n\n\n<p>Como viene ocurriendo en las \u00faltimas ediciones de la Fiesta Nacional del Chamam\u00e9, detr\u00e1s del escenario se montar\u00e1 una carpa destinada exclusivamente para el trabajo de los periodistas. All\u00ed tendr\u00e1n lugar las conferencias de prensa de los principales artistas de cada noche que compartir\u00e1n con los medios las expectativas antes de subir al escenario o su experiencia con el p\u00fablico, posterior a la presentaci\u00f3n.<\/p>\n\n\n\n<p>Tambi\u00e9n se aprovechar\u00e1 este espacio para informar sobre las actividades que forman parte de la Fiesta, y que se desarrollar\u00e1n en distintos escenarios de la provincia, el pa\u00eds y de distintos pa\u00edses que se sumar\u00e1n a la celebraci\u00f3n por la declaraci\u00f3n del chamam\u00e9 como patrimonio cultural inmaterial de la humanidad.<\/p>\n","protected":false},"excerpt":{"rendered":"<p>El Instituto de Cultura de Corrientes abre el per\u00edodo de acreditaci\u00f3n para los medios de comunicaci\u00f3n interesados en realizar la cobertura de la 31\u00aa Fiesta Nacional del Chamam\u00e9, 17\u00aa Fiesta del Chamam\u00e9 del MERCOSUR y 1\u00aa Celebraci\u00f3n Mundial, que se llevar\u00e1 adelante del 14 al 23 de enero del 2021 en el anfiteatro Mario del&#8230;<\/p>\n","protected":false},"author":1,"featured_media":817,"comment_status":"open","ping_status":"closed","sticky":false,"template":"","format":"standard","meta":{"footnotes":""},"categories":[1],"tags":[],"class_list":["post-816","post","type-post","status-publish","format-standard","has-post-thumbnail","hentry","category-noticias"],"_links":{"self":[{"href":"https:\/\/fiestanacionaldelchamame.com.ar\/index.php?rest_route=\/wp\/v2\/posts\/816","targetHints":{"allow":["GET"]}}],"collection":[{"href":"https:\/\/fiestanacionaldelchamame.com.ar\/index.php?rest_route=\/wp\/v2\/posts"}],"about":[{"href":"https:\/\/fiestanacionaldelchamame.com.ar\/index.php?rest_route=\/wp\/v2\/types\/post"}],"author":[{"embeddable":true,"href":"https:\/\/fiestanacionaldelchamame.com.ar\/index.php?rest_route=\/wp\/v2\/users\/1"}],"replies":[{"embeddable":true,"href":"https:\/\/fiestanacionaldelchamame.com.ar\/index.php?rest_route=%2Fwp%2Fv2%2Fcomments&post=816"}],"version-history":[{"count":1,"href":"https:\/\/fiestanacionaldelchamame.com.ar\/index.php?rest_route=\/wp\/v2\/posts\/816\/revisions"}],"predecessor-version":[{"id":818,"href":"https:\/\/fiestanacionaldelchamame.com.ar\/index.php?rest_route=\/wp\/v2\/posts\/816\/revisions\/818"}],"wp:featuredmedia":[{"embeddable":true,"href":"https:\/\/fiestanacionaldelchamame.com.ar\/index.php?rest_route=\/wp\/v2\/media\/817"}],"wp:attachment":[{"href":"https:\/\/fiestanacionaldelchamame.com.ar\/index.php?rest_route=%2Fwp%2Fv2%2Fmedia&parent=816"}],"wp:term":[{"taxonomy":"category","embeddable":true,"href":"https:\/\/fiestanacionaldelchamame.com.ar\/index.php?rest_route=%2Fwp%2Fv2%2Fcategories&post=816"},{"taxonomy":"post_tag","embeddable":true,"href":"https:\/\/fiestanacionaldelchamame.com.ar\/index.php?rest_route=%2Fwp%2Fv2%2Ftags&post=816"}],"curies":[{"name":"wp","href":"https:\/\/api.w.org\/{rel}","templated":true}]}}