{"id":813,"date":"2021-12-15T11:54:00","date_gmt":"2021-12-15T14:54:00","guid":{"rendered":"https:\/\/fiestanacionaldelchamame.com.ar\/?p=813"},"modified":"2022-01-10T10:00:36","modified_gmt":"2022-01-10T13:00:36","slug":"la-banda-militar-tambor-de-tacuari-se-presentara-en-la-31a-fiesta-nacional-del-chamame","status":"publish","type":"post","link":"https:\/\/fiestanacionaldelchamame.com.ar\/?p=813","title":{"rendered":"La banda militar Tambor de Tacuar\u00ed se presentar\u00e1 en la 31\u00aa Fiesta Nacional del Chamam\u00e9"},"content":{"rendered":"\n<p>El Gobierno de la Provincia, a trav\u00e9s del Instituto de Cultura de Corrientes, avanza en la organizaci\u00f3n de la Fiesta Nacional del Chamam\u00e9 2022, y confirma que formar\u00e1 parte de la grilla musical la banda militar Tambor de Tacuar\u00ed del regimiento de Infanter\u00eda 1 Patricios. Se presentar\u00e1 el 14 de enero, junto con la Banda de M\u00fasica de la Polic\u00eda de Corrientes, en el anfiteatro Mario del Tr\u00e1nsito Cocomarola.<\/p>\n\n\n\n<p>La banda de Patricios que habitualmente lleva uniforme hist\u00f3rico brindar\u00e1 una actuaci\u00f3n con su par correntina que depende la Polic\u00eda de Corrientes que lucir\u00e1 su tradicional uniforme del cuerpo de Cazadores Correntinos, unidad de milicia creada en 1806 para enfrentar la primera invasi\u00f3n inglesa.<\/p>\n\n\n\n<p>Este hecho se convierte en un acontecimiento de honor porque esa prestigiosa Banda Militar lleva el nombre de nuestro h\u00e9roe Pedro R\u00edos, \u201cel Tamborcito de Tacuar\u00ed\u201d, nacido en la localidad correntina de Concepci\u00f3n del Yaguaret\u00e9 Cor\u00e1 y que con s\u00f3lo 11 a\u00f1os se sum\u00f3 al Ej\u00e9rcito de las Provincias Unidas del R\u00edo de la Plata, bajo el mando del General Manuel Belgrano. Precisamente, en la batalla de Tacuar\u00ed muri\u00f3 en combate y dej\u00f3 su legado de valent\u00eda y amor a la Patria, que nosotros como correntinos enaltecemos y honramos.<\/p>\n\n\n\n<p>Las bandas se encuentran trabajando bajo la coordinaci\u00f3n musical de Aldy Balestra y unir\u00e1n en el escenario de la 31\u00aa Fiesta Nacional del Chamam\u00e9, la primera que se realiza de manera presencial despu\u00e9s del inicio de la pandemia y tambi\u00e9n ser\u00e1 la primera que va a celebrar la declaraci\u00f3n del Chamam\u00e9 como Patrimonio Cultural Inmaterial de la Humanidad, otorgado por la UNESCO en diciembre del 2020.<\/p>\n\n\n\n<p>Banda Militar \u201cTambor de Tacuar\u00ed\u201d<\/p>\n\n\n\n<p>El Regimiento de Infanter\u00eda 1 &#8220;Patricios&#8221; fue creado con motivo de las Invasiones Inglesas en septiembre de 1806. Su banda militar, formada para acompasar la marcha de sus tres batallones y agilizar sus desplazamientos, disimul\u00f3 con sus sones, los murmullos de los revolucionarios criollos reunidos en el Real Colegio de San Carlos, para gestar la formaci\u00f3n del primer gobierno local.<\/p>\n\n\n\n<p>La noche del 25 de Mayo de 1810, particip\u00f3 de los festejos en las galer\u00edas del Cabildo hasta muy entrada la noche, y convirti\u00f3 en sonidos la alegr\u00eda de los criollos all\u00ed reunidos. Intervino con sus m\u00fasicos de \u00f3rdenes en la campa\u00f1a de Belgrano al Paraguay y all\u00ed dio su primera cuota de sangre en Tacuar\u00ed, donde el h\u00e9roe de la jornada fue un joven de 12 a\u00f1os, que bati\u00f3 el parche de su tambor al frente de las dos compa\u00f1\u00edas de Patricios que pelearon ese 9 de marzo de 1811.<\/p>\n\n\n\n<p>Sus sones, acompa\u00f1aron el primer enarbolamiento de la Ense\u00f1a Nacional en la Barrancas del Rosario y Gregorio Ar\u00e1oz de Lamadrid refiri\u00f3 que su ratapl\u00e1n acompasado, gui\u00f3 a los patriotas en Tucum\u00e1n y Salta. Un capit\u00e1n del Regimiento, don Vicente L\u00f3pez y Planes compuso la letra del Himno Nacional Argentino y estos sones tocados por la banda, desataron el \u00edmpetu de las bayonetas patricias en cuanto la Patria jug\u00f3 su suerte a la verdad de las armas. Fiel a esta tradici\u00f3n, fuerte y decidido son\u00f3 el 20 de noviembre de 1845 en la Vuelta de Obligado, bajo el fuego combinado de la flota anglofrancesa.<\/p>\n\n\n\n<p>Durante el siglo XX, insufl\u00f3 patriotismo a m\u00faltiples generaciones de conscriptos que dieron servicio militar en esta unidad. En el a\u00f1o 1966, se le confiri\u00f3 el uniforme hist\u00f3rico que hoy luce y se le asign\u00f3 el nombre de Banda Militar \u201cTacuar\u00ed\u201d. En 1996 se complet\u00f3 este por &#8220;Tambor de Tacuar\u00ed&#8221; en honor a Pedro R\u00edos, m\u00fasico de \u00f3rdenes de Manuel Belgrano, cuyo ejemplo gu\u00eda las actividades de sus integrantes.<\/p>\n\n\n\n<p>En 1982 despidi\u00f3 a los hombres del Regimiento que marcharon a la Campa\u00f1a del Atl\u00e1ntico Sur y en los d\u00edas de m\u00e1s cruentos combates, rindi\u00f3 honores al Papa Juan Pablo II, reaseguro de la paz entre los contendientes. En su misi\u00f3n de atesorar las tradiciones musicales militares argentinas, recorri\u00f3 casi todas las provincias del pa\u00eds. Visit\u00f3 Brasilia, Colonia, Montevideo, Punta del Este, Miami, dentro del continente y particip\u00f3 del Festivales Internacionales de M\u00fasica Militar de Bremen en Alemania en el a\u00f1o 2003.<\/p>\n","protected":false},"excerpt":{"rendered":"<p>El Gobierno de la Provincia, a trav\u00e9s del Instituto de Cultura de Corrientes, avanza en la organizaci\u00f3n de la Fiesta Nacional del Chamam\u00e9 2022, y confirma que formar\u00e1 parte de la grilla musical la banda militar Tambor de Tacuar\u00ed del regimiento de Infanter\u00eda 1 Patricios. Se presentar\u00e1 el 14 de enero, junto con la Banda&#8230;<\/p>\n","protected":false},"author":1,"featured_media":814,"comment_status":"open","ping_status":"closed","sticky":false,"template":"","format":"standard","meta":{"footnotes":""},"categories":[1],"tags":[],"class_list":["post-813","post","type-post","status-publish","format-standard","has-post-thumbnail","hentry","category-noticias"],"_links":{"self":[{"href":"https:\/\/fiestanacionaldelchamame.com.ar\/index.php?rest_route=\/wp\/v2\/posts\/813","targetHints":{"allow":["GET"]}}],"collection":[{"href":"https:\/\/fiestanacionaldelchamame.com.ar\/index.php?rest_route=\/wp\/v2\/posts"}],"about":[{"href":"https:\/\/fiestanacionaldelchamame.com.ar\/index.php?rest_route=\/wp\/v2\/types\/post"}],"author":[{"embeddable":true,"href":"https:\/\/fiestanacionaldelchamame.com.ar\/index.php?rest_route=\/wp\/v2\/users\/1"}],"replies":[{"embeddable":true,"href":"https:\/\/fiestanacionaldelchamame.com.ar\/index.php?rest_route=%2Fwp%2Fv2%2Fcomments&post=813"}],"version-history":[{"count":1,"href":"https:\/\/fiestanacionaldelchamame.com.ar\/index.php?rest_route=\/wp\/v2\/posts\/813\/revisions"}],"predecessor-version":[{"id":815,"href":"https:\/\/fiestanacionaldelchamame.com.ar\/index.php?rest_route=\/wp\/v2\/posts\/813\/revisions\/815"}],"wp:featuredmedia":[{"embeddable":true,"href":"https:\/\/fiestanacionaldelchamame.com.ar\/index.php?rest_route=\/wp\/v2\/media\/814"}],"wp:attachment":[{"href":"https:\/\/fiestanacionaldelchamame.com.ar\/index.php?rest_route=%2Fwp%2Fv2%2Fmedia&parent=813"}],"wp:term":[{"taxonomy":"category","embeddable":true,"href":"https:\/\/fiestanacionaldelchamame.com.ar\/index.php?rest_route=%2Fwp%2Fv2%2Fcategories&post=813"},{"taxonomy":"post_tag","embeddable":true,"href":"https:\/\/fiestanacionaldelchamame.com.ar\/index.php?rest_route=%2Fwp%2Fv2%2Ftags&post=813"}],"curies":[{"name":"wp","href":"https:\/\/api.w.org\/{rel}","templated":true}]}}