{"id":810,"date":"2021-12-17T21:48:00","date_gmt":"2021-12-18T00:48:00","guid":{"rendered":"https:\/\/fiestanacionaldelchamame.com.ar\/?p=810"},"modified":"2022-01-10T09:51:06","modified_gmt":"2022-01-10T12:51:06","slug":"acta-de-compromiso-interinstitucional","status":"publish","type":"post","link":"https:\/\/fiestanacionaldelchamame.com.ar\/?p=810","title":{"rendered":"Acta de Compromiso Interinstitucional"},"content":{"rendered":"\n<p>Tambi\u00e9n en horas de la ma\u00f1ana, el Presidente del Instituto de Cultura de Corrientes, Arq. Gabriel Romero se reuni\u00f3 en su despacho con la Delegada Provincial del Instituto contra la Discriminaci\u00f3n, la Xenofobia y el Racismo (INADI), Sabina Bacalini; y la Coordinadora de la Fundaci\u00f3n LS Incluir, Noelia Cabrera y firmaron un Acta de Compromiso Interinstitucional, donde el Instituto de Cultura se compromete a garantizar el Servicio de Lengua de Se\u00f1as (LDS), en coordinaci\u00f3n con la Fundaci\u00f3n LS Incluir en el transcurso de la 31\u00b0 Fiesta Nacional del Chamam\u00e9 y 17\u00b0 Fiesta del Chamam\u00e9 del MERCOSUR, con la finalidad de coordinar acciones para garantizar la accesibilidad y superar barreras para la efectiva participaci\u00f3n de todas las personas en igualdad de condiciones<\/p>\n","protected":false},"excerpt":{"rendered":"<p>Tambi\u00e9n en horas de la ma\u00f1ana, el Presidente del Instituto de Cultura de Corrientes, Arq. Gabriel Romero se reuni\u00f3 en su despacho con la Delegada Provincial del Instituto contra la Discriminaci\u00f3n, la Xenofobia y el Racismo (INADI), Sabina Bacalini; y la Coordinadora de la Fundaci\u00f3n LS Incluir, Noelia Cabrera y firmaron un Acta de Compromiso&#8230;<\/p>\n","protected":false},"author":1,"featured_media":811,"comment_status":"open","ping_status":"closed","sticky":false,"template":"","format":"standard","meta":{"footnotes":""},"categories":[1],"tags":[],"class_list":["post-810","post","type-post","status-publish","format-standard","has-post-thumbnail","hentry","category-noticias"],"_links":{"self":[{"href":"https:\/\/fiestanacionaldelchamame.com.ar\/index.php?rest_route=\/wp\/v2\/posts\/810","targetHints":{"allow":["GET"]}}],"collection":[{"href":"https:\/\/fiestanacionaldelchamame.com.ar\/index.php?rest_route=\/wp\/v2\/posts"}],"about":[{"href":"https:\/\/fiestanacionaldelchamame.com.ar\/index.php?rest_route=\/wp\/v2\/types\/post"}],"author":[{"embeddable":true,"href":"https:\/\/fiestanacionaldelchamame.com.ar\/index.php?rest_route=\/wp\/v2\/users\/1"}],"replies":[{"embeddable":true,"href":"https:\/\/fiestanacionaldelchamame.com.ar\/index.php?rest_route=%2Fwp%2Fv2%2Fcomments&post=810"}],"version-history":[{"count":1,"href":"https:\/\/fiestanacionaldelchamame.com.ar\/index.php?rest_route=\/wp\/v2\/posts\/810\/revisions"}],"predecessor-version":[{"id":812,"href":"https:\/\/fiestanacionaldelchamame.com.ar\/index.php?rest_route=\/wp\/v2\/posts\/810\/revisions\/812"}],"wp:featuredmedia":[{"embeddable":true,"href":"https:\/\/fiestanacionaldelchamame.com.ar\/index.php?rest_route=\/wp\/v2\/media\/811"}],"wp:attachment":[{"href":"https:\/\/fiestanacionaldelchamame.com.ar\/index.php?rest_route=%2Fwp%2Fv2%2Fmedia&parent=810"}],"wp:term":[{"taxonomy":"category","embeddable":true,"href":"https:\/\/fiestanacionaldelchamame.com.ar\/index.php?rest_route=%2Fwp%2Fv2%2Fcategories&post=810"},{"taxonomy":"post_tag","embeddable":true,"href":"https:\/\/fiestanacionaldelchamame.com.ar\/index.php?rest_route=%2Fwp%2Fv2%2Ftags&post=810"}],"curies":[{"name":"wp","href":"https:\/\/api.w.org\/{rel}","templated":true}]}}