{"id":807,"date":"2021-12-17T21:45:00","date_gmt":"2021-12-18T00:45:00","guid":{"rendered":"https:\/\/fiestanacionaldelchamame.com.ar\/?p=807"},"modified":"2022-01-10T09:48:28","modified_gmt":"2022-01-10T12:48:28","slug":"fiesta-nacional-del-chamame-reunion-de-trabajo-logistica","status":"publish","type":"post","link":"https:\/\/fiestanacionaldelchamame.com.ar\/?p=807","title":{"rendered":"Fiesta Nacional del Chamam\u00e9: Reuni\u00f3n de trabajo \u2013 Log\u00edstica"},"content":{"rendered":"\n<p>Esta ma\u00f1ana en el Teatro Vera, el Presidente del Instituto de Cultura de Corrientes, Arq. Gabriel Romero y su equipo, en trabajo en conjunto de Provincia y Municipio, se reunieron con las diferentes \u00e1reas involucradas en la organizaci\u00f3n de log\u00edstica de la Fiesta Nacional del Chamam\u00e9 en la ciudad de Corrientes, como Ministerio de Salud, Municipio y Polic\u00eda, entre ellos Silvina Vega Bajo, Secretaria de Gesti\u00f3n Sanitaria del Ministerio de Salud; Jos\u00e9 Sand, Secretario de Educaci\u00f3n y Cultura; Juan Esteban Maldonado Yonna, Secretario de Desarrollo Econ\u00f3mico y el Oficial Sub ayudante Hugo Almir\u00f3n.<\/p>\n\n\n\n<p>Se present\u00f3 el esquema general de c\u00f3mo van a estar distribuidas las diferentes actividades durante los diez d\u00edas, se coordin\u00f3 con las \u00e1reas presentes para establecer y plantear sus dudas con respecto a cada terreno en particular, como por ejemplo la situaci\u00f3n del espacio para las ambulancias dentro del predio del Anfiteatro Cocomarola, la necesidad de contar con servicio de remises, colectivos y combis para las actividades que se llevar\u00e1n a cabo fuera del anfiteatro ya que la intenci\u00f3n es desarrollar la fiesta en distintas zonas de la ciudad y localidades cercanas, para brindarle al turista o asistente a la fiesta, la comodidad de un transporte seguro; tambi\u00e9n se establecieron las medidas de seguridad e higiene con respecto a los m\u00fasicos y asistentes del extranjero para el cumplimiento del protocolo sanitario.<\/p>\n\n\n\n<p>Luego de esta positiva reuni\u00f3n&nbsp;<em><u>se resolvi\u00f3 que el martes 21 a las 10 hs se realizar\u00e1 una conferencia de prensa tambi\u00e9n en el teatro<\/u><\/em>, para dar a conocer cuestiones log\u00edsticas a tener en cuenta, como ser vacunaci\u00f3n, localizaci\u00f3n, accesos,&nbsp;estacionamiento, hisopados, entre otros asuntos; adem\u00e1s de las acciones de la fiesta en diferentes municipios y provincias.<\/p>\n","protected":false},"excerpt":{"rendered":"<p>Esta ma\u00f1ana en el Teatro Vera, el Presidente del Instituto de Cultura de Corrientes, Arq. Gabriel Romero y su equipo, en trabajo en conjunto de Provincia y Municipio, se reunieron con las diferentes \u00e1reas involucradas en la organizaci\u00f3n de log\u00edstica de la Fiesta Nacional del Chamam\u00e9 en la ciudad de Corrientes, como Ministerio de Salud,&#8230;<\/p>\n","protected":false},"author":1,"featured_media":808,"comment_status":"open","ping_status":"closed","sticky":false,"template":"","format":"standard","meta":{"footnotes":""},"categories":[1],"tags":[],"class_list":["post-807","post","type-post","status-publish","format-standard","has-post-thumbnail","hentry","category-noticias"],"_links":{"self":[{"href":"https:\/\/fiestanacionaldelchamame.com.ar\/index.php?rest_route=\/wp\/v2\/posts\/807","targetHints":{"allow":["GET"]}}],"collection":[{"href":"https:\/\/fiestanacionaldelchamame.com.ar\/index.php?rest_route=\/wp\/v2\/posts"}],"about":[{"href":"https:\/\/fiestanacionaldelchamame.com.ar\/index.php?rest_route=\/wp\/v2\/types\/post"}],"author":[{"embeddable":true,"href":"https:\/\/fiestanacionaldelchamame.com.ar\/index.php?rest_route=\/wp\/v2\/users\/1"}],"replies":[{"embeddable":true,"href":"https:\/\/fiestanacionaldelchamame.com.ar\/index.php?rest_route=%2Fwp%2Fv2%2Fcomments&post=807"}],"version-history":[{"count":1,"href":"https:\/\/fiestanacionaldelchamame.com.ar\/index.php?rest_route=\/wp\/v2\/posts\/807\/revisions"}],"predecessor-version":[{"id":809,"href":"https:\/\/fiestanacionaldelchamame.com.ar\/index.php?rest_route=\/wp\/v2\/posts\/807\/revisions\/809"}],"wp:featuredmedia":[{"embeddable":true,"href":"https:\/\/fiestanacionaldelchamame.com.ar\/index.php?rest_route=\/wp\/v2\/media\/808"}],"wp:attachment":[{"href":"https:\/\/fiestanacionaldelchamame.com.ar\/index.php?rest_route=%2Fwp%2Fv2%2Fmedia&parent=807"}],"wp:term":[{"taxonomy":"category","embeddable":true,"href":"https:\/\/fiestanacionaldelchamame.com.ar\/index.php?rest_route=%2Fwp%2Fv2%2Fcategories&post=807"},{"taxonomy":"post_tag","embeddable":true,"href":"https:\/\/fiestanacionaldelchamame.com.ar\/index.php?rest_route=%2Fwp%2Fv2%2Ftags&post=807"}],"curies":[{"name":"wp","href":"https:\/\/api.w.org\/{rel}","templated":true}]}}