{"id":804,"date":"2021-12-20T14:29:00","date_gmt":"2021-12-20T17:29:00","guid":{"rendered":"https:\/\/fiestanacionaldelchamame.com.ar\/?p=804"},"modified":"2022-01-10T09:45:13","modified_gmt":"2022-01-10T12:45:13","slug":"mas-de-400-personas-formaron-parte-de-una-coreografia-en-la-playa-arazaty","status":"publish","type":"post","link":"https:\/\/fiestanacionaldelchamame.com.ar\/?p=804","title":{"rendered":"M\u00e1s de 400 personas formaron parte de una coreograf\u00eda en la playa Arazaty"},"content":{"rendered":"\n<p>La 31\u00aa Fiesta Nacional del Chamam\u00e9 ya se comienza a vivir en Corrientes. Ayer domingo, m\u00e1s de 400 correntinos participaron de la filmaci\u00f3n de una coreograf\u00eda multitudinaria en la playa Arazaty, que ser\u00e1 transmitida en el anfiteatro Cocomarola durante las noches de la Fiesta.<\/p>\n\n\n\n<p>La grabaci\u00f3n se extendi\u00f3 durante dos horas y media en este lugar emblem\u00e1tico de la costanera correntina. M\u00e1s de 400 personas se unieron bailando y formaron entre todos la palabra \u201cChamam\u00e9\u201d que se ver\u00e1 desde lo alto. Las im\u00e1genes se proyectar\u00e1n durante las noches de la Fiesta, a trav\u00e9s de las pantallas gigantes ubicadas en el escenario mayor Osvaldo Sosa Cordero.<\/p>\n\n\n\n<p>El Gobierno de la Provincia, a trav\u00e9s del Instituto de Cultura de Corrientes, junto con el reconocido core\u00f3grafo y productor de Marcelo Tinelli, el correntino Mat\u00edas Pedemonte, llevaron adelante esta propuesta, a trav\u00e9s de una convocatoria que estuvo abierta a todos los correntinos que deseaban formar parte de la coreograf\u00eda. Antes se llevaron adelante dos ensayos en el anfiteatro Cocomarola.<\/p>\n\n\n\n<figure class=\"wp-block-embed is-type-video is-provider-youtube wp-block-embed-youtube wp-embed-aspect-16-9 wp-has-aspect-ratio\"><div class=\"wp-block-embed__wrapper\">\n<iframe title=\"Chamam\u00e9 de la Humanidad\" width=\"640\" height=\"360\" src=\"https:\/\/www.youtube.com\/embed\/2gngZj4gFPE?feature=oembed\" frameborder=\"0\" allow=\"accelerometer; autoplay; clipboard-write; encrypted-media; gyroscope; picture-in-picture; web-share\" referrerpolicy=\"strict-origin-when-cross-origin\" allowfullscreen><\/iframe>\n<\/div><\/figure>\n","protected":false},"excerpt":{"rendered":"<p>La 31\u00aa Fiesta Nacional del Chamam\u00e9 ya se comienza a vivir en Corrientes. Ayer domingo, m\u00e1s de 400 correntinos participaron de la filmaci\u00f3n de una coreograf\u00eda multitudinaria en la playa Arazaty, que ser\u00e1 transmitida en el anfiteatro Cocomarola durante las noches de la Fiesta. La grabaci\u00f3n se extendi\u00f3 durante dos horas y media en este&#8230;<\/p>\n","protected":false},"author":1,"featured_media":805,"comment_status":"open","ping_status":"closed","sticky":false,"template":"","format":"standard","meta":{"footnotes":""},"categories":[1],"tags":[],"class_list":["post-804","post","type-post","status-publish","format-standard","has-post-thumbnail","hentry","category-noticias"],"_links":{"self":[{"href":"https:\/\/fiestanacionaldelchamame.com.ar\/index.php?rest_route=\/wp\/v2\/posts\/804","targetHints":{"allow":["GET"]}}],"collection":[{"href":"https:\/\/fiestanacionaldelchamame.com.ar\/index.php?rest_route=\/wp\/v2\/posts"}],"about":[{"href":"https:\/\/fiestanacionaldelchamame.com.ar\/index.php?rest_route=\/wp\/v2\/types\/post"}],"author":[{"embeddable":true,"href":"https:\/\/fiestanacionaldelchamame.com.ar\/index.php?rest_route=\/wp\/v2\/users\/1"}],"replies":[{"embeddable":true,"href":"https:\/\/fiestanacionaldelchamame.com.ar\/index.php?rest_route=%2Fwp%2Fv2%2Fcomments&post=804"}],"version-history":[{"count":1,"href":"https:\/\/fiestanacionaldelchamame.com.ar\/index.php?rest_route=\/wp\/v2\/posts\/804\/revisions"}],"predecessor-version":[{"id":806,"href":"https:\/\/fiestanacionaldelchamame.com.ar\/index.php?rest_route=\/wp\/v2\/posts\/804\/revisions\/806"}],"wp:featuredmedia":[{"embeddable":true,"href":"https:\/\/fiestanacionaldelchamame.com.ar\/index.php?rest_route=\/wp\/v2\/media\/805"}],"wp:attachment":[{"href":"https:\/\/fiestanacionaldelchamame.com.ar\/index.php?rest_route=%2Fwp%2Fv2%2Fmedia&parent=804"}],"wp:term":[{"taxonomy":"category","embeddable":true,"href":"https:\/\/fiestanacionaldelchamame.com.ar\/index.php?rest_route=%2Fwp%2Fv2%2Fcategories&post=804"},{"taxonomy":"post_tag","embeddable":true,"href":"https:\/\/fiestanacionaldelchamame.com.ar\/index.php?rest_route=%2Fwp%2Fv2%2Ftags&post=804"}],"curies":[{"name":"wp","href":"https:\/\/api.w.org\/{rel}","templated":true}]}}