{"id":801,"date":"2021-12-20T11:27:00","date_gmt":"2021-12-20T14:27:00","guid":{"rendered":"https:\/\/fiestanacionaldelchamame.com.ar\/?p=801"},"modified":"2022-01-10T09:29:12","modified_gmt":"2022-01-10T12:29:12","slug":"se-anunciaran-protocolos-sanitarios-y-de-seguridad-de-la-fiesta-nacional-del-chamame","status":"publish","type":"post","link":"https:\/\/fiestanacionaldelchamame.com.ar\/?p=801","title":{"rendered":"Se anunciar\u00e1n protocolos sanitarios y de seguridad de la Fiesta Nacional del Chamam\u00e9"},"content":{"rendered":"\n<p>El Gobierno de la Provincia, a trav\u00e9s del Instituto de Cultura de Corrientes, avanza en la organizaci\u00f3n de la 31\u00aa Fiesta Nacional del Chamam\u00e9, 17\u00aa Fiesta del Chamam\u00e9 del MERCOSUR y 1\u00aa Celebraci\u00f3n Mundial, a desarrollarse del 14 al 23 de enero de 2022. Por este motivo, este martes 21 de diciembre, a las 10, en el teatro Vera se realizar\u00e1 una conferencia de prensa para brindar detalles del protocolo sanitario y de seguridad que se instrumentar\u00e1 durante los 10 d\u00edas en el anfiteatro Cocomarola de la ciudad de Corrientes.<\/p>\n\n\n\n<p>Estar\u00e1n presentes el presidente del Instituto de Cultura de Corrientes, Arq. Gabriel Romero, el director de la Fiesta Nacional del Chamam\u00e9, Eduardo S\u00edvori, funcionarios del ministerio de Salud P\u00fablica, del Municipio capitalino y representantes de las fuerzas de seguridad.<\/p>\n\n\n\n<p>El pasado viernes se llev\u00f3 adelante una primera reuni\u00f3n de trabajo entre las \u00e1reas involucradas en la organizaci\u00f3n de la log\u00edstica de la Fiesta para ultimar los detalles del operativo sanitario y de seguridad, y hoy a la ma\u00f1ana tambi\u00e9n en el teatro Vera, tuvo lugar un segundo encuentro para terminar de definir las pautas que ser\u00e1n anunciadas en la conferencia de este martes.<\/p>\n\n\n\n<p>Se estableci\u00f3 un esquema general para las distintas actividades a llevarse adelante durante los 10 d\u00edas de la Fiesta, analizaron adem\u00e1s la posibilidad de contar con servicios de transporte para las propuestas a desarrollarse en distintos puntos de la ciudad y en localidades cercanas y se fijaron medidas sanitarias y de seguridad con respecto a los m\u00fasicos que formar\u00e1n parte de la programaci\u00f3n y los asistentes que lleguen de pa\u00edses vecinos. Se explicar\u00e1n adem\u00e1s las pautas que se solicitar\u00e1n para el ingreso respecto al esquema de vacunaci\u00f3n.<\/p>\n","protected":false},"excerpt":{"rendered":"<p>El Gobierno de la Provincia, a trav\u00e9s del Instituto de Cultura de Corrientes, avanza en la organizaci\u00f3n de la 31\u00aa Fiesta Nacional del Chamam\u00e9, 17\u00aa Fiesta del Chamam\u00e9 del MERCOSUR y 1\u00aa Celebraci\u00f3n Mundial, a desarrollarse del 14 al 23 de enero de 2022. Por este motivo, este martes 21 de diciembre, a las 10,&#8230;<\/p>\n","protected":false},"author":1,"featured_media":802,"comment_status":"open","ping_status":"closed","sticky":false,"template":"","format":"standard","meta":{"footnotes":""},"categories":[1],"tags":[],"class_list":["post-801","post","type-post","status-publish","format-standard","has-post-thumbnail","hentry","category-noticias"],"_links":{"self":[{"href":"https:\/\/fiestanacionaldelchamame.com.ar\/index.php?rest_route=\/wp\/v2\/posts\/801","targetHints":{"allow":["GET"]}}],"collection":[{"href":"https:\/\/fiestanacionaldelchamame.com.ar\/index.php?rest_route=\/wp\/v2\/posts"}],"about":[{"href":"https:\/\/fiestanacionaldelchamame.com.ar\/index.php?rest_route=\/wp\/v2\/types\/post"}],"author":[{"embeddable":true,"href":"https:\/\/fiestanacionaldelchamame.com.ar\/index.php?rest_route=\/wp\/v2\/users\/1"}],"replies":[{"embeddable":true,"href":"https:\/\/fiestanacionaldelchamame.com.ar\/index.php?rest_route=%2Fwp%2Fv2%2Fcomments&post=801"}],"version-history":[{"count":1,"href":"https:\/\/fiestanacionaldelchamame.com.ar\/index.php?rest_route=\/wp\/v2\/posts\/801\/revisions"}],"predecessor-version":[{"id":803,"href":"https:\/\/fiestanacionaldelchamame.com.ar\/index.php?rest_route=\/wp\/v2\/posts\/801\/revisions\/803"}],"wp:featuredmedia":[{"embeddable":true,"href":"https:\/\/fiestanacionaldelchamame.com.ar\/index.php?rest_route=\/wp\/v2\/media\/802"}],"wp:attachment":[{"href":"https:\/\/fiestanacionaldelchamame.com.ar\/index.php?rest_route=%2Fwp%2Fv2%2Fmedia&parent=801"}],"wp:term":[{"taxonomy":"category","embeddable":true,"href":"https:\/\/fiestanacionaldelchamame.com.ar\/index.php?rest_route=%2Fwp%2Fv2%2Fcategories&post=801"},{"taxonomy":"post_tag","embeddable":true,"href":"https:\/\/fiestanacionaldelchamame.com.ar\/index.php?rest_route=%2Fwp%2Fv2%2Ftags&post=801"}],"curies":[{"name":"wp","href":"https:\/\/api.w.org\/{rel}","templated":true}]}}