{"id":798,"date":"2021-12-21T11:23:00","date_gmt":"2021-12-21T14:23:00","guid":{"rendered":"https:\/\/fiestanacionaldelchamame.com.ar\/?p=798"},"modified":"2022-01-10T09:26:30","modified_gmt":"2022-01-10T12:26:30","slug":"provincia-presento-la-programacion-de-actividades-y-protocolo-de-la-31a-fiesta-nacional-del-chamame","status":"publish","type":"post","link":"https:\/\/fiestanacionaldelchamame.com.ar\/?p=798","title":{"rendered":"Provincia present\u00f3 la programaci\u00f3n de actividades y protocolo de la 31\u00aa Fiesta Nacional del Chamam\u00e9"},"content":{"rendered":"\n<p>El Gobierno de la Provincia, a trav\u00e9s del Instituto de Cultura de Corrientes y en conjunto con funcionarios de Salud P\u00fablica y de la Municipalidad de la ciudad de Corrientes, realizaron hoy a la ma\u00f1ana una conferencia de prensa para anunciar la programaci\u00f3n completa de actividades y el protocolo sanitario que se instrumentar\u00e1 para la 31\u00aa Fiesta Nacional del Chamam\u00e9, 17\u00aa Fiesta del Chamam\u00e9 del MERCOSUR y 1\u00aa Celebraci\u00f3n Mundial, a iniciarse el 14 de enero venidero.<br>Se dieron a conocer las actividades a desarrollarse del 14 al 23 de enero, que no solamente tendr\u00e1 lugar en el anfiteatro Cocomarola, sino que se extender\u00e1n a varios espacios de la ciudad de Corrientes, localidades de la provincia y distintos puntos del pa\u00eds.<br>Entre diferentes \u00edtems, se determin\u00f3 el ingreso de un m\u00e1ximo de 7.500 personas, una distancia prudencial de 1.5m. y la presentaci\u00f3n del esquema de vacunaci\u00f3n (dos dosis) de la vacuna anti Covid, por parte de los asistentes, artistas y medios de prensa.<br>La programaci\u00f3n es extensa y diversa. Incluye a las tradicionales como el Chamam\u00e9 con todos, serenatas frente al r\u00edo, retretas, cine chamamecero, propuestas en los museos, desfile n\u00e1utico, y se suman muchas otras que se realizar\u00e1n para celebrar la declaraci\u00f3n del chamam\u00e9 como patrimonio cultural de la humanidad.<br>La conferencia de prensa fue encabezada por el presidente del Instituto de Cultura, Arq. Gabriel Romero, que tuvo a su cargo la exposici\u00f3n de las actividades y el protocolo que regir\u00e1n tanto para los asistentes como para los artistas y la prensa.<br>En esta oportunidad, estuvo acompa\u00f1ado por el director de la Fiesta Nacional del Chamam\u00e9, Eduardo S\u00edvori, del \u00e1rea T\u00e9cnica del Instituto de Cultura, la arquitecta Mar\u00eda Marta Vizca\u00edno, del ministerio de Salud P\u00fablica: la secretaria de Gesti\u00f3n Sanitaria, Silvina Vega Bajo, y la directora de Epidemiolog\u00eda, Angelina Bobadilla. Adem\u00e1s del Municipio capitalino, el secretario de Turismo y Deportes, Juan Enrique Braillard Poccard, secretario de Desarrollo Econ\u00f3mico, Juan Esteban Maldonado Yonna y el secretario de Educaci\u00f3n y Cultura del Municipio Jos\u00e9 Sand.<\/p>\n\n\n\n<p><strong>Programaci\u00f3n de la 31 Fiesta Nacional del Chamam\u00e9<\/strong>En el Teatro Vera, el 7, 12 y 20 de enero habr\u00e1 actividades como desfile de moda, uni\u00f3n de poetas y la presentaci\u00f3n del libro San Luisito Peregrino.<br>En los museos provinciales habr\u00e1 exposiciones y actividades. En el Museo de Bellas Artes se exhibir\u00e1n obras que reflejen nuestra m\u00fasica y fotograf\u00edas de la fiesta, en el Museo de Artesan\u00edas del 6 al 8 de enero habr\u00e1 bailantas, adem\u00e1s exposici\u00f3n de premios y prendas y el desfile \u00d1ande Jopar\u00e1; las clases de chamam\u00e9 para aprender a bailar ser\u00e1 el plato fuerte de la Casa \u00d1anderek\u00f3, donde tambi\u00e9n se presentar\u00e1n libros y se exhibir\u00e1n muestras art\u00edsticas; en el Museo de Ciencias Naturales se har\u00e1n recorridos guiados por la Costanera, un show a cargo de Demir Hanna y una charla sobre animales aut\u00f3ctonos; y en el Museo Hist\u00f3rico invitar\u00e1 a presencias virtual o presencialmente sus distintos salones. Al igual que en la Casa Mart\u00ednez, que har\u00e1 visitas guiadas.<br>En el auditorio Juli\u00e1n Zini, Teresa Parodi y Aldy Balestra presentar\u00e1n su libro. Tambi\u00e9n habr\u00e1 funciones de cine chamamecero.<br>El programa Chamam\u00e9 con Todos llevar\u00e1 la fiesta a distintos hogares de ancianos y unidades penales, como as\u00ed tambi\u00e9n a hospitales. Las plazas y espacios p\u00fablicos de la ciudad contar\u00e1n con retretas, enchamigadas musicales y serenatas. Mientras que en el Espacio Mari\u00f1o tendr\u00e1 lugar el festival Che Amo\u00e1 Meme.<br>No faltar\u00e1n las bailantas en localidades como San Cosme, Riachuelo, Santa Rosa, San Miguel y el Sombrero, adem\u00e1s de la Quinta Revidatti en Capital. En Reconquista (Santa Fe), el 22 de enero habr\u00e1 un festival con artistas chamameceros.<\/p>\n\n\n\n<p><strong>Protocolo sanitario Fiesta Nacional del Chamam\u00e9 2022<\/strong><br>Podr\u00e1n ingresar un m\u00e1ximo de 7500 personas, es decir, el 50% de la capacidad del anfiteatro.<br>&#8211; &nbsp; &nbsp; &nbsp; Mantener 1,5 metros de distancia entre personas, usar barbijo obligatoriamente en espacios cerrados, en los abiertos queda sujeto a la situaci\u00f3n epidemiol\u00f3gica al momento del inicio de la fiesta.<br>&#8211; &nbsp; &nbsp; &nbsp; El predio contar\u00e1 con tres puntos de ingreso\/egreso del p\u00fablico, m\u00e1s un punto para los artistas y t\u00e9cnicos y una salida de emergencia exclusiva.<br>Ingreso del p\u00fablico<br>&#8211; &nbsp; &nbsp; &nbsp; El p\u00fablico deber\u00e1 aguardar su ingreso al predio con la distancia prudencial de 1,5 metros &nbsp; &nbsp; &nbsp; &nbsp;de otro concurrente.<br>&#8211; &nbsp; &nbsp; &nbsp; Se deber\u00e1 completar la declaraci\u00f3n jurada -o planilla en caso de que no funcione el sistema- para corroborar que la persona no se encuentra bajo aislamiento preventivo.<br>&#8211; &nbsp; &nbsp; &nbsp; Al momento del ingreso se deber\u00e1 realizar la correcta desinfecci\u00f3n de manos con alcohol en gel en los distintos puestos sanitarios ubicados en los ingresos.<br>&#8211; &nbsp; &nbsp; &nbsp; Se exigir\u00e1 presentar esquema de vacunaci\u00f3n completo (dos dosis) de la vacuna Covid correspondiente al grupo etario, ya sea en formato papel, digital (app Mi Argentina) o pase sanitario.<br>&#8211; &nbsp; &nbsp; &nbsp; El espectador que no posea esquema completo o no lo haya iniciado deber\u00e1 presentar prueba negativa de PCR realizada con un m\u00e1ximo de 72hs previas al evento.<\/p>\n\n\n\n<p>Ingreso de artistas y t\u00e9cnicos<br>&#8211; &nbsp; &nbsp; &nbsp; Se deber\u00e1 completar la declaraci\u00f3n jurada -o planilla en caso de que no funcione el sistema- para corroborar que la persona no se encuentra bajo aislamiento preventivo.<br>&#8211; &nbsp; &nbsp; &nbsp; En cada uno de los momentos de trabajo (armado, desarme, ensayos, actuaciones) se deber\u00e1 realizar la correcta desinfecci\u00f3n de manos con alcohol en gel.<br>&#8211; &nbsp; &nbsp; &nbsp; En cada uno de los momentos de trabajo (armado, desarme, ensayos, actuaciones) se exigir\u00e1 presentar esquema de vacunaci\u00f3n completo (dos dosis) de la vacuna Covid correspondiente al grupo etario, ya sea en formato papel, digital (app Mi Argentina) o pase sanitario.<br>&#8211; &nbsp; &nbsp; &nbsp; El trabajador o artista que no posea esquema completo o no lo haya iniciado deber\u00e1 presentar prueba negativa de PCR realizada con un m\u00e1ximo de 72hs previas al evento.<br>&#8211; &nbsp; &nbsp; &nbsp; Se recomienda minimizar los grupos de trabajo\/soporte de cada artista, as\u00ed como tambi\u00e9n limitar el uso de camarines.<\/p>\n\n\n\n<p>Desinfecci\u00f3n<br>&#8211; &nbsp; &nbsp; &nbsp; Los lugares de circulaci\u00f3n, camarines, carpas, stands de TV y radio, escenario se mantendr\u00e1n en condiciones adecuadas de desinfecci\u00f3n y limpieza.<br>&#8211; &nbsp; &nbsp; &nbsp; La frecuencia de desinfecci\u00f3n estar\u00e1 establecida en funci\u00f3n de la cantidad de personas que concurran debiendo priorizar la limpieza de superficies de contacto frecuente.<br>&#8211; &nbsp; &nbsp; &nbsp; Se deber\u00e1 ofrecer alcohol en gel o diluido en los distintos espacios, ba\u00f1os y puestos sanitarios.<\/p>\n\n\n\n<p>Informaci\u00f3n<br>&#8211; &nbsp; &nbsp; &nbsp; En las pantallas gigantes dispuestas en el predio se exhibir\u00e1 informaci\u00f3n oficial de prevenci\u00f3n y los n\u00fameros de contacto con el call center Covid.<\/p>\n\n\n\n<p>-PLANIMETR\u00cdA ANFITEATRO Y GRAN ANFITEATRO: Anfiteatro Cocomarola y el paseo de artesanos y gastron\u00f3mico en sus alrededores<br>-PROTOCOLO<br>-PROGRAMACI\u00d3N COMPLETA<\/p>\n","protected":false},"excerpt":{"rendered":"<p>El Gobierno de la Provincia, a trav\u00e9s del Instituto de Cultura de Corrientes y en conjunto con funcionarios de Salud P\u00fablica y de la Municipalidad de la ciudad de Corrientes, realizaron hoy a la ma\u00f1ana una conferencia de prensa para anunciar la programaci\u00f3n completa de actividades y el protocolo sanitario que se instrumentar\u00e1 para la&#8230;<\/p>\n","protected":false},"author":1,"featured_media":799,"comment_status":"open","ping_status":"closed","sticky":false,"template":"","format":"standard","meta":{"footnotes":""},"categories":[1],"tags":[],"class_list":["post-798","post","type-post","status-publish","format-standard","has-post-thumbnail","hentry","category-noticias"],"_links":{"self":[{"href":"https:\/\/fiestanacionaldelchamame.com.ar\/index.php?rest_route=\/wp\/v2\/posts\/798","targetHints":{"allow":["GET"]}}],"collection":[{"href":"https:\/\/fiestanacionaldelchamame.com.ar\/index.php?rest_route=\/wp\/v2\/posts"}],"about":[{"href":"https:\/\/fiestanacionaldelchamame.com.ar\/index.php?rest_route=\/wp\/v2\/types\/post"}],"author":[{"embeddable":true,"href":"https:\/\/fiestanacionaldelchamame.com.ar\/index.php?rest_route=\/wp\/v2\/users\/1"}],"replies":[{"embeddable":true,"href":"https:\/\/fiestanacionaldelchamame.com.ar\/index.php?rest_route=%2Fwp%2Fv2%2Fcomments&post=798"}],"version-history":[{"count":1,"href":"https:\/\/fiestanacionaldelchamame.com.ar\/index.php?rest_route=\/wp\/v2\/posts\/798\/revisions"}],"predecessor-version":[{"id":800,"href":"https:\/\/fiestanacionaldelchamame.com.ar\/index.php?rest_route=\/wp\/v2\/posts\/798\/revisions\/800"}],"wp:featuredmedia":[{"embeddable":true,"href":"https:\/\/fiestanacionaldelchamame.com.ar\/index.php?rest_route=\/wp\/v2\/media\/799"}],"wp:attachment":[{"href":"https:\/\/fiestanacionaldelchamame.com.ar\/index.php?rest_route=%2Fwp%2Fv2%2Fmedia&parent=798"}],"wp:term":[{"taxonomy":"category","embeddable":true,"href":"https:\/\/fiestanacionaldelchamame.com.ar\/index.php?rest_route=%2Fwp%2Fv2%2Fcategories&post=798"},{"taxonomy":"post_tag","embeddable":true,"href":"https:\/\/fiestanacionaldelchamame.com.ar\/index.php?rest_route=%2Fwp%2Fv2%2Ftags&post=798"}],"curies":[{"name":"wp","href":"https:\/\/api.w.org\/{rel}","templated":true}]}}