{"id":795,"date":"2021-12-23T11:45:00","date_gmt":"2021-12-23T14:45:00","guid":{"rendered":"https:\/\/fiestanacionaldelchamame.com.ar\/?p=795"},"modified":"2022-01-10T09:22:19","modified_gmt":"2022-01-10T12:22:19","slug":"proclamacion-de-la-pareja-nacional-de-chamame","status":"publish","type":"post","link":"https:\/\/fiestanacionaldelchamame.com.ar\/?p=795","title":{"rendered":"Proclamaci\u00f3n de la Pareja Nacional de Chamam\u00e9"},"content":{"rendered":"\n<h2 class=\"wp-block-heading\">y la Pareja Nacional Juvenil del Chamam\u00e9<\/h2>\n\n\n\n<p>El Instituto de Cultura de Corrientes proclam\u00f3 a la Pareja Nacional del Chamam\u00e9 y Pareja Nacional Juvenil del Chamam\u00e9 de la 31\u00aa Fiesta Nacional del Chamam\u00e9, 17\u00aa Fiesta del Chamam\u00e9 del MERCOSUR y 1\u00aa Celebraci\u00f3n Mundial, a desarrollarse del 14 al 23 de enero de 2022.<br>El presidente del Instituto de Cultura, Arq. Gabriel Romero, el director general de la Fiesta, Eduardo S\u00edvori, y la coordinadora de los Cert\u00e1menes Pre Fiesta, Margarita Mambr\u00edn, brindaron detalles de lo resuelto a trav\u00e9s de una resoluci\u00f3n.<br>&#8220;Debido a la pandemia no se realizaron los Cert\u00e1menes Pre Fiesta en el a\u00f1o 2020 y 2021 y es por ello que el Instituto de Cultura a trav\u00e9s de resoluci\u00f3n declar\u00f3 que la Pareja Nacional del Chamam\u00e9 est\u00e1 integrada por Milagros Estefan\u00eda Cerd\u00e1n y Diego David Jara, oriundos de San Miguel, y la Pareja Nacional Juvenil del Chamam\u00e9 por Oriana Ornella Ortielli y Ariel Andr\u00e9s Gonz\u00e1lez, de la localidad de Machagai, Chaco&#8221;, indic\u00f3 el titular de Cultura, Gabriel Romero, adem\u00e1s de explicar que las dos parejas obtuvieron Menci\u00f3n Especial en la Gran Final de los Cert\u00e1menes Pre Fiesta de 2019.<br>El director general de la Fiesta Nacional del Chamam\u00e9, Eduardo S\u00edvori, se\u00f1al\u00f3 que se da continuidad a las parejas nacionales que &#8220;es un gran cambio que hicimos despu\u00e9s de tener una reina&#8221; y destac\u00f3 adem\u00e1s: &#8220;Nos pareci\u00f3 coherente dada la historia de la Fiesta que sea la Pareja Nacional la que nos represente, ya que lleva no s\u00f3lo nuestra danza sino que tambi\u00e9n son embajadores culturales porque son personas formadas para hablar de lo que significa Corrientes y su cultura&#8221;.<br>Por su parte, la coordinadora de los Cert\u00e1menes Pre Fiesta, Margarita Mambr\u00edn, precis\u00f3 que &#8220;tenemos dos parejas porque son dos categor\u00edas por edades, la Pareja Nacional del Chamam\u00e9 conformada por bailarines mayores de 18 a\u00f1os, y la Pareja Nacional Juvenil del Chamam\u00e9, por menores de 18. Ambas representan a nuestra Fiesta en todo el pa\u00eds&#8221;.&nbsp;<\/p>\n","protected":false},"excerpt":{"rendered":"<p>y la Pareja Nacional Juvenil del Chamam\u00e9 El Instituto de Cultura de Corrientes proclam\u00f3 a la Pareja Nacional del Chamam\u00e9 y Pareja Nacional Juvenil del Chamam\u00e9 de la 31\u00aa Fiesta Nacional del Chamam\u00e9, 17\u00aa Fiesta del Chamam\u00e9 del MERCOSUR y 1\u00aa Celebraci\u00f3n Mundial, a desarrollarse del 14 al 23 de enero de 2022.El presidente del&#8230;<\/p>\n","protected":false},"author":1,"featured_media":796,"comment_status":"open","ping_status":"closed","sticky":false,"template":"","format":"standard","meta":{"footnotes":""},"categories":[1],"tags":[],"class_list":["post-795","post","type-post","status-publish","format-standard","has-post-thumbnail","hentry","category-noticias"],"_links":{"self":[{"href":"https:\/\/fiestanacionaldelchamame.com.ar\/index.php?rest_route=\/wp\/v2\/posts\/795","targetHints":{"allow":["GET"]}}],"collection":[{"href":"https:\/\/fiestanacionaldelchamame.com.ar\/index.php?rest_route=\/wp\/v2\/posts"}],"about":[{"href":"https:\/\/fiestanacionaldelchamame.com.ar\/index.php?rest_route=\/wp\/v2\/types\/post"}],"author":[{"embeddable":true,"href":"https:\/\/fiestanacionaldelchamame.com.ar\/index.php?rest_route=\/wp\/v2\/users\/1"}],"replies":[{"embeddable":true,"href":"https:\/\/fiestanacionaldelchamame.com.ar\/index.php?rest_route=%2Fwp%2Fv2%2Fcomments&post=795"}],"version-history":[{"count":1,"href":"https:\/\/fiestanacionaldelchamame.com.ar\/index.php?rest_route=\/wp\/v2\/posts\/795\/revisions"}],"predecessor-version":[{"id":797,"href":"https:\/\/fiestanacionaldelchamame.com.ar\/index.php?rest_route=\/wp\/v2\/posts\/795\/revisions\/797"}],"wp:featuredmedia":[{"embeddable":true,"href":"https:\/\/fiestanacionaldelchamame.com.ar\/index.php?rest_route=\/wp\/v2\/media\/796"}],"wp:attachment":[{"href":"https:\/\/fiestanacionaldelchamame.com.ar\/index.php?rest_route=%2Fwp%2Fv2%2Fmedia&parent=795"}],"wp:term":[{"taxonomy":"category","embeddable":true,"href":"https:\/\/fiestanacionaldelchamame.com.ar\/index.php?rest_route=%2Fwp%2Fv2%2Fcategories&post=795"},{"taxonomy":"post_tag","embeddable":true,"href":"https:\/\/fiestanacionaldelchamame.com.ar\/index.php?rest_route=%2Fwp%2Fv2%2Ftags&post=795"}],"curies":[{"name":"wp","href":"https:\/\/api.w.org\/{rel}","templated":true}]}}