{"id":793,"date":"2021-12-27T14:10:00","date_gmt":"2021-12-27T17:10:00","guid":{"rendered":"https:\/\/fiestanacionaldelchamame.com.ar\/?p=793"},"modified":"2022-01-10T09:13:17","modified_gmt":"2022-01-10T12:13:17","slug":"comenzo-la-venta-de-entradas-para-la-31a-fiesta-nacional-del-chamame","status":"publish","type":"post","link":"https:\/\/fiestanacionaldelchamame.com.ar\/?p=793","title":{"rendered":"Comenz\u00f3 la venta de entradas para la 31\u00aa Fiesta Nacional del Chamam\u00e9"},"content":{"rendered":"\n<h2 class=\"wp-block-heading\">ABRAZO QUE ENCHAMIGA NACIONES<\/h2>\n\n\n\n<p>El Gobierno de la Provincia, a trav\u00e9s del Instituto de Cultura de Corrientes, informa que hoy dio inicio la venta de entradas para asistir a la 31\u00aa Fiesta Nacional del Chamam\u00e9, 17\u00aa Fiesta del Chamam\u00e9 del MERCOSUR y 1\u00aa Celebraci\u00f3n Mundial, que tendr\u00e1 sus noches centrales en anfiteatro Mario del Tr\u00e1nsito Cocomarola del 14 al 23 de enero del 2022.<\/p>\n\n\n\n<p>La entrada por noche tiene un costo de $500, y puede adquirirse esta semana (martes a jueves) en la boleter\u00eda del Teatro Oficial Juan de Vera, en el horario de 9 a 12. En tanto, desde el lunes pr\u00f3ximo, la comercializaci\u00f3n en este mismo lugar se realizar\u00e1 en el horario de la ma\u00f1ana, y tambi\u00e9n por la tarde.<\/p>\n\n\n\n<p>Desde la organizaci\u00f3n se\u00f1alaron que se est\u00e1n terminando de definir otros puntos de comercializaci\u00f3n en la ciudad de Corrientes que se informar\u00e1n en los pr\u00f3ximos d\u00edas y, como todos los a\u00f1os, tambi\u00e9n ser\u00e1 posible comprar entradas en el mismo anfiteatro Cocomarola, aunque en este caso depender\u00e1 de la disponibilidad de cada noche.<\/p>\n\n\n\n<p>Se recuerda que por el protocolo sanitario, se resolvi\u00f3 que el ingreso m\u00e1ximo por noche ser\u00e1 de 7.500 personas. Tambi\u00e9n se estipul\u00f3 que se exigir\u00e1&nbsp; plan de vacunaci\u00f3n completa (dos dosis) de la vacuna anti covid-19 correspondiente a su grupo etario, ya sea esta a trav\u00e9s de su formato papel, formato digital (aplicaci\u00f3n Mi Argentina) o pase sanitario. Por otra parte, el espectador que no posea esquema completo deber\u00e1 presentar prueba negativa de PCR realizada con un m\u00e1ximo de 72 hs previas a su ingreso al evento.<\/p>\n","protected":false},"excerpt":{"rendered":"<p>ABRAZO QUE ENCHAMIGA NACIONES El Gobierno de la Provincia, a trav\u00e9s del Instituto de Cultura de Corrientes, informa que hoy dio inicio la venta de entradas para asistir a la 31\u00aa Fiesta Nacional del Chamam\u00e9, 17\u00aa Fiesta del Chamam\u00e9 del MERCOSUR y 1\u00aa Celebraci\u00f3n Mundial, que tendr\u00e1 sus noches centrales en anfiteatro Mario del Tr\u00e1nsito&#8230;<\/p>\n","protected":false},"author":1,"featured_media":621,"comment_status":"open","ping_status":"closed","sticky":false,"template":"","format":"standard","meta":{"footnotes":""},"categories":[1],"tags":[],"class_list":["post-793","post","type-post","status-publish","format-standard","has-post-thumbnail","hentry","category-noticias"],"_links":{"self":[{"href":"https:\/\/fiestanacionaldelchamame.com.ar\/index.php?rest_route=\/wp\/v2\/posts\/793","targetHints":{"allow":["GET"]}}],"collection":[{"href":"https:\/\/fiestanacionaldelchamame.com.ar\/index.php?rest_route=\/wp\/v2\/posts"}],"about":[{"href":"https:\/\/fiestanacionaldelchamame.com.ar\/index.php?rest_route=\/wp\/v2\/types\/post"}],"author":[{"embeddable":true,"href":"https:\/\/fiestanacionaldelchamame.com.ar\/index.php?rest_route=\/wp\/v2\/users\/1"}],"replies":[{"embeddable":true,"href":"https:\/\/fiestanacionaldelchamame.com.ar\/index.php?rest_route=%2Fwp%2Fv2%2Fcomments&post=793"}],"version-history":[{"count":1,"href":"https:\/\/fiestanacionaldelchamame.com.ar\/index.php?rest_route=\/wp\/v2\/posts\/793\/revisions"}],"predecessor-version":[{"id":794,"href":"https:\/\/fiestanacionaldelchamame.com.ar\/index.php?rest_route=\/wp\/v2\/posts\/793\/revisions\/794"}],"wp:featuredmedia":[{"embeddable":true,"href":"https:\/\/fiestanacionaldelchamame.com.ar\/index.php?rest_route=\/wp\/v2\/media\/621"}],"wp:attachment":[{"href":"https:\/\/fiestanacionaldelchamame.com.ar\/index.php?rest_route=%2Fwp%2Fv2%2Fmedia&parent=793"}],"wp:term":[{"taxonomy":"category","embeddable":true,"href":"https:\/\/fiestanacionaldelchamame.com.ar\/index.php?rest_route=%2Fwp%2Fv2%2Fcategories&post=793"},{"taxonomy":"post_tag","embeddable":true,"href":"https:\/\/fiestanacionaldelchamame.com.ar\/index.php?rest_route=%2Fwp%2Fv2%2Ftags&post=793"}],"curies":[{"name":"wp","href":"https:\/\/api.w.org\/{rel}","templated":true}]}}