{"id":790,"date":"2021-12-28T16:13:00","date_gmt":"2021-12-28T19:13:00","guid":{"rendered":"https:\/\/fiestanacionaldelchamame.com.ar\/?p=790"},"modified":"2022-01-10T08:15:35","modified_gmt":"2022-01-10T11:15:35","slug":"se-suman-propuestas-de-la-escuela-de-artes-y-oficio","status":"publish","type":"post","link":"https:\/\/fiestanacionaldelchamame.com.ar\/?p=790","title":{"rendered":"Se suman propuestas de la Escuela de Artes y Oficio"},"content":{"rendered":"\n<h2 class=\"wp-block-heading\"><strong>a la 31\u00aa Fiesta Nacional del Chamam\u00e9<\/strong><\/h2>\n\n\n\n<p>Avanzan los preparativos para la 31\u00aa Fiesta Nacional del Chamam\u00e9, 17\u00aa Fiesta del Chamam\u00e9 del MERCOSUR y 1\u00aa Celebraci\u00f3n Mundial, a desarrollarse del 14 al 23 de enero de 2022, y se contin\u00faan sumando diversas propuestas a la programaci\u00f3n de esta gran celebraci\u00f3n popular. Dos de ellas se dar\u00e1n en el marco de la Escuela de Artes y Oficios, dependiente del Instituto de Cultura de Corrientes.<\/p>\n\n\n\n<p>Es el caso de una cl\u00ednica de calibraci\u00f3n de guitarras y bajos, a cargo del luthier David Adri\u00e1n Gauto y, la segunda, ensayos abiertos de canciones chamameceras, liderado por la profesora de m\u00fasica Betiana Bel\u00e9n Quiroz.<\/p>\n\n\n\n<p><strong>Cl\u00ednica de calibraci\u00f3n<\/strong><\/p>\n\n\n\n<p>La cl\u00ednica de calibraci\u00f3n de guitarras y bajos apunta a la capacitaci\u00f3n de personas en la puesta a punto y mantenimiento de instrumentos de cuerda pulsada (guitarras y bajos).<\/p>\n\n\n\n<p>Es una constante en los m\u00fasicos de la regi\u00f3n de tener sus instrumentos en \u00f3ptimas condiciones y la posibilidad de brindar asesoramiento personalizado y adecuado a ellos en la b\u00fasqueda de un instrumento de calidad, hace indispensable la formaci\u00f3n de personas dedicadas al mantenimiento de instrumentos.<\/p>\n\n\n\n<p>Entre los objetivos se puede mencionar: iniciar en&nbsp; la formaci\u00f3n de profesionales en el oficio de luthier de cuerdas pulsadas, as\u00ed como capacitar personas que posean conocimientos b\u00e1sicos de luther\u00eda y deseen profundizar en ellos. Adem\u00e1s de abastecer a m\u00fasicos de instrumentos de calidad artesanal y precios accesibles.<\/p>\n\n\n\n<p>Actividades: Diagn\u00f3stico de los problemas m\u00e1s comunes, Curvatura del m\u00e1stil, Ajuste del alma\/tensor, Altura de cuerdas en el puente, Altura de cuerdas en la cejilla, Afinaci\u00f3n\/octavaci\u00f3n, revisiones finales.&nbsp;<\/p>\n\n\n\n<p>Los destinatarios son personas con orientaci\u00f3n en carpinter\u00eda, hobbistas, m\u00fasicos y p\u00fablico en general, mayor de 18 a\u00f1os, con inter\u00e9s por formarse en el oficio de la luther\u00eda, o aprender las nociones b\u00e1sicas para el cuidado, mantenimiento y puesta a punto de instrumentos de cuerda.<\/p>\n\n\n\n<p>La cl\u00ednica se llevar\u00e1 a cabo el lunes 17 de enero de 2022, de 18.30 a 20:30 horas en el Museo de Ciencias Naturales Amado Bonpland (Av. Costanera Gral. San Mart\u00edn 100, ciudad de Corrientes). Ser\u00e1 una clase grupal de 2 horas pr\u00e1cticas, para 15 a 20 personas, turno tarde. Para informes e inscripci\u00f3n al +54 9 3794 76-9711<\/p>\n\n\n\n<p><strong>Canciones chamameceras<\/strong><\/p>\n\n\n\n<p>Es el ensayo abierto del coro infantil chamamecero Pomberitos Cantores, para todos los ni\u00f1os que quieran compartir un encuentro musical chamamecero, cuyo ensayo finalizar\u00e1 en concierto. Esta experiencia se realizar\u00e1 en 2 fechas:&nbsp; mi\u00e9rcoles 19 de enero de 18:30 a&nbsp; 20:30,&nbsp; en el Museo de Bellas Artes Juan Ram\u00f3n Vidal (San Juan 634), y el viernes&nbsp; 21 de enero de 2022, de 18:30&nbsp; a 20:30,en el Museo de Ciencias Naturales Amado Bonpland (Av. Costanera Gral. San Mart\u00edn 100, ciudad de Corrientes).<\/p>\n\n\n\n<p>El objetivo primordial de esta actividad es que los ni\u00f1os de la regi\u00f3n puedan disfrutar de la experiencia musical chamamecera en torno a la Fiesta Nacional del Chamam\u00e9.<\/p>\n\n\n\n<p>Est\u00e1 destinado a ni\u00f1os de la regi\u00f3n de entre los 4 y 12 a\u00f1os de edad que tengan intereses musicales.<\/p>\n\n\n\n<p>Est\u00e1 prevista una clase grupal&nbsp; de 2 horas pr\u00e1cticas, divididas en 1:30 hs de pr\u00e1ctica de un repertorio chamamecero y 30 minutos de concierto. Informes e inscripci\u00f3n&nbsp; al 3794702699.<\/p>\n","protected":false},"excerpt":{"rendered":"<p>a la 31\u00aa Fiesta Nacional del Chamam\u00e9 Avanzan los preparativos para la 31\u00aa Fiesta Nacional del Chamam\u00e9, 17\u00aa Fiesta del Chamam\u00e9 del MERCOSUR y 1\u00aa Celebraci\u00f3n Mundial, a desarrollarse del 14 al 23 de enero de 2022, y se contin\u00faan sumando diversas propuestas a la programaci\u00f3n de esta gran celebraci\u00f3n popular. Dos de ellas se&#8230;<\/p>\n","protected":false},"author":1,"featured_media":791,"comment_status":"open","ping_status":"closed","sticky":false,"template":"","format":"standard","meta":{"footnotes":""},"categories":[1],"tags":[],"class_list":["post-790","post","type-post","status-publish","format-standard","has-post-thumbnail","hentry","category-noticias"],"_links":{"self":[{"href":"https:\/\/fiestanacionaldelchamame.com.ar\/index.php?rest_route=\/wp\/v2\/posts\/790","targetHints":{"allow":["GET"]}}],"collection":[{"href":"https:\/\/fiestanacionaldelchamame.com.ar\/index.php?rest_route=\/wp\/v2\/posts"}],"about":[{"href":"https:\/\/fiestanacionaldelchamame.com.ar\/index.php?rest_route=\/wp\/v2\/types\/post"}],"author":[{"embeddable":true,"href":"https:\/\/fiestanacionaldelchamame.com.ar\/index.php?rest_route=\/wp\/v2\/users\/1"}],"replies":[{"embeddable":true,"href":"https:\/\/fiestanacionaldelchamame.com.ar\/index.php?rest_route=%2Fwp%2Fv2%2Fcomments&post=790"}],"version-history":[{"count":1,"href":"https:\/\/fiestanacionaldelchamame.com.ar\/index.php?rest_route=\/wp\/v2\/posts\/790\/revisions"}],"predecessor-version":[{"id":792,"href":"https:\/\/fiestanacionaldelchamame.com.ar\/index.php?rest_route=\/wp\/v2\/posts\/790\/revisions\/792"}],"wp:featuredmedia":[{"embeddable":true,"href":"https:\/\/fiestanacionaldelchamame.com.ar\/index.php?rest_route=\/wp\/v2\/media\/791"}],"wp:attachment":[{"href":"https:\/\/fiestanacionaldelchamame.com.ar\/index.php?rest_route=%2Fwp%2Fv2%2Fmedia&parent=790"}],"wp:term":[{"taxonomy":"category","embeddable":true,"href":"https:\/\/fiestanacionaldelchamame.com.ar\/index.php?rest_route=%2Fwp%2Fv2%2Fcategories&post=790"},{"taxonomy":"post_tag","embeddable":true,"href":"https:\/\/fiestanacionaldelchamame.com.ar\/index.php?rest_route=%2Fwp%2Fv2%2Ftags&post=790"}],"curies":[{"name":"wp","href":"https:\/\/api.w.org\/{rel}","templated":true}]}}