{"id":787,"date":"2021-12-31T11:08:00","date_gmt":"2021-12-31T14:08:00","guid":{"rendered":"https:\/\/fiestanacionaldelchamame.com.ar\/?p=787"},"modified":"2022-01-10T08:12:20","modified_gmt":"2022-01-10T11:12:20","slug":"la-31a-fiesta-nacional-del-chamame","status":"publish","type":"post","link":"https:\/\/fiestanacionaldelchamame.com.ar\/?p=787","title":{"rendered":"La 31\u00aa Fiesta Nacional del Chamam\u00e9"},"content":{"rendered":"\n<h2 class=\"wp-block-heading\">comienza<strong> a vivirse en distintos puntos de la ciudad<\/strong><\/h2>\n\n\n\n<p>A partir del lunes 3 de enero, el chamam\u00e9 sonar\u00e1 fuerte en cada rinc\u00f3n de Corrientes. Distintos artistas llevar\u00e1n su m\u00fasica y ballet chamameceros deleitar\u00e1n con su danza con el prop\u00f3sito de que nadie se quede afuera de la gran celebraci\u00f3n. De esta manera, se comenzar\u00e1 a vivir a pleno la 31\u00aa Fiesta Nacional del Chamam\u00e9, 17\u00aa Fiesta del Chamam\u00e9 del MERCOSUR y 1\u00aa Celebraci\u00f3n Mundial, desembarcando en hospitales, comedores, geri\u00e1tricos y contextos de encierro. Est\u00e1n previstas tambi\u00e9n las cl\u00e1sicas serenatas frente al r\u00edo, las retretas chamameceras en diferentes espacios p\u00fablicos de la Capital, \u201cLa enchamigada\u201d (intervenciones con ballets en las plazas) y el desfile internacional de fuelles.<\/p>\n\n\n\n<p>El Gobierno de la Provincia, a trav\u00e9s del Instituto de Cultura de Corrientes, apuesta nuevamente al \u201cChamam\u00e9 con todos\u201d, las serenatas frente al r\u00edo y las retretas chamameceras para que la Fiesta Grande incluya a todos y se disfrute en todos lados.<\/p>\n\n\n\n<p>\u201cHace varios a\u00f1os venimos trabajando con la idea de que toda la ciudad se vista de chamam\u00e9. Actividades en los distintos museos, acciones solidarias y conciertos en diferentes lugares ser\u00e1 la modalidad. La Capital correntina adhiere a la Fiesta de diferentes maneras, y estamos realmente muy felices que as\u00ed sea\u201d, remarc\u00f3 el presidente del Instituto de Cultura de Corrientes, Arq. Gabriel Romero.<\/p>\n\n\n\n<p>Adem\u00e1s agradeci\u00f3 el acompa\u00f1amiento de los artistas que ya confirmaron su participaci\u00f3n y los que se ir\u00e1n sumando en los pr\u00f3ximos d\u00edas.<\/p>\n\n\n\n<p>\u201cBuscamos que ning\u00fan correntino se quede afuera de esta celebraci\u00f3n, incluyendo a las personas que por alg\u00fan motivo no pueden acercarse a las distintas actividades y propuestas que forman parte de la Fiesta. Consideramos que el chamam\u00e9 nos cura de todo, nos anima, da alegr\u00eda y fortaleza, es un momento de festejo y como en la mesa familiar, no queremos que nadie falte\u201d, destac\u00f3, por su parte, el director de la Fiesta, Eduardo S\u00edvori.<\/p>\n","protected":false},"excerpt":{"rendered":"<p>comienza a vivirse en distintos puntos de la ciudad A partir del lunes 3 de enero, el chamam\u00e9 sonar\u00e1 fuerte en cada rinc\u00f3n de Corrientes. Distintos artistas llevar\u00e1n su m\u00fasica y ballet chamameceros deleitar\u00e1n con su danza con el prop\u00f3sito de que nadie se quede afuera de la gran celebraci\u00f3n. De esta manera, se comenzar\u00e1&#8230;<\/p>\n","protected":false},"author":1,"featured_media":788,"comment_status":"open","ping_status":"closed","sticky":false,"template":"","format":"standard","meta":{"footnotes":""},"categories":[1],"tags":[],"class_list":["post-787","post","type-post","status-publish","format-standard","has-post-thumbnail","hentry","category-noticias"],"_links":{"self":[{"href":"https:\/\/fiestanacionaldelchamame.com.ar\/index.php?rest_route=\/wp\/v2\/posts\/787","targetHints":{"allow":["GET"]}}],"collection":[{"href":"https:\/\/fiestanacionaldelchamame.com.ar\/index.php?rest_route=\/wp\/v2\/posts"}],"about":[{"href":"https:\/\/fiestanacionaldelchamame.com.ar\/index.php?rest_route=\/wp\/v2\/types\/post"}],"author":[{"embeddable":true,"href":"https:\/\/fiestanacionaldelchamame.com.ar\/index.php?rest_route=\/wp\/v2\/users\/1"}],"replies":[{"embeddable":true,"href":"https:\/\/fiestanacionaldelchamame.com.ar\/index.php?rest_route=%2Fwp%2Fv2%2Fcomments&post=787"}],"version-history":[{"count":1,"href":"https:\/\/fiestanacionaldelchamame.com.ar\/index.php?rest_route=\/wp\/v2\/posts\/787\/revisions"}],"predecessor-version":[{"id":789,"href":"https:\/\/fiestanacionaldelchamame.com.ar\/index.php?rest_route=\/wp\/v2\/posts\/787\/revisions\/789"}],"wp:featuredmedia":[{"embeddable":true,"href":"https:\/\/fiestanacionaldelchamame.com.ar\/index.php?rest_route=\/wp\/v2\/media\/788"}],"wp:attachment":[{"href":"https:\/\/fiestanacionaldelchamame.com.ar\/index.php?rest_route=%2Fwp%2Fv2%2Fmedia&parent=787"}],"wp:term":[{"taxonomy":"category","embeddable":true,"href":"https:\/\/fiestanacionaldelchamame.com.ar\/index.php?rest_route=%2Fwp%2Fv2%2Fcategories&post=787"},{"taxonomy":"post_tag","embeddable":true,"href":"https:\/\/fiestanacionaldelchamame.com.ar\/index.php?rest_route=%2Fwp%2Fv2%2Ftags&post=787"}],"curies":[{"name":"wp","href":"https:\/\/api.w.org\/{rel}","templated":true}]}}