{"id":774,"date":"2022-01-04T14:50:00","date_gmt":"2022-01-04T17:50:00","guid":{"rendered":"https:\/\/fiestanacionaldelchamame.com.ar\/?p=774"},"modified":"2022-01-10T07:52:08","modified_gmt":"2022-01-10T10:52:08","slug":"el-chamame-desembarco-en-el-hospital-llano","status":"publish","type":"post","link":"https:\/\/fiestanacionaldelchamame.com.ar\/?p=774","title":{"rendered":"El Chamam\u00e9 desembarc\u00f3 en el Hospital Llano"},"content":{"rendered":"\n<p>Organizado por el Gobierno de la Provincia, a trav\u00e9s del Instituto de Cultura de Corrientes, dio inicio hoy a la ma\u00f1ana la propuesta &#8220;Chamam\u00e9 con todos&#8221; en el patio del Hospital \u00c1ngela Iglesia de Llano. El personal m\u00e9dico y los pacientes disfrutaron de grandes cl\u00e1sicos de la mano de los artistas Toty Montiel y Arturo Torres.&nbsp;<br>La directora del hospital, Mar\u00eda Silvia Bonassies, fue la encargada de dar la bienvenida y agradecer que el chamam\u00e9 se haga presente para el deleite de los profesionales que luchan a diario contra el covid y los pacientes que pudieron asistir aprovechando un amplio espacio al aire libre.&nbsp;<br>&#8220;Gracias al Instituto de Cultura, a los m\u00fasicos, a todo el personal del hospital y a los pacientes que pudieron estar presentes. Estamos felices de compartir esta actividad y olvidarnos por un rato de lo que nos est\u00e1 golpeando nuevamente que es el covid. Y disfrutar de la pasi\u00f3n que tenemos los correntinos y otras provincias que es el chamam\u00e9&#8221;, reflej\u00f3.&nbsp;<br>Seguidamente fue el momento de la m\u00fasica. Toty Montiel y Arturo Torres desplegaron un repertorio de temas que son cl\u00e1sicos en el cancionero chamameceros que invitaron a salir a la improvisada pista de baile. Fue el momento de brillar de la pareja de baile integrada por Charly Bustos y Lucrecia Ramirez. Y seguidamente se fueron sumando los doctores y familiares de pacientes.<br>De esta manera comenz\u00f3 la propuesta Chamam\u00e9 con todos, con la consigna de que nadie se quede afuera de la Fiesta Nacional del Chamam\u00e9.&nbsp; Con ese prop\u00f3sito hoy a las 18 ser\u00e1 el turno del hospital de campa\u00f1a, con la actuaci\u00f3n de Los G\u00fcepa Ch\u00e9.&nbsp;<br>En tanto que a las 20, en la plaza 25 de Mayo se llevar\u00e1 a cabo la primera &#8220;Enchamigada&#8221;. Una nueva actividad que se suma a la amplia y nutrida agenda chamamecera con la intervenci\u00f3n de distintos ballets invitados.&nbsp;<\/p>\n","protected":false},"excerpt":{"rendered":"<p>Organizado por el Gobierno de la Provincia, a trav\u00e9s del Instituto de Cultura de Corrientes, dio inicio hoy a la ma\u00f1ana la propuesta &#8220;Chamam\u00e9 con todos&#8221; en el patio del Hospital \u00c1ngela Iglesia de Llano. El personal m\u00e9dico y los pacientes disfrutaron de grandes cl\u00e1sicos de la mano de los artistas Toty Montiel y Arturo&#8230;<\/p>\n","protected":false},"author":1,"featured_media":775,"comment_status":"open","ping_status":"closed","sticky":false,"template":"","format":"standard","meta":{"footnotes":""},"categories":[1],"tags":[],"class_list":["post-774","post","type-post","status-publish","format-standard","has-post-thumbnail","hentry","category-noticias"],"_links":{"self":[{"href":"https:\/\/fiestanacionaldelchamame.com.ar\/index.php?rest_route=\/wp\/v2\/posts\/774","targetHints":{"allow":["GET"]}}],"collection":[{"href":"https:\/\/fiestanacionaldelchamame.com.ar\/index.php?rest_route=\/wp\/v2\/posts"}],"about":[{"href":"https:\/\/fiestanacionaldelchamame.com.ar\/index.php?rest_route=\/wp\/v2\/types\/post"}],"author":[{"embeddable":true,"href":"https:\/\/fiestanacionaldelchamame.com.ar\/index.php?rest_route=\/wp\/v2\/users\/1"}],"replies":[{"embeddable":true,"href":"https:\/\/fiestanacionaldelchamame.com.ar\/index.php?rest_route=%2Fwp%2Fv2%2Fcomments&post=774"}],"version-history":[{"count":1,"href":"https:\/\/fiestanacionaldelchamame.com.ar\/index.php?rest_route=\/wp\/v2\/posts\/774\/revisions"}],"predecessor-version":[{"id":776,"href":"https:\/\/fiestanacionaldelchamame.com.ar\/index.php?rest_route=\/wp\/v2\/posts\/774\/revisions\/776"}],"wp:featuredmedia":[{"embeddable":true,"href":"https:\/\/fiestanacionaldelchamame.com.ar\/index.php?rest_route=\/wp\/v2\/media\/775"}],"wp:attachment":[{"href":"https:\/\/fiestanacionaldelchamame.com.ar\/index.php?rest_route=%2Fwp%2Fv2%2Fmedia&parent=774"}],"wp:term":[{"taxonomy":"category","embeddable":true,"href":"https:\/\/fiestanacionaldelchamame.com.ar\/index.php?rest_route=%2Fwp%2Fv2%2Fcategories&post=774"},{"taxonomy":"post_tag","embeddable":true,"href":"https:\/\/fiestanacionaldelchamame.com.ar\/index.php?rest_route=%2Fwp%2Fv2%2Ftags&post=774"}],"curies":[{"name":"wp","href":"https:\/\/api.w.org\/{rel}","templated":true}]}}