{"id":771,"date":"2022-01-05T13:46:00","date_gmt":"2022-01-05T16:46:00","guid":{"rendered":"https:\/\/fiestanacionaldelchamame.com.ar\/?p=771"},"modified":"2022-01-10T07:49:50","modified_gmt":"2022-01-10T10:49:50","slug":"el-chamame-alegro-y-puso-a-bailar-a-los-adultos-mayores","status":"publish","type":"post","link":"https:\/\/fiestanacionaldelchamame.com.ar\/?p=771","title":{"rendered":"El chamam\u00e9 alegr\u00f3 y puso a bailar a los adultos mayores"},"content":{"rendered":"\n<h2 class=\"wp-block-heading\">Residencia del Litoral<\/h2>\n\n\n\n<p>Con la consigna de que nadie se queda afuera de la 31\u00aa Fiesta Nacional del Chamam\u00e9, la m\u00fasica y la danza se hizo presente hoy a la ma\u00f1ana en la Residencia Del Litoral de esta ciudad. La actuaci\u00f3n de Melody Osuna y Bruno Trotty comenz\u00f3 con \u201cM\u00edrame\u201d \u2013de Tr\u00e1nsito Cocomarola- que motiv\u00f3 los primeros aplausos del p\u00fablico y el cierre fue a puro baile con todo el ritmo de Vicky S\u00e1nchez y su conjunto.<\/p>\n\n\n\n<p>Organizado por el Gobierno de la Provincia, a trav\u00e9s del Instituto de Cultura de Corrientes, el \u201cChamam\u00e9 con todos\u201d lleg\u00f3 este mi\u00e9rcoles a la Residencia Del Litoral,&nbsp;dando lugar a una verdadera celebraci\u00f3n de la que participaron activamente los adultos mayores y los trabajadores de este establecimiento que funciona por Ruta 12.<\/p>\n\n\n\n<p>\u201cCada uno de ustedes son parte de la Fiesta Nacional del Chamam\u00e9, y queremos agradecerles porque fueron quienes nos inculcaron que debemos valorar nuestra m\u00fasica, que forma parte importante de nuestra identidad\u201d, destacaron los organizadores de la actividad. Agradecieron adem\u00e1s a las autoridades de la Residencia Del Litoral la posibilidad de desembarcar nuevamente con el \u201cChamam\u00e9 con todos\u201d, y a los artistas que se suman a esta iniciativa que apunta a que el chamam\u00e9 llegue a cada rinc\u00f3n de la ciudad.<\/p>\n\n\n\n<p>Seguidamente lleg\u00f3 el tiempo de la m\u00fasica. Los primeros en presentarse fueron Melody Osuna y Bruno Trotty que desplegaron todo su talento con cl\u00e1sicos del cancionero chamamecero y se animaron tambi\u00e9n a interpretar temas de su autor\u00eda, generando permanentes aplausos de los presentes. \u201cEs un placer compartir nuestra m\u00fasica con un p\u00fablico tan amigable y alegre\u201d, destac\u00f3 Bruno.<\/p>\n\n\n\n<p>El final de la jornada fue a puro baile con Vicky S\u00e1nchez y su conjunto. Con el estilo que la caracteriza, la artista consigui\u00f3 que varios de los adultos mayores salgan a la pista, al igual que lo hicieron dos parejas de baile invitadas. Una de ellas, es la que se presenta junto con la \u201cPrincesita del chamam\u00e9\u201d, integrada por Lautaro C\u00e1ceres y Emily Moreira. Cerraron con \u201cKil\u00f3metro 11\u201d y a puro sapucay.<\/p>\n","protected":false},"excerpt":{"rendered":"<p>Residencia del Litoral Con la consigna de que nadie se queda afuera de la 31\u00aa Fiesta Nacional del Chamam\u00e9, la m\u00fasica y la danza se hizo presente hoy a la ma\u00f1ana en la Residencia Del Litoral de esta ciudad. La actuaci\u00f3n de Melody Osuna y Bruno Trotty comenz\u00f3 con \u201cM\u00edrame\u201d \u2013de Tr\u00e1nsito Cocomarola- que motiv\u00f3&#8230;<\/p>\n","protected":false},"author":1,"featured_media":772,"comment_status":"open","ping_status":"closed","sticky":false,"template":"","format":"standard","meta":{"footnotes":""},"categories":[1],"tags":[],"class_list":["post-771","post","type-post","status-publish","format-standard","has-post-thumbnail","hentry","category-noticias"],"_links":{"self":[{"href":"https:\/\/fiestanacionaldelchamame.com.ar\/index.php?rest_route=\/wp\/v2\/posts\/771","targetHints":{"allow":["GET"]}}],"collection":[{"href":"https:\/\/fiestanacionaldelchamame.com.ar\/index.php?rest_route=\/wp\/v2\/posts"}],"about":[{"href":"https:\/\/fiestanacionaldelchamame.com.ar\/index.php?rest_route=\/wp\/v2\/types\/post"}],"author":[{"embeddable":true,"href":"https:\/\/fiestanacionaldelchamame.com.ar\/index.php?rest_route=\/wp\/v2\/users\/1"}],"replies":[{"embeddable":true,"href":"https:\/\/fiestanacionaldelchamame.com.ar\/index.php?rest_route=%2Fwp%2Fv2%2Fcomments&post=771"}],"version-history":[{"count":1,"href":"https:\/\/fiestanacionaldelchamame.com.ar\/index.php?rest_route=\/wp\/v2\/posts\/771\/revisions"}],"predecessor-version":[{"id":773,"href":"https:\/\/fiestanacionaldelchamame.com.ar\/index.php?rest_route=\/wp\/v2\/posts\/771\/revisions\/773"}],"wp:featuredmedia":[{"embeddable":true,"href":"https:\/\/fiestanacionaldelchamame.com.ar\/index.php?rest_route=\/wp\/v2\/media\/772"}],"wp:attachment":[{"href":"https:\/\/fiestanacionaldelchamame.com.ar\/index.php?rest_route=%2Fwp%2Fv2%2Fmedia&parent=771"}],"wp:term":[{"taxonomy":"category","embeddable":true,"href":"https:\/\/fiestanacionaldelchamame.com.ar\/index.php?rest_route=%2Fwp%2Fv2%2Fcategories&post=771"},{"taxonomy":"post_tag","embeddable":true,"href":"https:\/\/fiestanacionaldelchamame.com.ar\/index.php?rest_route=%2Fwp%2Fv2%2Ftags&post=771"}],"curies":[{"name":"wp","href":"https:\/\/api.w.org\/{rel}","templated":true}]}}