{"id":762,"date":"2022-01-06T14:22:00","date_gmt":"2022-01-06T17:22:00","guid":{"rendered":"https:\/\/fiestanacionaldelchamame.com.ar\/?p=762"},"modified":"2022-01-10T07:28:34","modified_gmt":"2022-01-10T10:28:34","slug":"un-seleccionado-de-artistas-en-el-hospital-pediatrico","status":"publish","type":"post","link":"https:\/\/fiestanacionaldelchamame.com.ar\/?p=762","title":{"rendered":"Un seleccionado de artistas en el Hospital Pedi\u00e1trico"},"content":{"rendered":"\n<h2 class=\"wp-block-heading\"><strong>#Chamam\u00e9queabraza<\/strong><\/h2>\n\n\n\n<p>Una atractiva programaci\u00f3n musical form\u00f3 parte hoy a la ma\u00f1ana en una nueva fecha del \u201cChamam\u00e9 con todos\u201d, en esta oportunidad a metros del acceso del Hospital Pedi\u00e1trico Juan Pablo II. Padres, ni\u00f1os y profesionales m\u00e9dicos disfrutaron de cada una de las actuaciones de un seleccionado de artistas que se sum\u00f3 a la propuesta, para que nadie se quede afuera de la 31\u00aa Fiesta Nacional del Chamam\u00e9, 17\u00aa Fiesta del Chamam\u00e9 del MERCOSUR y 1\u00aa Celebraci\u00f3n Mundial.<\/p>\n\n\n\n<p>La doctora Samantha Cardozo, a cargo de la direcci\u00f3n ejecutiva del Hospital Pedi\u00e1trico, y la doctora Graciela Casella, fueron las encargadas de dar la bienvenida y agradecer al Instituto de Cultura de Corrientes, que nuevamente el \u201cChamam\u00e9 con todos\u201d se haga presente. Destacaron que \u201clos ni\u00f1os, sus padres y el personal m\u00e9dico se merecen un ratito de recreo\u201d y, de igual modo, ponderaron la posibilidad de que los m\u00e1s peque\u00f1os puedan disfrutar de nuestra m\u00fasica que \u201ces parte de la esencia de los correntinos\u201d.<\/p>\n\n\n\n<p>Desde la organizaci\u00f3n volvieron a remarcar que este tipo de iniciativas apunta a que todos los correntinos sean parte de la Fiesta Grande, por eso se busca llegar a los hospitales, contextos de encierro, comedores y distintos espacios p\u00fablicos, logrando de esta manera que se respire chamam\u00e9 en toda la ciudad de Corrientes, y que, del 14 al 23 de enero, la celebraci\u00f3n de la Naci\u00f3n Chamamecera se extienda al pa\u00eds y al mundo.<\/p>\n\n\n\n<p>Seguido a las palabras de recibimiento, lleg\u00f3 el tiempo de la m\u00fasica con la presentaci\u00f3n del bandoneonista y compositor Adolfo Alegre y su grupo, que deleit\u00f3 a los asistentes con un repertorio cargado de chamam\u00e9 rom\u00e1ntico.<\/p>\n\n\n\n<p>A continuaci\u00f3n, se present\u00f3 Fabi\u00e1n Garc\u00eda y su grupo, integrado por los m\u00fasicos Javier Garc\u00eda y Francisco Mart\u00ednez, los tres oriundos de la localidad de Yatayt\u00ed Calle, interpretando cl\u00e1sicos del cancionero chamamecero que fueron acompa\u00f1ados con aplausos y alg\u00fan sapucay. Luego fue turno del coro infantil Pomberitos Cantores que desbordaron ternura, inocencia y mucho chamam\u00e9.<\/p>\n\n\n\n<p>El cierre cont\u00f3 con la presentaci\u00f3n de dos j\u00f3venes artistas, ambas ya con muchos escenarios en su haber. En primer lugar, actu\u00f3 Jorgelina Esp\u00ednola demostrando todo su talento, y finalmente lleg\u00f3 el momento de Florencia de Pompert que una vez m\u00e1s deslumbr\u00f3 a todos los presentes con su inconfundible voz.<\/p>\n","protected":false},"excerpt":{"rendered":"<p>#Chamam\u00e9queabraza Una atractiva programaci\u00f3n musical form\u00f3 parte hoy a la ma\u00f1ana en una nueva fecha del \u201cChamam\u00e9 con todos\u201d, en esta oportunidad a metros del acceso del Hospital Pedi\u00e1trico Juan Pablo II. Padres, ni\u00f1os y profesionales m\u00e9dicos disfrutaron de cada una de las actuaciones de un seleccionado de artistas que se sum\u00f3 a la propuesta,&#8230;<\/p>\n","protected":false},"author":1,"featured_media":745,"comment_status":"open","ping_status":"closed","sticky":false,"template":"","format":"standard","meta":{"footnotes":""},"categories":[1],"tags":[],"class_list":["post-762","post","type-post","status-publish","format-standard","has-post-thumbnail","hentry","category-noticias"],"_links":{"self":[{"href":"https:\/\/fiestanacionaldelchamame.com.ar\/index.php?rest_route=\/wp\/v2\/posts\/762","targetHints":{"allow":["GET"]}}],"collection":[{"href":"https:\/\/fiestanacionaldelchamame.com.ar\/index.php?rest_route=\/wp\/v2\/posts"}],"about":[{"href":"https:\/\/fiestanacionaldelchamame.com.ar\/index.php?rest_route=\/wp\/v2\/types\/post"}],"author":[{"embeddable":true,"href":"https:\/\/fiestanacionaldelchamame.com.ar\/index.php?rest_route=\/wp\/v2\/users\/1"}],"replies":[{"embeddable":true,"href":"https:\/\/fiestanacionaldelchamame.com.ar\/index.php?rest_route=%2Fwp%2Fv2%2Fcomments&post=762"}],"version-history":[{"count":1,"href":"https:\/\/fiestanacionaldelchamame.com.ar\/index.php?rest_route=\/wp\/v2\/posts\/762\/revisions"}],"predecessor-version":[{"id":763,"href":"https:\/\/fiestanacionaldelchamame.com.ar\/index.php?rest_route=\/wp\/v2\/posts\/762\/revisions\/763"}],"wp:featuredmedia":[{"embeddable":true,"href":"https:\/\/fiestanacionaldelchamame.com.ar\/index.php?rest_route=\/wp\/v2\/media\/745"}],"wp:attachment":[{"href":"https:\/\/fiestanacionaldelchamame.com.ar\/index.php?rest_route=%2Fwp%2Fv2%2Fmedia&parent=762"}],"wp:term":[{"taxonomy":"category","embeddable":true,"href":"https:\/\/fiestanacionaldelchamame.com.ar\/index.php?rest_route=%2Fwp%2Fv2%2Fcategories&post=762"},{"taxonomy":"post_tag","embeddable":true,"href":"https:\/\/fiestanacionaldelchamame.com.ar\/index.php?rest_route=%2Fwp%2Fv2%2Ftags&post=762"}],"curies":[{"name":"wp","href":"https:\/\/api.w.org\/{rel}","templated":true}]}}