{"id":759,"date":"2022-01-10T07:16:48","date_gmt":"2022-01-10T10:16:48","guid":{"rendered":"https:\/\/fiestanacionaldelchamame.com.ar\/?p=759"},"modified":"2022-01-10T07:21:28","modified_gmt":"2022-01-10T10:21:28","slug":"conferencia-de-prensa","status":"publish","type":"post","link":"https:\/\/fiestanacionaldelchamame.com.ar\/?p=759","title":{"rendered":"CONFERENCIA DE PRENSA"},"content":{"rendered":"\n<h2 class=\"wp-block-heading\"><em><strong>El Espacio Mari\u00f1o se prepara para vivir la Fiesta Nacional del Chamam\u00e9<\/strong><\/em><\/h2>\n\n\n\n<p>Con propuestas art\u00edsticas y artesanales de la regi\u00f3n, el Espacio Mari\u00f1o ser\u00e1 la sede de \u201cChe amo\u00e1 meme\u201d (Bailando bajo la enramada) una celebraci\u00f3n chamamecera que abraza la diversidad y la disidencia. Por este motivo, en el Instituto de Cultura de Corrientes se realizar\u00e1 este lunes 10 de enero, a las 11, una conferencia de prensa para brindar detalles de la propuesta.&nbsp;<br>La 31\u00aa Fiesta Nacional del Chamam\u00e9 contar\u00e1 con un escenario alternativo en Espacio Mari\u00f1o, para realizar un evento chamamecero con artistas locales, realizadores audiovisuales, patio gastron\u00f3mico de comidas t\u00edpicas y expresiones art\u00edsticas que reflejen el nuevo sentido del chamam\u00e9.&nbsp;<br>Con acceso libre y gratuito, el evento se desarrollar\u00e1 los d\u00edas s\u00e1bado 15 y domingo 16 de enero en el Espacio Mari\u00f1o, ubicado en Santa Fe 847.<br>La propuesta pretende acompa\u00f1ar a los nuevos movimientos art\u00edsticos vinculados al chamam\u00e9, con la impronta de vincular la diversidad y la disidencia desde un entorno en el que confluyan la m\u00fasica, la historia, la danza y la inclusi\u00f3n.<br>Durante dicho fin de semana de enero, el chamam\u00e9 ser\u00e1 abordado en el espacio desde distintas expresiones art\u00edsticas. La m\u00fasica en el escenario, el baile entre las mesas, una muestra de arte en la sala \u201cLa pecera\u201d, cine local a proyectarse en las instalaciones del teatro, comidas t\u00edpicas y visuales que iluminar\u00e1n los murales del espacio.<\/p>\n","protected":false},"excerpt":{"rendered":"<p>El Espacio Mari\u00f1o se prepara para vivir la Fiesta Nacional del Chamam\u00e9 Con propuestas art\u00edsticas y artesanales de la regi\u00f3n, el Espacio Mari\u00f1o ser\u00e1 la sede de \u201cChe amo\u00e1 meme\u201d (Bailando bajo la enramada) una celebraci\u00f3n chamamecera que abraza la diversidad y la disidencia. Por este motivo, en el Instituto de Cultura de Corrientes se&#8230;<\/p>\n","protected":false},"author":1,"featured_media":760,"comment_status":"open","ping_status":"closed","sticky":false,"template":"","format":"standard","meta":{"footnotes":""},"categories":[1],"tags":[],"class_list":["post-759","post","type-post","status-publish","format-standard","has-post-thumbnail","hentry","category-noticias"],"_links":{"self":[{"href":"https:\/\/fiestanacionaldelchamame.com.ar\/index.php?rest_route=\/wp\/v2\/posts\/759","targetHints":{"allow":["GET"]}}],"collection":[{"href":"https:\/\/fiestanacionaldelchamame.com.ar\/index.php?rest_route=\/wp\/v2\/posts"}],"about":[{"href":"https:\/\/fiestanacionaldelchamame.com.ar\/index.php?rest_route=\/wp\/v2\/types\/post"}],"author":[{"embeddable":true,"href":"https:\/\/fiestanacionaldelchamame.com.ar\/index.php?rest_route=\/wp\/v2\/users\/1"}],"replies":[{"embeddable":true,"href":"https:\/\/fiestanacionaldelchamame.com.ar\/index.php?rest_route=%2Fwp%2Fv2%2Fcomments&post=759"}],"version-history":[{"count":1,"href":"https:\/\/fiestanacionaldelchamame.com.ar\/index.php?rest_route=\/wp\/v2\/posts\/759\/revisions"}],"predecessor-version":[{"id":761,"href":"https:\/\/fiestanacionaldelchamame.com.ar\/index.php?rest_route=\/wp\/v2\/posts\/759\/revisions\/761"}],"wp:featuredmedia":[{"embeddable":true,"href":"https:\/\/fiestanacionaldelchamame.com.ar\/index.php?rest_route=\/wp\/v2\/media\/760"}],"wp:attachment":[{"href":"https:\/\/fiestanacionaldelchamame.com.ar\/index.php?rest_route=%2Fwp%2Fv2%2Fmedia&parent=759"}],"wp:term":[{"taxonomy":"category","embeddable":true,"href":"https:\/\/fiestanacionaldelchamame.com.ar\/index.php?rest_route=%2Fwp%2Fv2%2Fcategories&post=759"},{"taxonomy":"post_tag","embeddable":true,"href":"https:\/\/fiestanacionaldelchamame.com.ar\/index.php?rest_route=%2Fwp%2Fv2%2Ftags&post=759"}],"curies":[{"name":"wp","href":"https:\/\/api.w.org\/{rel}","templated":true}]}}