{"id":525,"date":"2021-10-17T20:40:04","date_gmt":"2021-10-17T23:40:04","guid":{"rendered":"https:\/\/fiestanacionaldelchamame.com.ar\/?p=525"},"modified":"2022-01-10T07:34:02","modified_gmt":"2022-01-10T10:34:02","slug":"se-recibiran-propuestas-para-la-31a-fiesta-nacional-del-chamame","status":"publish","type":"post","link":"https:\/\/fiestanacionaldelchamame.com.ar\/?p=525","title":{"rendered":"Se recibir\u00e1n propuestas para la 31\u00aa Fiesta Nacional del Chamam\u00e9"},"content":{"rendered":"\n<p class=\"has-larger-font-size\">CONVOCATORIA<\/p>\n\n\n\n<p>Como todos los a\u00f1os, el Instituto de Cultura de Corrientes abre la convocatoria para la recepci\u00f3n de propuestas musicales tendientes a formar parte de la 31\u00aa Fiesta Nacional del Chamam\u00e9 y 17\u00aa Fiesta del Chamam\u00e9 del MERCOSUR, \u201cAbrazo que enchamiga naciones\u201d, a desarrollarse del 14 al 23 de enero de 2022, en Corrientes, el pa\u00eds y en cada rinc\u00f3n que comparta la identidad chamamecera y se sume a la celebraci\u00f3n.<\/p>\n\n\n\n<p>La Direcci\u00f3n de las Artes Esc\u00e9nicas, M\u00fasica y Artes Audiovisuales, del Instituto de Cultura de la Provincia de Corrientes, informa que hasta el d\u00eda lunes 15 de noviembre, improrrogablemente, se recibir\u00e1n propuestas para integrar la programaci\u00f3n musical de la 31\u00aa Fiesta Nacional del Chamam\u00e9 y 17\u00aa Fiesta del Chamam\u00e9 del MERCOSUR.<\/p>\n\n\n\n<p>Deber\u00e1n enviarla al correo:&nbsp;<a href=\"mailto:chamame21@gmail.com\" target=\"_blank\" rel=\"noreferrer noopener\">chamame21@gmail.com<\/a><\/p>\n\n\n\n<p>Las propuestas que sean recibidas permitir\u00e1n adem\u00e1s actualizar la base de datos del Instituto de Cultura.<\/p>\n\n\n\n<p>Todos los artistas que deseen participar, necesariamente deber\u00e1n cumplir con los siguientes requisitos b\u00e1sicos: los repertorios deber\u00e1n incluir un tema de rescate (tema que no est\u00e9 actualmente vigente en el circuito radiof\u00f3nico o festivalero) o un tema in\u00e9dito.<\/p>\n\n\n\n<p>Los&nbsp; conjuntos musicales que resulten finalmente convocados podr\u00e1n integrar la programaci\u00f3n musical en el anfiteatro Cocomarola, o en alguno de los muchos escenarios que se instalar\u00e1n en la ciudad de Corrientes y en distintas localidades chamameceras de la provincia. A las ya tradicionales, como Riachuelo, San Cosme, El Sombrero, San Roque, Paso de la Patria, Santa Ana, San Luis del Palmar, Itat\u00ed, se espera que se sumen muchas m\u00e1s a esta edici\u00f3n especial, que celebrar\u00e1 la declaraci\u00f3n del Chamam\u00e9 como Patrimonio Cultural Inmaterial de la Humanidad.&nbsp;&nbsp;<\/p>\n\n\n\n<p>Entre las propuestas musicales que resulten con mejor ponderaci\u00f3n, la organizaci\u00f3n de la Fiesta dar\u00e1 prioridad a las formaciones, estables y en actividad, que no hayan participado en las \u00faltimas fiestas. Con esto, la organizaci\u00f3n aspira a fortalecer la identidad y crecimiento de los proyectos art\u00edsticos estables, el rescate patrimonial de muy valiosos temas que ya no se escuchan as\u00ed como el aporte de nuevos, y, finalmente, limitar la cantidad de intervenciones de cada m\u00fasico para posibilitar la participaci\u00f3n de un mayor n\u00famero de int\u00e9rpretes.<\/p>\n\n\n\n<p><strong>La Fiesta como \u201ccelebraci\u00f3n popular\u201d<\/strong><\/p>\n\n\n\n<p>El Instituto de Cultura ratifica y enfatiza el rumbo del rescate de la Fiesta como \u201ccelebraci\u00f3n popular \u2013que es uno de los ejes de la pol\u00edtica cultural de la provincia- mucho m\u00e1s all\u00e1 del espect\u00e1culo. En ese sentido, se destaca la acci\u00f3n con los municipios que ya se sumaron a anteriores ediciones, como son Itat\u00ed, San Cosme, Paso de la Patria, Santa Ana, San Luis del Palmar, Riachuelo, El Sombrero, Empedrado, San Roque, y los que lo har\u00e1n para el pr\u00f3ximo mes de enero.<\/p>\n\n\n\n<p>Lo que permitir\u00e1 conformar un escenario ampliado, territorialmente, abarcativo, en lo conceptual, y genuino en su manifestaci\u00f3n, donde podr\u00e1 verse y vivirse la experiencia de \u201cNuestra manera de ser\u201d: la memoria urbana y sus pobladores ilustres, el paisaje, nuestras costumbres, nuestras comidas t\u00edpicas y el remate con la m\u00fasica y el baile.<\/p>\n","protected":false},"excerpt":{"rendered":"<p>CONVOCATORIA Como todos los a\u00f1os, el Instituto de Cultura de Corrientes abre la convocatoria para la recepci\u00f3n de propuestas musicales tendientes a formar parte de la 31\u00aa Fiesta Nacional del Chamam\u00e9 y 17\u00aa Fiesta del Chamam\u00e9 del MERCOSUR, \u201cAbrazo que enchamiga naciones\u201d, a desarrollarse del 14 al 23 de enero de 2022, en Corrientes, el&#8230;<\/p>\n","protected":false},"author":1,"featured_media":701,"comment_status":"open","ping_status":"closed","sticky":false,"template":"","format":"standard","meta":{"footnotes":""},"categories":[1],"tags":[],"class_list":["post-525","post","type-post","status-publish","format-standard","has-post-thumbnail","hentry","category-noticias"],"_links":{"self":[{"href":"https:\/\/fiestanacionaldelchamame.com.ar\/index.php?rest_route=\/wp\/v2\/posts\/525","targetHints":{"allow":["GET"]}}],"collection":[{"href":"https:\/\/fiestanacionaldelchamame.com.ar\/index.php?rest_route=\/wp\/v2\/posts"}],"about":[{"href":"https:\/\/fiestanacionaldelchamame.com.ar\/index.php?rest_route=\/wp\/v2\/types\/post"}],"author":[{"embeddable":true,"href":"https:\/\/fiestanacionaldelchamame.com.ar\/index.php?rest_route=\/wp\/v2\/users\/1"}],"replies":[{"embeddable":true,"href":"https:\/\/fiestanacionaldelchamame.com.ar\/index.php?rest_route=%2Fwp%2Fv2%2Fcomments&post=525"}],"version-history":[{"count":1,"href":"https:\/\/fiestanacionaldelchamame.com.ar\/index.php?rest_route=\/wp\/v2\/posts\/525\/revisions"}],"predecessor-version":[{"id":526,"href":"https:\/\/fiestanacionaldelchamame.com.ar\/index.php?rest_route=\/wp\/v2\/posts\/525\/revisions\/526"}],"wp:featuredmedia":[{"embeddable":true,"href":"https:\/\/fiestanacionaldelchamame.com.ar\/index.php?rest_route=\/wp\/v2\/media\/701"}],"wp:attachment":[{"href":"https:\/\/fiestanacionaldelchamame.com.ar\/index.php?rest_route=%2Fwp%2Fv2%2Fmedia&parent=525"}],"wp:term":[{"taxonomy":"category","embeddable":true,"href":"https:\/\/fiestanacionaldelchamame.com.ar\/index.php?rest_route=%2Fwp%2Fv2%2Fcategories&post=525"},{"taxonomy":"post_tag","embeddable":true,"href":"https:\/\/fiestanacionaldelchamame.com.ar\/index.php?rest_route=%2Fwp%2Fv2%2Ftags&post=525"}],"curies":[{"name":"wp","href":"https:\/\/api.w.org\/{rel}","templated":true}]}}