{"id":1946,"date":"2026-01-25T04:12:00","date_gmt":"2026-01-25T07:12:00","guid":{"rendered":"https:\/\/fiestanacionaldelchamame.com.ar\/?p=1946"},"modified":"2026-01-25T16:20:10","modified_gmt":"2026-01-25T19:20:10","slug":"entradas-agotadas-para-la-ultima-noche-de-la-35-fiesta-nacional-del-chamame-en-el-cocomarola","status":"publish","type":"post","link":"https:\/\/fiestanacionaldelchamame.com.ar\/?p=1946","title":{"rendered":"Entradas agotadas para la \u00faltima noche de la 35\u00b0 Fiesta Nacional del Chamam\u00e9 en el Cocomarola"},"content":{"rendered":"\n<h2 class=\"wp-block-heading\">CHAMAM\u00c9, REFUGIO DE NUESTRA IDENTIDAD<\/h2>\n\n\n\n<p>Organizada por el Gobierno de Corrientes, a trav\u00e9s del Instituto de Cultura, la Fiesta Nacional del Chamam\u00e9 tendr\u00e1 un gran cierre este domingo 25 de enero con entradas agotadas. En un Anfiteatro Mario del Tr\u00e1nsito Cocomarola colmado se vivir\u00e1 el d\u00e9cimo sapucay y se anunciar\u00e1 el lema del 2027.<\/p>\n\n\n\n<p>Con artistas locales, de la regi\u00f3n y de Paraguay y Brasil, as\u00ed como otros puntos del pa\u00eds confluyendo en el g\u00e9nero chamamecero, las entradas para este domingo 25 est\u00e1n agotadas, tal lo ocurrido en casi todas las noches chamameceras, en un \u00e9xito de convocatoria.<\/p>\n\n\n\n<p>La Fiesta Nacional del Chamam\u00e9 finaliza tambi\u00e9n con actividades en espacios de la ciudad y en pe\u00f1as y bailantas en la capital correntina, Riachuelo y San Cosme, que forman parte de la celebraci\u00f3n, con gran afluencia de p\u00fablico local, regional y de turistas que a\u00f1o a a\u00f1o acompa\u00f1an cada edici\u00f3n.<\/p>\n\n\n\n<p><strong>Domingo 25 de enero<\/strong><\/p>\n\n\n\n<p>25 de Mayo 1141<br>11 hs. Pe\u00f1a y degustaci\u00f3n de platos t\u00edpicos x Cocineros del Iber\u00e1 | Museo del Chamame Casa &#8220;\u00d1anderec\u00f3&#8221;<\/p>\n\n\n\n<p>Bailanta Puente Pexoa, Riachuelo<br><br>Ruta 12 KM 1026<br>15 a 00 hs. Bailanta Pista San Jorge<\/p>\n\n\n\n<p>Pe\u00f1as oficiales&nbsp;<\/p>\n\n\n\n<p>16, 23, 24 y 25 de enero<\/p>\n\n\n\n<p>3 AM. Pe\u00f1a Oficial Bar Estaci\u00f3n Mariscal | Maip\u00fa 2765<br>Domingo 25 de enero: Avarek\u00f3<\/p>\n\n\n\n<p>22, 23, 24 y 25 de enero<\/p>\n\n\n\n<p>21 hs. Pe\u00f1a Oficial Bar 1588 | Espa\u00f1a esquina Jun\u00edn<br>Domingo 25 de enero: Sebasti\u00e1n Sheridan<\/p>\n\n\n\n<p><strong>FOTOGRAFIAS OFICIALES DE LA 35\u00b0 FNCH &#8211; VIERNES 23 DE ENERO<\/strong><\/p>\n\n\n\n<figure class=\"wp-block-embed\"><div class=\"wp-block-embed__wrapper\">\nhttps:\/\/drive.google.com\/drive\/folders\/15l1qJD2mYnarR8xq2aUqiHMBJDcNbsqW?usp=sharing\n<\/div><\/figure>\n\n\n\n<p>Anfiteatro Mario del Tr\u00e1nsito Cocomarola<\/p>\n\n\n\n<p><\/p>\n\n\n\n<p><strong>Domingo 25 de enero<br>(por orden alfab\u00e9tico)<br><\/strong><br>Ariel y Leo Acu\u00f1a<br>Atardeciendo amaneceres<br>Bruno Mendoza<br>Enzo Castro (UY)<br>Emiliano L\u00f3pez<br>Gianella Niwoyda<br>Hermanos Guedes (BR)<br>Jazm\u00edn del Paraguay (PY)<br>Juancito G\u00fcenaga<br>Los Boffil<br>Milagros Caliva<br>Nativos<br>Los Alonsitos + Chaque\u00f1o Palavecino<br>Rafael Fond\u00f3n<br>Teresa Parodi<br>Tony Rojas<br>Vicky S\u00e1nchez \u201cLa Princesita\u201d<\/p>\n","protected":false},"excerpt":{"rendered":"<p>CHAMAM\u00c9, REFUGIO DE NUESTRA IDENTIDAD Organizada por el Gobierno de Corrientes, a trav\u00e9s del Instituto de Cultura, la Fiesta Nacional del Chamam\u00e9 tendr\u00e1 un gran cierre este domingo 25 de enero con entradas agotadas. En un Anfiteatro Mario del Tr\u00e1nsito Cocomarola colmado se vivir\u00e1 el d\u00e9cimo sapucay y se anunciar\u00e1 el lema del 2027. Con&#8230;<\/p>\n","protected":false},"author":1,"featured_media":1947,"comment_status":"open","ping_status":"closed","sticky":false,"template":"","format":"standard","meta":{"footnotes":""},"categories":[1],"tags":[],"class_list":["post-1946","post","type-post","status-publish","format-standard","has-post-thumbnail","hentry","category-noticias"],"_links":{"self":[{"href":"https:\/\/fiestanacionaldelchamame.com.ar\/index.php?rest_route=\/wp\/v2\/posts\/1946","targetHints":{"allow":["GET"]}}],"collection":[{"href":"https:\/\/fiestanacionaldelchamame.com.ar\/index.php?rest_route=\/wp\/v2\/posts"}],"about":[{"href":"https:\/\/fiestanacionaldelchamame.com.ar\/index.php?rest_route=\/wp\/v2\/types\/post"}],"author":[{"embeddable":true,"href":"https:\/\/fiestanacionaldelchamame.com.ar\/index.php?rest_route=\/wp\/v2\/users\/1"}],"replies":[{"embeddable":true,"href":"https:\/\/fiestanacionaldelchamame.com.ar\/index.php?rest_route=%2Fwp%2Fv2%2Fcomments&post=1946"}],"version-history":[{"count":1,"href":"https:\/\/fiestanacionaldelchamame.com.ar\/index.php?rest_route=\/wp\/v2\/posts\/1946\/revisions"}],"predecessor-version":[{"id":1948,"href":"https:\/\/fiestanacionaldelchamame.com.ar\/index.php?rest_route=\/wp\/v2\/posts\/1946\/revisions\/1948"}],"wp:featuredmedia":[{"embeddable":true,"href":"https:\/\/fiestanacionaldelchamame.com.ar\/index.php?rest_route=\/wp\/v2\/media\/1947"}],"wp:attachment":[{"href":"https:\/\/fiestanacionaldelchamame.com.ar\/index.php?rest_route=%2Fwp%2Fv2%2Fmedia&parent=1946"}],"wp:term":[{"taxonomy":"category","embeddable":true,"href":"https:\/\/fiestanacionaldelchamame.com.ar\/index.php?rest_route=%2Fwp%2Fv2%2Fcategories&post=1946"},{"taxonomy":"post_tag","embeddable":true,"href":"https:\/\/fiestanacionaldelchamame.com.ar\/index.php?rest_route=%2Fwp%2Fv2%2Ftags&post=1946"}],"curies":[{"name":"wp","href":"https:\/\/api.w.org\/{rel}","templated":true}]}}