{"id":1938,"date":"2026-01-24T15:52:57","date_gmt":"2026-01-24T18:52:57","guid":{"rendered":"https:\/\/fiestanacionaldelchamame.com.ar\/?p=1938"},"modified":"2026-01-24T15:52:59","modified_gmt":"2026-01-24T18:52:59","slug":"ultimos-dias-de-la-35a-fiesta-nacional-del-chamame-con-convocatoria-masiva-en-el-cocomarola","status":"publish","type":"post","link":"https:\/\/fiestanacionaldelchamame.com.ar\/?p=1938","title":{"rendered":"\u00daltimos d\u00edas de la 35\u00aa Fiesta Nacional del Chamam\u00e9 con convocatoria masiva en el Cocomarola"},"content":{"rendered":"\n<p>Organizado por el Gobierno de la Provincia, a trav\u00e9s del Instituto de Cultura de Corrientes, la 35\u00aa Fiesta Nacional del Chamam\u00e9, 21\u00aa Fiesta del Mercosur y 5\u00aa Celebraci\u00f3n Mundial se viven las \u00faltimas noches de celebraci\u00f3n popular en el anfiteatro Mario del Tr\u00e1nsito Cocomarola. Este viernes tambi\u00e9n con entradas agotadas.<\/p>\n\n\n\n<p>Por quinto d\u00eda consecutivo, habr\u00e1 lleno total para disfrutar de los grandes artistas que suban al m\u00edtico escenario Osvaldo Sosa Cordero, y se espera que ocurra lo mismo para el s\u00e1bado y domingo porque ya quedaba un escaso margen de tickets para estas dos jornadas de cierre de esta edici\u00f3n \u201cChamam\u00e9, refugio de nuestra identidad\u201d.<\/p>\n\n\n\n<p><strong>Entradas<\/strong><\/p>\n\n\n\n<p>Las entradas se pueden adquirir online, a trav\u00e9s de&nbsp;<a href=\"http:\/\/weepas.ar\/\" target=\"_blank\" rel=\"noreferrer noopener\">weepas.ar<\/a>&nbsp;o en puntos de venta f\u00edsicos: Teatro Juan de Vera, San Juan 637, de 9 a 21 hs. o en boleter\u00edas del Anfiteatro, desde las 19 hs. en adelante.<\/p>\n\n\n\n<p>Las mismas tienen un costo de $7.000 m\u00e1s cargo por servicio, con acceso hasta las 21 hs. y $9.000 m\u00e1s cargo por servicio, sin l\u00edmite horario para el acceso.<\/p>\n\n\n\n<p><strong>Cambio de entradas por fecha<\/strong><\/p>\n\n\n\n<p>La ticketera a cargo de la comercializaci\u00f3n de las entradas para la Fiesta Grande habilit\u00f3 el cambio de fechas de entradas ya adquiridas mediante autogesti\u00f3n online.<\/p>\n\n\n\n<p>Las personas interesadas en cambiarlas, deber\u00e1n enviar un correo a&nbsp;<a href=\"mailto:weepas@telco.com.ar\" target=\"_blank\" rel=\"noreferrer noopener\">weepas@telco.com.ar<\/a>&nbsp;con los siguientes datos: captura del c\u00f3digo QR, email de quien realiz\u00f3 la compra, DNI del titular y especificar nueva fecha solicitada (sujeto a disponibilidad).<\/p>\n\n\n\n<p><strong>VIERNES 23\/1<\/strong><\/p>\n\n\n\n<p><strong>ORDEN DE ACTUACI\u00d3N<\/strong><\/p>\n\n\n\n<p>(Sujeto a modificaciones que decida la producci\u00f3n)<\/p>\n\n\n\n<p>20:00 INICIO &#8211;<\/p>\n\n\n\n<p>Ganador Pre Fiesta<\/p>\n\n\n\n<p>Ballet Oficial<\/p>\n\n\n\n<p>Malena Pintos<\/p>\n\n\n\n<p>La Raiz Chamamecera<\/p>\n\n\n\n<p>Hugo Leiva y su nueva estirpe<\/p>\n\n\n\n<p>Adolfo Alegre<\/p>\n\n\n\n<p>Nestor Acu\u00f1a<\/p>\n\n\n\n<p>Juan Pablo Barberan<\/p>\n\n\n\n<p>Silvina Escalante<\/p>\n\n\n\n<p>Sangre Paiubrera<\/p>\n\n\n\n<p>Quinteto Cocomarola<\/p>\n\n\n\n<p>Paloma Trevis\u00e1n and the Alpargatas (BR)<\/p>\n\n\n\n<p>Diego Guti\u00e9rrez<\/p>\n\n\n\n<p>Piko Frank<\/p>\n\n\n\n<p>Oscar Mambrin<\/p>\n\n\n\n<p>Irundy<\/p>\n\n\n\n<p>D\u00fao Bote<\/p>\n\n\n\n<p>Humberto Falc\u00f3n<\/p>\n\n\n\n<p>Fuelles Correntinos<\/p>\n\n\n\n<p>Carlitos Zacar\u00edas y su banda<\/p>\n\n\n\n<p>Avarek\u00f3<\/p>\n","protected":false},"excerpt":{"rendered":"<p>Organizado por el Gobierno de la Provincia, a trav\u00e9s del Instituto de Cultura de Corrientes, la 35\u00aa Fiesta Nacional del Chamam\u00e9, 21\u00aa Fiesta del Mercosur y 5\u00aa Celebraci\u00f3n Mundial se viven las \u00faltimas noches de celebraci\u00f3n popular en el anfiteatro Mario del Tr\u00e1nsito Cocomarola. Este viernes tambi\u00e9n con entradas agotadas. Por quinto d\u00eda consecutivo, habr\u00e1&#8230;<\/p>\n","protected":false},"author":1,"featured_media":1939,"comment_status":"open","ping_status":"closed","sticky":false,"template":"","format":"standard","meta":{"footnotes":""},"categories":[1],"tags":[],"class_list":["post-1938","post","type-post","status-publish","format-standard","has-post-thumbnail","hentry","category-noticias"],"_links":{"self":[{"href":"https:\/\/fiestanacionaldelchamame.com.ar\/index.php?rest_route=\/wp\/v2\/posts\/1938","targetHints":{"allow":["GET"]}}],"collection":[{"href":"https:\/\/fiestanacionaldelchamame.com.ar\/index.php?rest_route=\/wp\/v2\/posts"}],"about":[{"href":"https:\/\/fiestanacionaldelchamame.com.ar\/index.php?rest_route=\/wp\/v2\/types\/post"}],"author":[{"embeddable":true,"href":"https:\/\/fiestanacionaldelchamame.com.ar\/index.php?rest_route=\/wp\/v2\/users\/1"}],"replies":[{"embeddable":true,"href":"https:\/\/fiestanacionaldelchamame.com.ar\/index.php?rest_route=%2Fwp%2Fv2%2Fcomments&post=1938"}],"version-history":[{"count":1,"href":"https:\/\/fiestanacionaldelchamame.com.ar\/index.php?rest_route=\/wp\/v2\/posts\/1938\/revisions"}],"predecessor-version":[{"id":1940,"href":"https:\/\/fiestanacionaldelchamame.com.ar\/index.php?rest_route=\/wp\/v2\/posts\/1938\/revisions\/1940"}],"wp:featuredmedia":[{"embeddable":true,"href":"https:\/\/fiestanacionaldelchamame.com.ar\/index.php?rest_route=\/wp\/v2\/media\/1939"}],"wp:attachment":[{"href":"https:\/\/fiestanacionaldelchamame.com.ar\/index.php?rest_route=%2Fwp%2Fv2%2Fmedia&parent=1938"}],"wp:term":[{"taxonomy":"category","embeddable":true,"href":"https:\/\/fiestanacionaldelchamame.com.ar\/index.php?rest_route=%2Fwp%2Fv2%2Fcategories&post=1938"},{"taxonomy":"post_tag","embeddable":true,"href":"https:\/\/fiestanacionaldelchamame.com.ar\/index.php?rest_route=%2Fwp%2Fv2%2Ftags&post=1938"}],"curies":[{"name":"wp","href":"https:\/\/api.w.org\/{rel}","templated":true}]}}