{"id":1932,"date":"2026-01-22T06:50:00","date_gmt":"2026-01-22T09:50:00","guid":{"rendered":"https:\/\/fiestanacionaldelchamame.com.ar\/?p=1932"},"modified":"2026-01-22T19:41:17","modified_gmt":"2026-01-22T22:41:17","slug":"la-35a-fiesta-nacional-del-chamame-inicia-su-tramo-final-con-el-cocomarola-colmado","status":"publish","type":"post","link":"https:\/\/fiestanacionaldelchamame.com.ar\/?p=1932","title":{"rendered":"La 35\u00aa Fiesta Nacional del Chamam\u00e9 inicia su tramo final con el Cocomarola colmado"},"content":{"rendered":"\n<p><strong>CHAMAM\u00c9, REFUGIO DE NUESTRA IDENTIDAD<\/strong><\/p>\n\n\n\n<p>Organizado por el Gobierno de la Provincia, a trav\u00e9s del Instituto de Cultura de Corrientes, la 35\u00aa Fiesta Nacional del Chamam\u00e9, 21\u00aa Fiesta del Mercosur y 5\u00aa Celebraci\u00f3n Mundial transita sus \u00faltimos d\u00edas con \u00e9xito de convocatoria en el anfiteatro Mario del Tr\u00e1nsito. Desde el lunes, todas las noches se agotan las entradas y la celebraci\u00f3n se vive a pleno.<\/p>\n\n\n\n<p>Este jueves ser\u00e1 la cuarta noche consecutiva con lleno total en el templo del chamam\u00e9, y se espera que del viernes al domingo sea igual, confirm\u00e1ndose el sostenido crecimiento de esta Fiesta Grande que este a\u00f1o lleva por lema \u201cChamam\u00e9, refugio de nuestra identidad\u201d.<\/p>\n\n\n\n<p><strong>Entradas<\/strong><\/p>\n\n\n\n<p>Las entradas se pueden adquirir online, a trav\u00e9s de&nbsp;<a href=\"http:\/\/weepas.ar\/\" target=\"_blank\" rel=\"noreferrer noopener\">weepas.ar<\/a>&nbsp;o en puntos de venta f\u00edsicos: Teatro Juan de Vera, San Juan 637, de 9 a 21 hs. o en boleter\u00edas del Anfiteatro, desde las 19 hs. en adelante.<\/p>\n\n\n\n<p>Las mismas tienen un costo de $7.000 m\u00e1s cargo por servicio, con acceso hasta las 21 hs. y $9.000 m\u00e1s cargo por servicio, sin l\u00edmite horario para el acceso.<\/p>\n\n\n\n<p><strong>Cambio de entradas por fecha<\/strong><\/p>\n\n\n\n<p>La ticketera a cargo de la comercializaci\u00f3n de las entradas para la Fiesta Grande habilit\u00f3 el cambio de fechas de entradas ya adquiridas mediante autogesti\u00f3n online. .<\/p>\n\n\n\n<p>Las personas interesadas en cambiarlas, deber\u00e1n enviar un correo a&nbsp;<a href=\"mailto:weepas@telco.com.ar\" target=\"_blank\" rel=\"noreferrer noopener\">weepas@telco.com.ar<\/a>&nbsp;con los siguientes datos: captura del c\u00f3digo QR, email de quien realiz\u00f3 la compra, DNI del titular y especificar nueva fecha solicitada (sujeto a disponibilidad).<\/p>\n\n\n\n<p><strong>JUEVES 22<br>ORDEN DE ACTUACI\u00d3N<br><\/strong>(Sujeto a modificaciones que decida la producci\u00f3n)<br><br>Inicio &#8211;&nbsp;20:00<br>Ganador Pre Fiesta<br>Ballet<br>Nacho Acevedo<br>Guillermo De Pompert<br>Sebastian Sheridan<br>DelValle \/ Fern\u00e1ndez<br>Emiliano Cardozo y los Cardocitos<br>Luli Fern\u00e1ndez<br>Amanday\u00e9<br>Los de Imaguare + Jorge Rojas<br>Toti Montiel<br>Los Tekis<br>Las Guaynas Por\u00e1<br>Nico Cardozo<br>Nino Ramirez<br>Amadeo Tutu Campos<br>Che Tr\u00edo Por\u00e3<br>Camila Gomez Barry<br>Soriano Sosa<br>Los Nuevos Vecinos<br><br><br><strong>FOTOS OFICIALES DE LA 35\u00b0 FNCH -MI\u00c9RCOLES 21 DE ENERO<br><\/strong><br><a href=\"https:\/\/drive.google.com\/drive\/folders\/1KkvoBmOScnyTx1iJgymHVPqagLDot-v8?usp=sharing\" target=\"_blank\" rel=\"noreferrer noopener\">https:\/\/drive.google.com\/drive\/folders\/1KkvoBmOScnyTx1iJgymHVPqagLDot-v8?usp=sharing<\/a><\/p>\n\n\n\n<p><strong>Programaci\u00f3n actividades 35\u00b0 FNCH<\/strong><\/p>\n\n\n\n<p>Viernes 23 de enero<\/p>\n\n\n\n<p>San Juan esquina 9 de Julio<\/p>\n\n\n\n<p>17 a 20 hs. 1\u00ba Encuentro del Libro y Chamam\u00e9 (4to piso del MACC)&nbsp;<\/p>\n\n\n\n<p>Presentaci\u00f3n del libro &#8220;\u00d1ande chamameceros&#8221; de Barbara Antonini y Cesar A. Florentin | Editorial D- SADE Corrientes&nbsp;<\/p>\n\n\n\n<p>Conversatorio: &#8220;Geograficidad de la m\u00fasica en el universo chamamecero&#8221; de Agustin Arosteguy&nbsp; &nbsp;&nbsp;<\/p>\n\n\n\n<p>Presentaci\u00f3n &#8220;Revista Ibera. Tesoro editorial del chamam\u00e9&#8221; de Pedro Zubieta | Fundaci\u00f3n Memoria del Chamam\u00e9<\/p>\n\n\n\n<p>Miniconcierto<\/p>\n\n\n\n<p>25 de Mayo 1141<\/p>\n\n\n\n<p>17 hs. Clase y charla de chamam\u00e9 con el Ballet Oficial | Museo del Chamame Casa &#8220;\u00d1anderec\u00f3&#8221;<\/p>\n\n\n\n<p>Ruta 12 KM 1026<\/p>\n\n\n\n<p>21 a 06 hs. Bailanta Pista San Jorge<\/p>\n\n\n\n<p>Los Chaque Che<\/p>\n\n\n\n<p>Emiliano Cardozo&nbsp;<\/p>\n\n\n\n<p>Los Guepa Che<\/p>\n\n\n\n<p>La junta chamamecera&nbsp;<\/p>\n\n\n\n<p>Samuelito&nbsp;<\/p>\n\n\n\n<p>Los tiradores&nbsp;<\/p>\n\n\n\n<p>Los nuevos vecinos<\/p>\n\n\n\n<p>S\u00e1bado 24 de enero<\/p>\n\n\n\n<p>La Marquez 4877- Barrio San Ger\u00f3nimo<\/p>\n\n\n\n<p>20 hs. Pe\u00f1a de Braian Acevedo<\/p>\n\n\n\n<p>Anike Nderesaray&nbsp;<\/p>\n\n\n\n<p>Braian Acevedo<\/p>\n\n\n\n<p>Carlos Maidana&nbsp;<\/p>\n\n\n\n<p>Mercedes Acosta<\/p>\n\n\n\n<p>Anyelina Barnes<\/p>\n\n\n\n<p>Bailanta Puente Pexoa, Riachuelo&nbsp;<\/p>\n\n\n\n<p>Bailanta San Cosme<\/p>\n\n\n\n<p>Domingo 25 de enero<\/p>\n\n\n\n<p>25 de Mayo 1141<\/p>\n\n\n\n<p>11 hs. Pe\u00f1a y degustaci\u00f3n de platos t\u00edpicos x Cocineros del Iber\u00e1 | Museo del Chamame Casa &#8220;\u00d1anderec\u00f3&#8221;<\/p>\n\n\n\n<p>Bailanta Puente Pexoa, Riachuelo<\/p>\n\n\n\n<p>Ruta 12 KM 1026<\/p>\n\n\n\n<p>15 a 00 hs. Bailanta Pista San Jorge<\/p>\n\n\n\n<p>Pe\u00f1as oficiales&nbsp;&nbsp;<\/p>\n\n\n\n<p>16, 23, 24 y 25 de enero<\/p>\n\n\n\n<p>3 AM. Pe\u00f1a Oficial Bar Estaci\u00f3n Mariscal | Maip\u00fa 2765<\/p>\n\n\n\n<p>Viernes 16 de enero: Cuarteto Buenos Aires | Viernes 23 de enero: Sangre Paiubrera<\/p>\n\n\n\n<p>S\u00e1bado 24 de enero: Ernestito Montiel | Domingo 25 de enero: Avarek\u00f3<\/p>\n\n\n\n<p>22, 23, 24 y 25 de enero<\/p>\n\n\n\n<p>21 hs. Pe\u00f1a Oficial Bar 1588 | Espa\u00f1a esquina Jun\u00edn<\/p>\n\n\n\n<p>22 de enero: La Pilarcita | 23 de enero:&nbsp; Ra\u00edz Guaran\u00ed | 24 de enero:&nbsp; Ignacio Porra | 25 de enero:&nbsp; Sebasti\u00e1n Sheridan<\/p>\n","protected":false},"excerpt":{"rendered":"<p>CHAMAM\u00c9, REFUGIO DE NUESTRA IDENTIDAD Organizado por el Gobierno de la Provincia, a trav\u00e9s del Instituto de Cultura de Corrientes, la 35\u00aa Fiesta Nacional del Chamam\u00e9, 21\u00aa Fiesta del Mercosur y 5\u00aa Celebraci\u00f3n Mundial transita sus \u00faltimos d\u00edas con \u00e9xito de convocatoria en el anfiteatro Mario del Tr\u00e1nsito. Desde el lunes, todas las noches se&#8230;<\/p>\n","protected":false},"author":1,"featured_media":1933,"comment_status":"open","ping_status":"closed","sticky":false,"template":"","format":"standard","meta":{"footnotes":""},"categories":[1],"tags":[],"class_list":["post-1932","post","type-post","status-publish","format-standard","has-post-thumbnail","hentry","category-noticias"],"_links":{"self":[{"href":"https:\/\/fiestanacionaldelchamame.com.ar\/index.php?rest_route=\/wp\/v2\/posts\/1932","targetHints":{"allow":["GET"]}}],"collection":[{"href":"https:\/\/fiestanacionaldelchamame.com.ar\/index.php?rest_route=\/wp\/v2\/posts"}],"about":[{"href":"https:\/\/fiestanacionaldelchamame.com.ar\/index.php?rest_route=\/wp\/v2\/types\/post"}],"author":[{"embeddable":true,"href":"https:\/\/fiestanacionaldelchamame.com.ar\/index.php?rest_route=\/wp\/v2\/users\/1"}],"replies":[{"embeddable":true,"href":"https:\/\/fiestanacionaldelchamame.com.ar\/index.php?rest_route=%2Fwp%2Fv2%2Fcomments&post=1932"}],"version-history":[{"count":1,"href":"https:\/\/fiestanacionaldelchamame.com.ar\/index.php?rest_route=\/wp\/v2\/posts\/1932\/revisions"}],"predecessor-version":[{"id":1934,"href":"https:\/\/fiestanacionaldelchamame.com.ar\/index.php?rest_route=\/wp\/v2\/posts\/1932\/revisions\/1934"}],"wp:featuredmedia":[{"embeddable":true,"href":"https:\/\/fiestanacionaldelchamame.com.ar\/index.php?rest_route=\/wp\/v2\/media\/1933"}],"wp:attachment":[{"href":"https:\/\/fiestanacionaldelchamame.com.ar\/index.php?rest_route=%2Fwp%2Fv2%2Fmedia&parent=1932"}],"wp:term":[{"taxonomy":"category","embeddable":true,"href":"https:\/\/fiestanacionaldelchamame.com.ar\/index.php?rest_route=%2Fwp%2Fv2%2Fcategories&post=1932"},{"taxonomy":"post_tag","embeddable":true,"href":"https:\/\/fiestanacionaldelchamame.com.ar\/index.php?rest_route=%2Fwp%2Fv2%2Ftags&post=1932"}],"curies":[{"name":"wp","href":"https:\/\/api.w.org\/{rel}","templated":true}]}}