{"id":1923,"date":"2026-01-20T05:55:00","date_gmt":"2026-01-20T08:55:00","guid":{"rendered":"https:\/\/fiestanacionaldelchamame.com.ar\/?p=1923"},"modified":"2026-01-20T18:03:08","modified_gmt":"2026-01-20T21:03:08","slug":"la-35-fiesta-nacional-del-chamame-avanza-con-masivo-acompanamiento-de-publico-en-el-cocomarola","status":"publish","type":"post","link":"https:\/\/fiestanacionaldelchamame.com.ar\/?p=1923","title":{"rendered":"La 35\u00b0 Fiesta Nacional del Chamam\u00e9 avanza con masivo acompa\u00f1amiento de p\u00fablico en el Cocomarola"},"content":{"rendered":"\n<h2 class=\"wp-block-heading\">CHAMAM\u00c9, REFUGIO DE NUESTRA IDENTIDAD<\/h2>\n\n\n\n<p>Organizada por el Gobierno de Corrientes, a trav\u00e9s del Instituto de Cultura, la 35\u00b0 Fiesta Nacional del Chamam\u00e9, 21\u00b0 Fiesta del MERCOSUR y 5\u00b0 Celebraci\u00f3n Mundial se fortalece como &#8220;Refugio de nuestra identidad&#8221;, con&nbsp;noches de asistencia masiva en el anfiteatro Mario del Tr\u00e1nsito Cocomarola. Y adem\u00e1s con&nbsp;distintas actividades como pe\u00f1as, propuestas gratuitas en museos y otros espacios independientes.<\/p>\n\n\n\n<p>Con gran afluencia de p\u00fablico en la jornada del lunes 19, la edici\u00f3n 2026 de la Fiesta Nacional del Chamam\u00e9 se vive a pleno en el anfiteatro Cocomarola, y en toda la ciudad y en distintas localidades del interior provincial cercanas a la capital.<\/p>\n\n\n\n<p><strong>Entradas<\/strong><br>Las entradas se pueden adquirir online, a trav\u00e9s de&nbsp;<a href=\"http:\/\/weepas.ar\/\" target=\"_blank\" rel=\"noreferrer noopener\">weepas.ar<\/a>&nbsp;o en puntos de venta f\u00edsicos: Teatro Juan de Vera, San Juan 637, de 9 a 21 hs. o en boleter\u00edas del Anfiteatro, desde las 19 hs. en adelante.<\/p>\n\n\n\n<p>Las mismas tienen un costo de $7.000 m\u00e1s cargo por servicio, con acceso hasta las 21 hs. y $9.000 m\u00e1s cargo por servicio, sin l\u00edmite horario para el acceso.<\/p>\n\n\n\n<p><strong>Cambio de entradas por fecha<\/strong><br>La ticketera a cargo de la comercializaci\u00f3n de las entradas para la Fiesta Grande habilit\u00f3 el cambio de fechas de entradas ya adquiridas mediante autogesti\u00f3n online. .<\/p>\n\n\n\n<p>Las personas interesadas en cambiarlas, deber\u00e1n enviar un correo a&nbsp;<a href=\"mailto:weepas@telco.com.ar\" target=\"_blank\" rel=\"noreferrer noopener\">weepas@telco.com.ar<\/a>&nbsp;con los siguientes datos: captura del c\u00f3digo QR, email de quien realiz\u00f3 la compra, DNI del titular y especificar nueva fecha solicitada (sujeto a disponibilidad).<\/p>\n\n\n\n<p>En una acci\u00f3n conjunta entre el Instituto de Cultura de Corrientes y la Universidad de la Cuenca del Plata, con la coordinaci\u00f3n del Instituto de Investigaci\u00f3n y Desarrollo Cultural del NEA, el lunes 19 qued\u00f3 inaugurada la muestra \u201cSensaci\u00f3n Chamam\u00e9\u201d de la artista visual M\u00f3nica Lena en el Museo de Arte Contempor\u00e1neo de Corrientes, ubicado en San Juan esquina 9 de Julio. La misma podr\u00e1 visitarse, de 9 a 12 y de 17 a 20 hs. hasta el 30 de enero.<\/p>\n\n\n\n<p>En tanto que del mi\u00e9rcoles 21 al viernes 23 de enero tendr\u00e1 lugar el 1\u00b0 Encuentro del Libro y el Chamam\u00e9, de 17 a 20 hs. con presentaciones de libros en torno al g\u00e9nero, conversatorios y conciertos al cierre de cada jornada.<\/p>\n\n\n\n<p>Ambas iniciativas forman parte de un proyecto de cogesti\u00f3n cultural orientado a poner en valor el patrimonio chamamecero, fortalecer la identidad regional y generar espacios de reflexi\u00f3n, memoria y producci\u00f3n cultural en di\u00e1logo con la celebraci\u00f3n popular m\u00e1s importante del litoral argentino.<\/p>\n\n\n\n<p><strong>Museo del Chamam\u00e9- Casa \u00d1anderec\u00f3<\/strong><br>Con propuestas para el mi\u00e9rcoles 21, viernes 23 y domingo 25, el Museo del Chamam\u00e9, sito en 25 de Mayo 1141, invita a la comunidad a sumarse a las propuestas para todo p\u00fablico con clases de baile, charla por el Ballet Oficial de la FNCH y una pe\u00f1a con degustaci\u00f3n por Cocineros del Iber\u00e1 para el cierre de la fiesta, todas ellas con acceso libre.<\/p>\n\n\n\n<p><strong>Pe\u00f1as y bailantas<\/strong><br>Las pe\u00f1as y bailantas tienen lugar en la ciudad y en localidades del interior provincial, a saber: el viernes 23 nuevamente la Pista San Jorge propone una gran bailanta con conjuntos chamameceros en vivo; el s\u00e1bado 24 y domingo 25 vuelven a realizarse las bailantas chamameceras en Puente Pexoa, Riachuelo, y en San Cosme el s\u00e1bado 24 de enero.<br><br>El s\u00e1bado 24 se suma la pe\u00f1a de Brian Acevedo, m\u00fasico local, desde las 20 hs. en el barrio San Ger\u00f3nimo. Desde el viernes 23 al domingo 25, el Bar Estaci\u00f3n Mariscal de Maip\u00fa 2765 propone, desde las 3 AM, m\u00fasica en vivo con Sangre Paiubrera, Ernestito Montiel y Avarek\u00f3 respectivamente, mientras que el Bar 1588 de Espa\u00f1a y Junin ofrece una atractiva programaci\u00f3n desde el jueves 22 al domingo 25, siempre desde las 21 hs. con la actuaci\u00f3n de La Pilarcita, Ra\u00edz Guaran\u00ed, Ignacio Porra y Sebasti\u00e1n Sheridan, respectivamente.<\/p>\n\n\n\n<p><strong>Programaci\u00f3n actividades 35\u00b0 FNCH<\/strong><\/p>\n\n\n\n<p>Mi\u00e9rcoles 21 de enero<br>San Juan esquina 9 de Julio<br>17 a 20 hs. 1\u00ba Encuentro del Libro y Chamam\u00e9 (4to piso del MACC)<br>Presentaci\u00f3n del libro: Aparecidos. Tesoros y leyendas de Corrientes de Kto Galeana | Moglia Ediciones<br>Conversatorio: &#8220;Vida y Obra: Bruno Mendoza&#8221;. Autor: Cesar Florentino | Editorial SADE Corrientes<br>Mini Concierto de Bruno Mendoza<br>25 de Mayo 1141<br>18 hs. Clase abierta: Aprender a bailar chamam\u00e9 (principiantes) | Museo del Chamame Casa &#8220;\u00d1anderec\u00f3&#8221;<\/p>\n\n\n\n<p><strong>Jueves 22 de enero<\/strong><br>San Juan esquina 9 de Julio<br>17 a 20 hs. 1\u00ba Encuentro del Libro y Chamam\u00e9 (4to piso del MACC)<br>Presentaci\u00f3n del libro &#8220;Viracambota. Chamam\u00e9, canci\u00f3n pol\u00edtica (Cosmo\/Graf\u00edas)&#8221; de Paulo Ferreyra | Editorial EUDENE<br>Conversatorio: &#8220;Guitarra pueblera. Caracter\u00edsticas del chamam\u00e9 de Nino Ram\u00edrez&#8221; de Jos\u00e9 Victor Pi\u00f1eiro y &#8220;Sonido Chamamecero. Cocomarola desde el viol\u00edn&#8221; de Mar\u00eda Bel\u00e9n Arriola | Editorial EUDENE&nbsp;&nbsp;&nbsp;&nbsp;&nbsp;&nbsp;&nbsp;&nbsp;&nbsp;&nbsp;&nbsp;&nbsp;&nbsp;&nbsp;&nbsp;&nbsp;&nbsp;<br>Mini Concierto de Nino Ram\u00edrez<\/p>\n\n\n\n<p><strong>Viernes 23 de enero<\/strong><br>San Juan esquina 9 de Julio<br>17 a 20 hs. 1\u00ba Encuentro del Libro y Chamam\u00e9 (4to piso del MACC)<br>Presentaci\u00f3n del libro &#8220;\u00d1ande chamameceros&#8221; de Barbara Antonini y Cesar A. Florentin | Editorial D- SADE Corrientes<br>Conversatorio: &#8220;Geograficidad de la m\u00fasica en el universo chamamecero&#8221; de Agustin Arosteguy&nbsp;&nbsp;&nbsp;<br>Presentaci\u00f3n &#8220;Revista Ibera. Tesoro editorial del chamam\u00e9&#8221; de Pedro Zubieta | Fundaci\u00f3n Memoria del Chamam\u00e9<br>Miniconcierto de Sebasti\u00e1n Sheridan<br>25 de Mayo 1141<br>17 hs. Clase y charla de chamam\u00e9 con el Ballet Oficial | Museo del Chamame Casa &#8220;\u00d1anderec\u00f3&#8221;<br>Ruta 12 KM 1026<br>21 a 06 hs. Bailanta Pista San Jorge<br>Los Chaque Che | Emiliano Cardozo | Los Guepa Che | La junta chamamecera |Samuelito | Los tiradores | Los nuevos vecinos<br><\/p>\n\n\n\n<p><strong>S\u00e1bado 24 de enero<\/strong><br>Lamarque 4877- Barrio San Ger\u00f3nimo<br>20 hs. Pe\u00f1a de Braian Acevedo<br>Anike Nderesaray | Braian Acevedo | Carlos Maidana | Mercedes Acosta |Anyelina Barnes<br>Bailanta Puente Pexoa, Riachuelo<br>Bailanta San Cosme<\/p>\n\n\n\n<p>Domingo 25 de enero<br>25 de Mayo 1141<br>11 hs. Pe\u00f1a y degustaci\u00f3n de platos t\u00edpicos x Cocineros del Iber\u00e1 | Museo del Chamame Casa &#8220;\u00d1anderec\u00f3&#8221;<br>Bailanta Puente Pexoa, Riachuelo<br>Ruta 12 KM 1026<br>15 a 00 hs. Bailanta Pista San Jorge<br>Pe\u00f1as oficiales&nbsp;<br>23, 24 y 25 de enero<br>3 AM. Pe\u00f1a Oficial Bar Estaci\u00f3n Mariscal | Maip\u00fa 2765<br>Viernes 23 de enero: Sangre Paiubrera | S\u00e1bado 24 de enero: Ernestito Montiel | Domingo 25 de enero: Avarek\u00f3<br>22, 23, 24 y 25 de enero<br>21 hs. Pe\u00f1a Oficial Bar 1588 | Espa\u00f1a esquina Jun\u00edn<br>22 de enero: La Pilarcita | 23 de enero:&nbsp; Ra\u00edz Guaran\u00ed | 24 de enero:&nbsp; Ignacio Porra | 25 de enero:&nbsp; Sebasti\u00e1n Sheridan<\/p>\n\n\n\n<p><strong>FOTOGRAF\u00cdAS OFICIALES DE LA 35\u00b0 FNCH &#8211; LUNES 19 DE ENERO<\/strong><\/p>\n","protected":false},"excerpt":{"rendered":"<p>CHAMAM\u00c9, REFUGIO DE NUESTRA IDENTIDAD Organizada por el Gobierno de Corrientes, a trav\u00e9s del Instituto de Cultura, la 35\u00b0 Fiesta Nacional del Chamam\u00e9, 21\u00b0 Fiesta del MERCOSUR y 5\u00b0 Celebraci\u00f3n Mundial se fortalece como &#8220;Refugio de nuestra identidad&#8221;, con&nbsp;noches de asistencia masiva en el anfiteatro Mario del Tr\u00e1nsito Cocomarola. Y adem\u00e1s con&nbsp;distintas actividades como pe\u00f1as,&#8230;<\/p>\n","protected":false},"author":1,"featured_media":1925,"comment_status":"open","ping_status":"closed","sticky":false,"template":"","format":"standard","meta":{"footnotes":""},"categories":[1],"tags":[],"class_list":["post-1923","post","type-post","status-publish","format-standard","has-post-thumbnail","hentry","category-noticias"],"_links":{"self":[{"href":"https:\/\/fiestanacionaldelchamame.com.ar\/index.php?rest_route=\/wp\/v2\/posts\/1923","targetHints":{"allow":["GET"]}}],"collection":[{"href":"https:\/\/fiestanacionaldelchamame.com.ar\/index.php?rest_route=\/wp\/v2\/posts"}],"about":[{"href":"https:\/\/fiestanacionaldelchamame.com.ar\/index.php?rest_route=\/wp\/v2\/types\/post"}],"author":[{"embeddable":true,"href":"https:\/\/fiestanacionaldelchamame.com.ar\/index.php?rest_route=\/wp\/v2\/users\/1"}],"replies":[{"embeddable":true,"href":"https:\/\/fiestanacionaldelchamame.com.ar\/index.php?rest_route=%2Fwp%2Fv2%2Fcomments&post=1923"}],"version-history":[{"count":1,"href":"https:\/\/fiestanacionaldelchamame.com.ar\/index.php?rest_route=\/wp\/v2\/posts\/1923\/revisions"}],"predecessor-version":[{"id":1924,"href":"https:\/\/fiestanacionaldelchamame.com.ar\/index.php?rest_route=\/wp\/v2\/posts\/1923\/revisions\/1924"}],"wp:featuredmedia":[{"embeddable":true,"href":"https:\/\/fiestanacionaldelchamame.com.ar\/index.php?rest_route=\/wp\/v2\/media\/1925"}],"wp:attachment":[{"href":"https:\/\/fiestanacionaldelchamame.com.ar\/index.php?rest_route=%2Fwp%2Fv2%2Fmedia&parent=1923"}],"wp:term":[{"taxonomy":"category","embeddable":true,"href":"https:\/\/fiestanacionaldelchamame.com.ar\/index.php?rest_route=%2Fwp%2Fv2%2Fcategories&post=1923"},{"taxonomy":"post_tag","embeddable":true,"href":"https:\/\/fiestanacionaldelchamame.com.ar\/index.php?rest_route=%2Fwp%2Fv2%2Ftags&post=1923"}],"curies":[{"name":"wp","href":"https:\/\/api.w.org\/{rel}","templated":true}]}}