{"id":1916,"date":"2026-01-19T11:38:25","date_gmt":"2026-01-19T14:38:25","guid":{"rendered":"https:\/\/fiestanacionaldelchamame.com.ar\/?p=1916"},"modified":"2026-01-20T11:52:00","modified_gmt":"2026-01-20T14:52:00","slug":"la-35-fiesta-nacional-del-chamame-se-vive-a-pleno-dentro-y-fuera-del-cocomarola","status":"publish","type":"post","link":"https:\/\/fiestanacionaldelchamame.com.ar\/?p=1916","title":{"rendered":"La 35 Fiesta Nacional del Chamam\u00e9 se vive a pleno dentro y fuera del Cocomarola"},"content":{"rendered":"\n<h2 class=\"wp-block-heading\">CHAMAM\u00c9, REFUGIO DE NUESTEA IDENTIDAD<\/h2>\n\n\n\n<p>Organizada por el Gobierno de Corrientes, a trav\u00e9s del Instituto de Cultura, la Fiesta Grande se vive en la ciudad y el interior provincial hasta el domingo 25 de enero, con diversidad de actividades en torno a la cultura chamamecera, con acceso libre y gratuito, con propuestas destinadas a todo p\u00fablico.<\/p>\n\n\n\n<p>Con la m\u00e1xima celebraci\u00f3n del g\u00e9nero en el anfiteatro Mario del Tr\u00e1nsito Cocomarola siempre desde las 20 hs. hasta el domingo 25 de enero, la 35\u00b0 Fiesta Nacional del Chamam\u00e9 contin\u00faa su desarrollo esta semana en diversos espacios como el Museo del Chamam\u00e9 Casa \u00d1anderek\u00f3 y el Museo de Arte Contempor\u00e1neo de Corrientes, adem\u00e1s del ciclo itinerante \u201cChamam\u00e9 con todos\u201d que tendr\u00e1 lugar este martes 20 en la Residencia del Litoral, con Los Alonsitos.<\/p>\n\n\n\n<p>Las propuestas en la ciudad y en el interior provincial dirigidas a todo p\u00fablico, incluyen muestras, charlas, clases de baile, conversatorios, degustaciones y espacios de di\u00e1logo en torno al libro y el chamam\u00e9 con cierres musicales, adem\u00e1s de las tradicionales bailantas y pe\u00f1as que atraen a la comunidad y a los visitantes que a\u00f1o a a\u00f1o llegan a Corrientes a celebrar el g\u00e9nero y su cultura.<\/p>\n\n\n\n<p><strong>Museo del Chamam\u00e9- Casa \u00d1anderek\u00f3<\/strong><\/p>\n\n\n\n<p>Ubicado en 25 de mayo 1141, el Museo del Chamam\u00e9 propone actividades para todo p\u00fablico, con enfoque en infancias, clases de baile de chamam\u00e9 para principiantes, una charla por integrantes del Ballet Oficial de la FNCH, y para la jornada de cierre de la fiesta, una pe\u00f1a y degustaci\u00f3n por Cocineros del Iber\u00e1.<\/p>\n\n\n\n<p><strong>Museo de Arte Contempor\u00e1neo de Corrientes<\/strong><\/p>\n\n\n\n<p>En una acci\u00f3n conjunta entre el Instituto de Cultura de la Provincia de Corrientes y la Universidad de la Cuenca del Plata, con la coordinaci\u00f3n del Instituto de Investigaci\u00f3n y Desarrollo Cultural del NEA, se podr\u00e1 visitar la muestra fotogr\u00e1fica \u201cSensaci\u00f3n Chamam\u00e9\u201d de M\u00f3nica Lena, de 9 a 12 y de 17 a 20 hs. hasta el 30 de enero.<\/p>\n\n\n\n<p>En tanto que del mi\u00e9rcoles 21 al viernes 23 de enero tendr\u00e1 lugar el 1\u00b0 Encuentro del Libro y el Chamam\u00e9, de 17 a 20 hs. con presentaciones de libros en torno al g\u00e9nero, conversatorios y conciertos al cierre de cada jornada.<\/p>\n\n\n\n<p>Ambas iniciativas forman parte de un proyecto de cogesti\u00f3n cultural orientado a poner en valor el patrimonio chamamecero, fortalecer la identidad regional y generar espacios de reflexi\u00f3n, memoria y producci\u00f3n cultural en di\u00e1logo con la celebraci\u00f3n popular m\u00e1s importante del litoral argentino.<\/p>\n\n\n\n<p><strong>La fiesta nacional, motor de la econom\u00eda<\/strong><\/p>\n\n\n\n<p>Declarado&nbsp; por la UNESCO en 2020 Patrimonio Cultural Inmaterial de la Humanidad desde 2020, el chamam\u00e9 convoca cada enero a miles de visitantes de Brasil y Paraguay, adem\u00e1s del interior del pa\u00eds, convirti\u00e9ndose Corrientes en el epicentro de esta fiesta que celebra la cultura alrededor del g\u00e9nero en cada rinc\u00f3n de la ciudad y el interior provincial.<\/p>\n\n\n\n<p>La m\u00fasica, la danza, la gastronom\u00eda, las artesan\u00edas, los paisajes y costumbres que rodean a la fiesta en un contexto de producci\u00f3n cultural y tur\u00edstica sin dudas motorizan la econom\u00eda de quienes intervienen en este entramado de producci\u00f3n, visible tambi\u00e9n en el anfiteatro Mario del Tr\u00e1nsito Cocomarola, con la presencia de stands y ferias de emprendimientos tanto del sector privado como del p\u00fablico.<\/p>\n\n\n\n<p>Los medios de comunicaci\u00f3n tambi\u00e9n presentes en el anfiteatro Mario del Tr\u00e1nsito Cocomarola, m\u00e1s de 20, con estudios de streaming y radios, son grandes protagonistas de la fiesta, amplificando la propuesta cultural y musical, adem\u00e1s de producir contenidos de forma permanente y transmitir las presentaciones de cada noche, engrandeciendo la pol\u00edtica p\u00fablica que impulsa el Gobierno de Corrientes.<\/p>\n\n\n\n<p><strong>Programaci\u00f3n actividades 35\u00b0 FNCH<\/strong><\/p>\n\n\n\n<p>Martes 20 de enero<\/p>\n\n\n\n<p>10 hs. \u201cChamam\u00e9 con todos\u201d en Residencia del Litoral: Los Alonsitos<\/p>\n\n\n\n<p>Mi\u00e9rcoles 21 de enero<\/p>\n\n\n\n<p>San Juan esquina 9 de Julio<br>17 a 20 hs. 1\u00ba Encuentro del Libro y Chamam\u00e9 (4to piso del MACC)<br>Presentaci\u00f3n del libro: Aparecidos. Tesoros y leyendas de Corrientes de Kto Galeana | Moglia Ediciones<br>Conversatorio: &#8220;Vida y Obra: Bruno Mendoza&#8221;. Autor: Cesar Florentino | Editorial SADE Corrientes<br>Mini Concierto de Bruno Mendoza<\/p>\n\n\n\n<p>25 de Mayo 1141<br>18 hs. Clase abierta: Aprender a bailar chamam\u00e9 (principiantes) | Museo del Chamame Casa &#8220;\u00d1anderec\u00f3&#8221;<\/p>\n\n\n\n<p>Jueves 22 de enero<\/p>\n\n\n\n<p>San Juan esquina 9 de Julio<br>17 a 20 hs. 1\u00ba Encuentro del Libro y Chamam\u00e9 (4to piso del MACC)<br>Presentaci\u00f3n del libro &#8220;Viracambota. Chamam\u00e9, canci\u00f3n pol\u00edtica (Cosmo\/Graf\u00edas)&#8221; de Paulo Ferreyra | Editorial EUDENE<br>Conversatorio: &#8220;Guitarra pueblera. Caracter\u00edsticas del chamam\u00e9 de Nino Ram\u00edrez&#8221; de Jos\u00e9 Victor Pi\u00f1eiro y &#8220;Sonido Chamamecero. Cocomarola desde el viol\u00edn&#8221; de Mar\u00eda Bel\u00e9n Arriola | Editorial EUDENE&nbsp;&nbsp;&nbsp;&nbsp;&nbsp;&nbsp;&nbsp;&nbsp;&nbsp;&nbsp;&nbsp;&nbsp;&nbsp;&nbsp;&nbsp;&nbsp;&nbsp;<br>Mini Concierto de Nino Ram\u00edrez<\/p>\n\n\n\n<p>Viernes 23 de enero<\/p>\n\n\n\n<p>San Juan esquina 9 de Julio<br>17 a 20 hs. 1\u00ba Encuentro del Libro y Chamam\u00e9 (4to piso del MACC)<br>Presentaci\u00f3n del libro &#8220;\u00d1ande chamameceros&#8221; de Barbara Antonini y Cesar A. Florentin | Editorial D- SADE Corrientes<br>Conversatorio: &#8220;Geograficidad de la m\u00fasica en el universo chamamecero&#8221; de Agustin Arosteguy&nbsp;&nbsp;&nbsp;<br>Presentaci\u00f3n &#8220;Revista Ibera. Tesoro editorial del chamam\u00e9&#8221; de Pedro Zubieta | Fundaci\u00f3n Memoria del Chamam\u00e9<br>Miniconcierto Sebasti\u00e1n Sheridan<\/p>\n\n\n\n<p>25 de Mayo 1141<br>17 hs. Clase y charla de chamam\u00e9 con el Ballet Oficial | Museo del Chamame Casa &#8220;\u00d1anderec\u00f3&#8221;<\/p>\n\n\n\n<p>Ruta 12 KM 1026<br>21 a 06 hs. Bailanta Pista San Jorge<br>Los Chaque Che<br>Emiliano Cardozo<br>Los Guepa Che<br>La junta chamamecera<br>Samuelito<br>Los tiradores<br>Los nuevos vecinos<\/p>\n\n\n\n<p>S\u00e1bado 24 de enero<\/p>\n\n\n\n<p>Bailanta Puente Pexoa, Riachuelo<br>Bailanta San Cosme<\/p>\n\n\n\n<p>Domingo 25 de enero<\/p>\n\n\n\n<p>25 de Mayo 1141<br>11 hs. Pe\u00f1a y degustaci\u00f3n de platos t\u00edpicos x Cocineros del Iber\u00e1 | Museo del Chamame Casa &#8220;\u00d1anderec\u00f3&#8221;<\/p>\n\n\n\n<p>Bailanta Puente Pexoa, Riachuelo<\/p>\n\n\n\n<p>Ruta 12 KM 1026<br>15 a 00 hs. Bailanta Pista San Jorge<\/p>\n\n\n\n<p>Pe\u00f1as oficiales&nbsp;<\/p>\n\n\n\n<p>16, 23, 24 y 25 de enero<\/p>\n\n\n\n<p>3 AM. Pe\u00f1a Oficial Bar Estaci\u00f3n Mariscal | Maip\u00fa 2765<br>Viernes 16 de enero: Cuarteto Buenos Aires<br>Viernes 23 de enero: Sangre Paiubrera<br>S\u00e1bado 24 de enero: Ernestito Montiel<br>Domingo 25 de enero: Avarek\u00f3<\/p>\n\n\n\n<p>22, 23, 24 y 25 de enero<\/p>\n\n\n\n<p>21 hs. Pe\u00f1a Oficial Bar 1588 | Espa\u00f1a esquina Jun\u00edn<br>22 de enero: La Pilarcita | 23 de enero:&nbsp; Ra\u00edz Guaran\u00ed | 24 de enero:&nbsp; Ignacio Porra | 25 de enero:&nbsp; Sebasti\u00e1n Sheridan<\/p>\n\n\n\n<p><strong>FOTOGRAF\u00cdAS OFICIALES DE LA 35\u00b0 FNCH &#8211; DOMINGO 18 DE ENERO<\/strong><\/p>\n\n\n\n<figure class=\"wp-block-embed\"><div class=\"wp-block-embed__wrapper\">\nhttps:\/\/drive.google.com\/drive\/folders\/14TzIdFWXXip0sR8Zi14UmAqcE7dOJGKG?usp=sharing\n<\/div><\/figure>\n\n\n\n<p><strong>Anfiteatro Mario del Tr\u00e1nsito Cocomarola<\/strong><\/p>\n\n\n\n<p><strong>LUNES 19<br>ORDEN DE ACTUACI\u00d3N<\/strong><\/p>\n\n\n\n<p>20:00 \u2013 Inicio<br>Pre fiesta: Anahi Ramirez Ballet<br>Vera Monz\u00f3n<br>Conjunto Sentimiento<br>Los Hermanos Vel\u00e1zquez<br>Alfredo Monz\u00f3n<br>Sofia Morales<br>Sim\u00f3n de Jes\u00fas Pacios<br>La Pilarcita<br>Alma Vibrante<br>Ariel Gauna y su nueva propuesta<br>Juan de Dios<br>Miguel Figueroa y su Conjunto Amanecer Campero<br>Christian Herrera<br>Los Principes de Misiones&nbsp; Los Reales del Litoral<br>Los Chaque Che<br>Patricia Gomez<br>Javier Solis<br>La Junta Chamamecera<\/p>\n\n\n\n<p><strong>MARTES 20<\/strong><br>(por orden alfab\u00e9tico)<\/p>\n\n\n\n<p>Bianca Almir\u00f3n y Carolina Maidana<br>Canta Chaco<br>Mar\u00eda Eugenia Gallardo<br>David D\u00edaz Marchetto<br>Guaran\u00edtica<br>Las voces Che Rajy<br>Los majestuosos del chamam\u00e9<br>Los Matu\u00e1 Mercede\u00f1os<br>Martina Velazco<br>Mat\u00edas Geneyro<br>Nah\u00edr Rodr\u00edguez<br>Nostalgias Mburucuyanas<br>Renato Fag\u00fandez (BR)<br>Rudi Flores y Joel Tortul<br>Soledad<br>Tradicional 6<br>Tup\u00e1 Noy<br>Yamand\u00fa Costa y Facundo Rodr\u00edguez<\/p>\n","protected":false},"excerpt":{"rendered":"<p>CHAMAM\u00c9, REFUGIO DE NUESTEA IDENTIDAD Organizada por el Gobierno de Corrientes, a trav\u00e9s del Instituto de Cultura, la Fiesta Grande se vive en la ciudad y el interior provincial hasta el domingo 25 de enero, con diversidad de actividades en torno a la cultura chamamecera, con acceso libre y gratuito, con propuestas destinadas a todo&#8230;<\/p>\n","protected":false},"author":1,"featured_media":1917,"comment_status":"open","ping_status":"closed","sticky":false,"template":"","format":"standard","meta":{"footnotes":""},"categories":[1],"tags":[],"class_list":["post-1916","post","type-post","status-publish","format-standard","has-post-thumbnail","hentry","category-noticias"],"_links":{"self":[{"href":"https:\/\/fiestanacionaldelchamame.com.ar\/index.php?rest_route=\/wp\/v2\/posts\/1916","targetHints":{"allow":["GET"]}}],"collection":[{"href":"https:\/\/fiestanacionaldelchamame.com.ar\/index.php?rest_route=\/wp\/v2\/posts"}],"about":[{"href":"https:\/\/fiestanacionaldelchamame.com.ar\/index.php?rest_route=\/wp\/v2\/types\/post"}],"author":[{"embeddable":true,"href":"https:\/\/fiestanacionaldelchamame.com.ar\/index.php?rest_route=\/wp\/v2\/users\/1"}],"replies":[{"embeddable":true,"href":"https:\/\/fiestanacionaldelchamame.com.ar\/index.php?rest_route=%2Fwp%2Fv2%2Fcomments&post=1916"}],"version-history":[{"count":1,"href":"https:\/\/fiestanacionaldelchamame.com.ar\/index.php?rest_route=\/wp\/v2\/posts\/1916\/revisions"}],"predecessor-version":[{"id":1918,"href":"https:\/\/fiestanacionaldelchamame.com.ar\/index.php?rest_route=\/wp\/v2\/posts\/1916\/revisions\/1918"}],"wp:featuredmedia":[{"embeddable":true,"href":"https:\/\/fiestanacionaldelchamame.com.ar\/index.php?rest_route=\/wp\/v2\/media\/1917"}],"wp:attachment":[{"href":"https:\/\/fiestanacionaldelchamame.com.ar\/index.php?rest_route=%2Fwp%2Fv2%2Fmedia&parent=1916"}],"wp:term":[{"taxonomy":"category","embeddable":true,"href":"https:\/\/fiestanacionaldelchamame.com.ar\/index.php?rest_route=%2Fwp%2Fv2%2Fcategories&post=1916"},{"taxonomy":"post_tag","embeddable":true,"href":"https:\/\/fiestanacionaldelchamame.com.ar\/index.php?rest_route=%2Fwp%2Fv2%2Ftags&post=1916"}],"curies":[{"name":"wp","href":"https:\/\/api.w.org\/{rel}","templated":true}]}}