{"id":1913,"date":"2026-01-17T07:27:00","date_gmt":"2026-01-17T10:27:00","guid":{"rendered":"https:\/\/fiestanacionaldelchamame.com.ar\/?p=1913"},"modified":"2026-01-18T19:34:40","modified_gmt":"2026-01-18T22:34:40","slug":"el-primer-sapucay-de-la-35-fiesta-nacional-del-chamame-hizo-vibrar-el-anfiteatro-cocomarola","status":"publish","type":"post","link":"https:\/\/fiestanacionaldelchamame.com.ar\/?p=1913","title":{"rendered":"El primer sapucay de la 35\u00b0 Fiesta Nacional del Chamam\u00e9 hizo vibrar el anfiteatro Cocomarola"},"content":{"rendered":"\n<h2 class=\"wp-block-heading\">CHAMAM\u00c9, REFUGIO DE IDENTIDAD<\/h2>\n\n\n\n<p>Organizada por el Gobierno de Corrientes, a trav\u00e9s del Instituto de Cultura, dio comienzo la fiesta grande con un anfiteatro colmado, donde la m\u00fasica y la danza confluyeron en una noche especial, en esta 5\u00b0 celebraci\u00f3n mundial del chamam\u00e9 y 21\u00b0 fiesta del Mercosur.<\/p>\n\n\n\n<p>Como en cada edici\u00f3n, la apertura de la Fiesta Nacional del Chamam\u00e9 tuvo su ritual con la llegada al escenario Osvaldo Sosa Cordero de la V\u00edrgen de Itat\u00ed, con Julio C\u00e1ceres como maestro de ceremonia continuando el legado del gran Juli\u00e1n Zini. Antonio Rossi y Ariel Gim\u00e9nez, art\u00edfices del rezo ceremonial, bregaron en sus palabras al p\u00fablico \u201cque el chamam\u00e9 se haga refugio, identidad que no se vende, memoria que vuelva a cantar\u201d.<\/p>\n\n\n\n<p>Tras la apertura, los embajadores culturales de la Fiesta Nacional del Chamam\u00e9 2025 llevaron adelante el traspaso de bandas a los representantes de esta edici\u00f3n, la Pareja Nacional Juvenil del Chamam\u00e9 2026, Emma Biotti Meza y Bautista Benjam\u00edn Monz\u00f3n, sede Caa Cat\u00ed; y la Pareja Nacional del Chamam\u00e9 2026, Silvana Bel\u00e9n Gamarra y V\u00edctor Hugo Cantero, de la sede Gobernador Mart\u00ednez, qui\u00e9nes recibieron las bandas por parte de Erika Bel\u00e9n Aguirre y Marcelo Isaac Aguirre, embajadores de la edici\u00f3n 2025.<\/p>\n\n\n\n<p>La m\u00fasica llego al Sosa Cordero de la mano del Grupo de Buena F\u00e9, dando paso al Grupo San Jos\u00e9. La Pareja Nacional Juvenil 2026 hizo su presentaci\u00f3n formal en el escenario, seguidos por la Pareja Nacional de la actual edici\u00f3n, una antesala para la Bailanta Chamamecera con parejas de m\u00e1s de 20 municipios del interior provincial junto al Ballet Oficial bajo direcci\u00f3n de Luis Marinoni.<\/p>\n\n\n\n<p>Dijeron presente Alvear, Caa Cati, Chavarr\u00eda, Concepci\u00f3n del Yaguaret\u00e9 Cor\u00e1, Corrientes, Empedrado, Gobernador Mart\u00ednez, Goya, Itat\u00ed, Lavalle, Mburucuy\u00e1, Mercedes, Mocoret\u00e1, Monte Caseros, Paso de los Libres, Perugorr\u00eda, Riachuelo, Saladas, San Luis del Palmar, Santa Ana, Santa Rosa, Santo Tom\u00e9, Sauce, Virasoro, Yapeyu y provincia de Misiones.<\/p>\n\n\n\n<p>H\u00e9roes de Malvinas, Daniel Gim\u00e9nez Tr\u00edo y Mario Prieto Linares se sucedieron para dar paso al Ballet Oficial de la FNCH presentando el estilo maceta, dando el marco para la llegada de Antonio Tarrag\u00f3 Ros, que despert\u00f3 el aplauso de la platea. El m\u00fasico compositor y poeta recibi\u00f3 de manos del gobernador de la provincia de Corrientes, Juan Pablo Vald\u00e9s, y de la presidente del Instituto de Cultura, Lourdes S\u00e1nchez, un reconocimiento por la donaci\u00f3n de composiciones musicales educativas.<\/p>\n\n\n\n<p>Tarrag\u00f3 Ros cerr\u00f3 su presentaci\u00f3n con \u201cMar\u00eda Va\u201d, junto a Gicela M\u00e9ndez Ribeiro.<\/p>\n\n\n\n<p>Chamam\u00e9 Ku\u00f1a y el virtuoso Richard Sc\u00f3fano, gran divulgador del g\u00e9nero fuera de la provincia, precedieron a Los Vecinos, que hicieron levantar de sus asientos a toda la concurrencia, dejando listo el escenario para Los Nocheros, que trajeron los ritmos del noroeste argentino celebrando 40 a\u00f1os de trayectoria, para interpretar tambi\u00e9n \u201cBa\u00f1ado Norte\u201d.<\/p>\n\n\n\n<p>La mercede\u00f1a Mirian Asuad, cantante, armoniquista, autora y compositora, seguida por Blas Mart\u00ednez Riera Grupo y Los Angeles Rom\u00e1nticos fueron bajando el tel\u00f3n a la primera noche, con una gran presentaci\u00f3n de Pedro R\u00edos, gran talento local de proyecci\u00f3n, para el cierre con Ignacio Porra, acordeonista y docente de m\u00fasica en barrios populares.<\/p>\n","protected":false},"excerpt":{"rendered":"<p>CHAMAM\u00c9, REFUGIO DE IDENTIDAD Organizada por el Gobierno de Corrientes, a trav\u00e9s del Instituto de Cultura, dio comienzo la fiesta grande con un anfiteatro colmado, donde la m\u00fasica y la danza confluyeron en una noche especial, en esta 5\u00b0 celebraci\u00f3n mundial del chamam\u00e9 y 21\u00b0 fiesta del Mercosur. Como en cada edici\u00f3n, la apertura de&#8230;<\/p>\n","protected":false},"author":1,"featured_media":1914,"comment_status":"open","ping_status":"closed","sticky":false,"template":"","format":"standard","meta":{"footnotes":""},"categories":[1],"tags":[],"class_list":["post-1913","post","type-post","status-publish","format-standard","has-post-thumbnail","hentry","category-noticias"],"_links":{"self":[{"href":"https:\/\/fiestanacionaldelchamame.com.ar\/index.php?rest_route=\/wp\/v2\/posts\/1913","targetHints":{"allow":["GET"]}}],"collection":[{"href":"https:\/\/fiestanacionaldelchamame.com.ar\/index.php?rest_route=\/wp\/v2\/posts"}],"about":[{"href":"https:\/\/fiestanacionaldelchamame.com.ar\/index.php?rest_route=\/wp\/v2\/types\/post"}],"author":[{"embeddable":true,"href":"https:\/\/fiestanacionaldelchamame.com.ar\/index.php?rest_route=\/wp\/v2\/users\/1"}],"replies":[{"embeddable":true,"href":"https:\/\/fiestanacionaldelchamame.com.ar\/index.php?rest_route=%2Fwp%2Fv2%2Fcomments&post=1913"}],"version-history":[{"count":1,"href":"https:\/\/fiestanacionaldelchamame.com.ar\/index.php?rest_route=\/wp\/v2\/posts\/1913\/revisions"}],"predecessor-version":[{"id":1915,"href":"https:\/\/fiestanacionaldelchamame.com.ar\/index.php?rest_route=\/wp\/v2\/posts\/1913\/revisions\/1915"}],"wp:featuredmedia":[{"embeddable":true,"href":"https:\/\/fiestanacionaldelchamame.com.ar\/index.php?rest_route=\/wp\/v2\/media\/1914"}],"wp:attachment":[{"href":"https:\/\/fiestanacionaldelchamame.com.ar\/index.php?rest_route=%2Fwp%2Fv2%2Fmedia&parent=1913"}],"wp:term":[{"taxonomy":"category","embeddable":true,"href":"https:\/\/fiestanacionaldelchamame.com.ar\/index.php?rest_route=%2Fwp%2Fv2%2Fcategories&post=1913"},{"taxonomy":"post_tag","embeddable":true,"href":"https:\/\/fiestanacionaldelchamame.com.ar\/index.php?rest_route=%2Fwp%2Fv2%2Ftags&post=1913"}],"curies":[{"name":"wp","href":"https:\/\/api.w.org\/{rel}","templated":true}]}}