{"id":1910,"date":"2026-01-18T19:26:28","date_gmt":"2026-01-18T22:26:28","guid":{"rendered":"https:\/\/fiestanacionaldelchamame.com.ar\/?p=1910"},"modified":"2026-01-18T19:35:39","modified_gmt":"2026-01-18T22:35:39","slug":"la-fiesta-grande-continua-con-muestras-encuentros-bailantas-y-penas-en-la-ciudad-y-el-interior","status":"publish","type":"post","link":"https:\/\/fiestanacionaldelchamame.com.ar\/?p=1910","title":{"rendered":"La Fiesta Grande contin\u00faa con muestras, encuentros, bailantas y pe\u00f1as en la ciudad y el interior"},"content":{"rendered":"\n<h2 class=\"wp-block-heading\">CHAMAM\u00c9, REFUGIO DE IDENTIDAD<\/h2>\n\n\n\n<p>Organizada por el Gobierno de Corrientes, a trav\u00e9s del Instituto de Cultura, la 35\u00b0 Fiesta Nacional del Chamam\u00e9 contin\u00faa con sus noches de m\u00fasica y celebraci\u00f3n en el Cocomarola, y con distintas actividades de acceso libre en la ciudad, como tambi\u00e9n bailantas y pe\u00f1as en el interior.<\/p>\n\n\n\n<p>Con propuestas culturales de alto valor patrimonial, la 35\u00b0 Fiesta Nacional del Chamam\u00e9, 21\u00b0 Fiesta del MERCOSUR y 5\u00b0 Celebraci\u00f3n mundial contin\u00faa su desarrollo hasta el domingo 25 de enero.<\/p>\n\n\n\n<p>Est\u00e1n previstas actividades en el Museo de Arte Contempor\u00e1neo de Corrientes y otros espacios dependientes del Instituto de Cultura, como el Museo del Chamam\u00e9- Casa \u00d1anderec\u00f3.<\/p>\n\n\n\n<p>Esta semana, junto a la Universidad de la Cuenca del Plata, con la coordinaci\u00f3n del Instituto de Investigaci\u00f3n y Desarrollo Cultural del NEA, se habilitar\u00e1 la muestra fotogr\u00e1fica \u201cSensaci\u00f3n Chamam\u00e9\u201d de la artista visual M\u00f3nica Lena, que inaugura este lunes 19 a las 18 hs. y del 21 al 23 de enero, el \u201c1\u00b0 Encuentro del Libro del Chamam\u00e9\u201d. Ambos en el MACC, 9 de julio y San Juan.<\/p>\n\n\n\n<p>Estas iniciativas forman parte de un proyecto de cogesti\u00f3n cultural orientado a poner en valor el patrimonio chamamecero, fortalecer la identidad regional y generar espacios de reflexi\u00f3n, memoria y producci\u00f3n cultural en di\u00e1logo con la celebraci\u00f3n popular m\u00e1s importante del litoral argentino.<\/p>\n\n\n\n<p><strong>\u201cSensaci\u00f3n Chamam\u00e9\u201d<\/strong><\/p>\n\n\n\n<p>De la reconocida artista visual M\u00f3nica Lena, la muestra ofrece un recorrido emotivo y profundamente identitario a trav\u00e9s de im\u00e1genes ic\u00f3nicas de la Fiesta Nacional del Chamam\u00e9, capturadas a lo largo de a\u00f1os de vivencia y observaci\u00f3n sensible del evento. La exposici\u00f3n propone una mirada que trasciende el registro documental para construir un relato visual cargado de emoci\u00f3n, pertenencia y memoria colectiva, convirti\u00e9ndose en un verdadero archivo patrimonial contempor\u00e1neo del chamam\u00e9.<\/p>\n\n\n\n<p>La inauguraci\u00f3n tendr\u00e1 lugar el lunes 19 de enero de 2026, a las 18 hs, en el Hall Central del MACC, y podr\u00e1 visitarse hasta el 30 de enero, acompa\u00f1ando el desarrollo completo de la Fiesta.<\/p>\n\n\n\n<p><strong>Encuentro del Libro del Chamam\u00e9<\/strong><\/p>\n\n\n\n<p>Por primera vez, el chamam\u00e9 contar\u00e1 con un espacio espec\u00edficamente dedicado a su producci\u00f3n editorial, acad\u00e9mica y literaria, consolidando un \u00e1mbito de encuentro entre investigadores, editoriales especializadas, artistas y p\u00fablico general.<\/p>\n\n\n\n<p>El \u201c1\u00b0 Encuentro del Libro y el Chamam\u00e9\u201d se desarrollar\u00e1 los d\u00edas 21, 22 y 23 de enero de 2026, de 17 a 19:30 hs, en el Museo de Arte Contempor\u00e1neo de Corrientes (MACC), y contar\u00e1 con la participaci\u00f3n de la Fundaci\u00f3n Memoria del Chamam\u00e9, junto a las editoriales especializadas Moglia Ediciones, Editorial D (SADE) y EUDENE, que presentar\u00e1n sus \u00faltimos lanzamientos y un valioso cat\u00e1logo de publicaciones vinculadas a la historia, la investigaci\u00f3n, la poes\u00eda regional y las expresiones contempor\u00e1neas del g\u00e9nero.<\/p>\n\n\n\n<p>La programaci\u00f3n incluir\u00e1 expositores, presentaciones de libros, conversatorios tem\u00e1ticos, disertaciones y espacios de intercambio, adem\u00e1s de cierres musicales ac\u00fasticos al final de cada jornada, integrando pensamiento y sensibilidad art\u00edstica en una experiencia cultural integral.<\/p>\n\n\n\n<p><strong>Corredor cultural<\/strong><\/p>\n\n\n\n<p>El desarrollo de ambas actividades en el MACC, en pleno circuito hist\u00f3rico y tur\u00edstico de la ciudad, permite consolidar un corredor cultural vespertino que dialoga estrat\u00e9gicamente con la programaci\u00f3n nocturna del Anfiteatro Mario del Tr\u00e1nsito Cocomarola.<\/p>\n\n\n\n<p>Esta articulaci\u00f3n ampl\u00eda la accesibilidad, diversifica p\u00fablicos y refuerza el posicionamiento de Corrientes como territorio rector y referencia cultural del chamam\u00e9, especialmente en el contexto de su reconocimiento como Patrimonio Cultural Inmaterial de la Humanidad por la UNESCO.<\/p>\n\n\n\n<p><strong>Gesti\u00f3n articulada, impacto regional<\/strong><\/p>\n\n\n\n<p>La coordinaci\u00f3n general est\u00e1 a cargo del IDC NEA \/ Universidad de la Cuenca del Plata, responsable del dise\u00f1o conceptual, la programaci\u00f3n acad\u00e9mica y art\u00edstica, la gesti\u00f3n de espacios y la comunicaci\u00f3n institucional. El Instituto de Cultura de la Provincia de Corrientes acompa\u00f1a la iniciativa mediante su articulaci\u00f3n con la agenda oficial de la Fiesta Nacional del Chamam\u00e9 y el respaldo institucional correspondiente, mientras que la Fundaci\u00f3n Memoria del Chamam\u00e9 aporta su valioso acervo editorial y documental.<\/p>\n\n\n\n<p><strong>Programaci\u00f3n Lunes 19 de enero<\/strong><\/p>\n\n\n\n<p>25 de Mayo 1141<br>15 a 18.30 hs. Jornada l\u00fadica destinada a infancias: Juegos interactivos con contenido chamamecero por SUSTI | Museo del Chamame Casa &#8220;\u00d1anderec\u00f3&#8221;<\/p>\n\n\n\n<p>San Juan esquina 9 de Julio<br>18 hs. Inauguraci\u00f3n muestra fotogr\u00e1fica &#8220;Sensaci\u00f3n Chamam\u00e9&#8221; de M\u00f3nica Lena | Museo de Arte Contempor\u00e1neo de Corrientes.<\/p>\n\n\n\n<p><strong>Programaci\u00f3n Anfiteatro Mario del Tr\u00e1nsito Cocomarola<br><\/strong><br><strong>Domingo 18 de enero<br>ORDEN DE ACTUACI\u00d3N<\/strong><\/p>\n\n\n\n<p>Inicio \u2013 20 H<br>Ballet<br>Ganador Pre Fiesta<br>Sim\u00f3n Morales<br>Florencia De Pompert<br>Cayo Fern\u00e1ndez<br>Cesar Frette Tr\u00edo<br>Cuarteto Buenos Aires<br>Paquito Aranda<br>Jorge Suligoy y Frutos<br>Cacho Espindola<br>Gustavo Miqueri y Trebol de Ases<br>Tupa<br>Pura Sangre<br>Los Mercede\u00f1os<br>Ivan Ruiz<br>Lucas Segovia<br>Padularosa Romero<br>Marcia Muller<br>Los Guepa Che<\/p>\n\n\n\n<p><strong>Lunes 19 de enero<br>(por orden alfab\u00e9tico)<\/strong><\/p>\n\n\n\n<p>Alfredo Monz\u00f3n<br>Alma Vibrante (PY)<br>Ariel Gauna y su Nueva propuesta<br>Conjunto Sentimiento<br>Cristian Herrera<br>El poderoso Javier Sol\u00eds<br>Ganadora Pre Fiesta Solista vocal: Anah\u00ed Ram\u00edrez<br>Juan de Dios<br>Los Chaque Che<br>La Junta Chamamecera<br>La Pilarcita<br>Los Hermanos Vel\u00e1zquez<br>Los Reales del Litoral<br>Los Pr\u00edncipes de Misiones<br>Miguel Figueroa y su conjunto Amanecer campero<br>Patricia G\u00f3mez<br>Sim\u00f3n de Jes\u00fas Palacios<br>Sof\u00eda Morales<br>Conjunto Vera- Monz\u00f3n<\/p>\n","protected":false},"excerpt":{"rendered":"<p>CHAMAM\u00c9, REFUGIO DE IDENTIDAD Organizada por el Gobierno de Corrientes, a trav\u00e9s del Instituto de Cultura, la 35\u00b0 Fiesta Nacional del Chamam\u00e9 contin\u00faa con sus noches de m\u00fasica y celebraci\u00f3n en el Cocomarola, y con distintas actividades de acceso libre en la ciudad, como tambi\u00e9n bailantas y pe\u00f1as en el interior. Con propuestas culturales de&#8230;<\/p>\n","protected":false},"author":1,"featured_media":1911,"comment_status":"open","ping_status":"closed","sticky":false,"template":"","format":"standard","meta":{"footnotes":""},"categories":[1],"tags":[],"class_list":["post-1910","post","type-post","status-publish","format-standard","has-post-thumbnail","hentry","category-noticias"],"_links":{"self":[{"href":"https:\/\/fiestanacionaldelchamame.com.ar\/index.php?rest_route=\/wp\/v2\/posts\/1910","targetHints":{"allow":["GET"]}}],"collection":[{"href":"https:\/\/fiestanacionaldelchamame.com.ar\/index.php?rest_route=\/wp\/v2\/posts"}],"about":[{"href":"https:\/\/fiestanacionaldelchamame.com.ar\/index.php?rest_route=\/wp\/v2\/types\/post"}],"author":[{"embeddable":true,"href":"https:\/\/fiestanacionaldelchamame.com.ar\/index.php?rest_route=\/wp\/v2\/users\/1"}],"replies":[{"embeddable":true,"href":"https:\/\/fiestanacionaldelchamame.com.ar\/index.php?rest_route=%2Fwp%2Fv2%2Fcomments&post=1910"}],"version-history":[{"count":1,"href":"https:\/\/fiestanacionaldelchamame.com.ar\/index.php?rest_route=\/wp\/v2\/posts\/1910\/revisions"}],"predecessor-version":[{"id":1912,"href":"https:\/\/fiestanacionaldelchamame.com.ar\/index.php?rest_route=\/wp\/v2\/posts\/1910\/revisions\/1912"}],"wp:featuredmedia":[{"embeddable":true,"href":"https:\/\/fiestanacionaldelchamame.com.ar\/index.php?rest_route=\/wp\/v2\/media\/1911"}],"wp:attachment":[{"href":"https:\/\/fiestanacionaldelchamame.com.ar\/index.php?rest_route=%2Fwp%2Fv2%2Fmedia&parent=1910"}],"wp:term":[{"taxonomy":"category","embeddable":true,"href":"https:\/\/fiestanacionaldelchamame.com.ar\/index.php?rest_route=%2Fwp%2Fv2%2Fcategories&post=1910"},{"taxonomy":"post_tag","embeddable":true,"href":"https:\/\/fiestanacionaldelchamame.com.ar\/index.php?rest_route=%2Fwp%2Fv2%2Ftags&post=1910"}],"curies":[{"name":"wp","href":"https:\/\/api.w.org\/{rel}","templated":true}]}}