{"id":1894,"date":"2026-01-15T22:32:14","date_gmt":"2026-01-16T01:32:14","guid":{"rendered":"https:\/\/fiestanacionaldelchamame.com.ar\/?p=1894"},"modified":"2026-01-15T22:32:16","modified_gmt":"2026-01-16T01:32:16","slug":"chamame-con-todos-desembarco-en-el-hogar-nuevo-horizonte","status":"publish","type":"post","link":"https:\/\/fiestanacionaldelchamame.com.ar\/?p=1894","title":{"rendered":"\u201cChamam\u00e9 con Todos\u201d desembarc\u00f3 en el Hogar &#8220;Nuevo Horizonte&#8221;"},"content":{"rendered":"\n<p>En el marco de la 35\u00aa Fiesta Nacional del Chamam\u00e9, el programa \u201cChamam\u00e9 con Todos\u201d vivi\u00f3 ayer una jornada cargada de emoci\u00f3n y cultura en el Hogar Nuevo Horizonte. La iniciativa, que acerca nuestra m\u00fasica a hospitales, geri\u00e1tricos y contextos de encierro, transform\u00f3 el patio de la instituci\u00f3n en una verdadera pista de baile.<\/p>\n\n\n\n<p>Bajo la conducci\u00f3n de Ra\u00fal B\u00e1ez, el evento se extendi\u00f3 por m\u00e1s de una hora, logrando que los m\u00e1s de 50 residentes disfrutaran de un espect\u00e1culo de primer nivel a pesar de las altas temperaturas. El encuentro cont\u00f3 adem\u00e1s con la presencia de Rafael Bustos, Representante Cultural de la Ciudad de Corrientes 2025.<\/p>\n\n\n\n<p><strong>Chamam\u00e9 en comunidad<\/strong><\/p>\n\n\n\n<p>La apertura musical estuvo a cargo del d\u00fao Fern\u00e1ndez Del Valle, quienes presentaron un repertorio de temas propios e instrumentales como \u201cChamameceando\u201d y \u201c\u00d1eca\u201d. Al ritmo de valseados y chotis, los m\u00fasicos \u2014acompa\u00f1ados en dos momentos por Felipe Fern\u00e1ndez\u2014 encendieron el clima festivo entre los presentes.<\/p>\n\n\n\n<p>Luego fue el turno de Lorena Larrea Catterino, quien inici\u00f3 su presentaci\u00f3n con el cl\u00e1sico \u201cCielo de Mantilla\u201d. Con su calidez habitual, la artista se mezcl\u00f3 entre el p\u00fablico para cantar junto a los residentes, piezas fundamentales de nuestro cancionero como \u201cPa\u00f1uelito Blanco\u201d y \u201cForastero del Iber\u00e1\u201d.<\/p>\n\n\n\n<p>A la propuesta musical se sumaron las agrupaciones de baile Guepa Che y Sentido Folclore, ambas de reconocida trayectoria, que aportaron color y movimiento a lo vivido.<\/p>\n\n\n\n<p>De esta manera, \u201cChamam\u00e9 con Todos\u201d logr\u00f3, una vez m\u00e1s, que la esencia de la Fiesta que se desarrolla en el Anfiteatro Mario del Tr\u00e1nsito Cocomarola se traslade a cada rinc\u00f3n de la ciudad. Fue un espacio de convivencia intergeneracional donde ni\u00f1os, j\u00f3venes y adultos mayores celebraron la identidad correntina y de la regi\u00f3n<\/p>\n","protected":false},"excerpt":{"rendered":"<p>En el marco de la 35\u00aa Fiesta Nacional del Chamam\u00e9, el programa \u201cChamam\u00e9 con Todos\u201d vivi\u00f3 ayer una jornada cargada de emoci\u00f3n y cultura en el Hogar Nuevo Horizonte. La iniciativa, que acerca nuestra m\u00fasica a hospitales, geri\u00e1tricos y contextos de encierro, transform\u00f3 el patio de la instituci\u00f3n en una verdadera pista de baile. Bajo&#8230;<\/p>\n","protected":false},"author":1,"featured_media":1890,"comment_status":"open","ping_status":"closed","sticky":false,"template":"","format":"standard","meta":{"footnotes":""},"categories":[1],"tags":[],"class_list":["post-1894","post","type-post","status-publish","format-standard","has-post-thumbnail","hentry","category-noticias"],"_links":{"self":[{"href":"https:\/\/fiestanacionaldelchamame.com.ar\/index.php?rest_route=\/wp\/v2\/posts\/1894","targetHints":{"allow":["GET"]}}],"collection":[{"href":"https:\/\/fiestanacionaldelchamame.com.ar\/index.php?rest_route=\/wp\/v2\/posts"}],"about":[{"href":"https:\/\/fiestanacionaldelchamame.com.ar\/index.php?rest_route=\/wp\/v2\/types\/post"}],"author":[{"embeddable":true,"href":"https:\/\/fiestanacionaldelchamame.com.ar\/index.php?rest_route=\/wp\/v2\/users\/1"}],"replies":[{"embeddable":true,"href":"https:\/\/fiestanacionaldelchamame.com.ar\/index.php?rest_route=%2Fwp%2Fv2%2Fcomments&post=1894"}],"version-history":[{"count":1,"href":"https:\/\/fiestanacionaldelchamame.com.ar\/index.php?rest_route=\/wp\/v2\/posts\/1894\/revisions"}],"predecessor-version":[{"id":1895,"href":"https:\/\/fiestanacionaldelchamame.com.ar\/index.php?rest_route=\/wp\/v2\/posts\/1894\/revisions\/1895"}],"wp:featuredmedia":[{"embeddable":true,"href":"https:\/\/fiestanacionaldelchamame.com.ar\/index.php?rest_route=\/wp\/v2\/media\/1890"}],"wp:attachment":[{"href":"https:\/\/fiestanacionaldelchamame.com.ar\/index.php?rest_route=%2Fwp%2Fv2%2Fmedia&parent=1894"}],"wp:term":[{"taxonomy":"category","embeddable":true,"href":"https:\/\/fiestanacionaldelchamame.com.ar\/index.php?rest_route=%2Fwp%2Fv2%2Fcategories&post=1894"},{"taxonomy":"post_tag","embeddable":true,"href":"https:\/\/fiestanacionaldelchamame.com.ar\/index.php?rest_route=%2Fwp%2Fv2%2Ftags&post=1894"}],"curies":[{"name":"wp","href":"https:\/\/api.w.org\/{rel}","templated":true}]}}